{"id":4850,"date":"2022-08-16T13:34:34","date_gmt":"2022-08-16T16:34:34","guid":{"rendered":"http:\/\/fmtinkunaco.com.ar\/?p=4850"},"modified":"2022-08-16T13:34:34","modified_gmt":"2022-08-16T16:34:34","slug":"elecciones-en-la-unpaz-los-proximos-24-25-y-26-de-agosto","status":"publish","type":"post","link":"https:\/\/fmtinkunaco.ar\/?p=4850","title":{"rendered":"Elecciones en la UNPAZ los pr\u00f3ximos 24, 25 y 26 de agosto"},"content":{"rendered":"<p>Los pr\u00f3ximos 24, 25 y 26 de agosto se realizar\u00e1n las elecciones del centro de estudiantes de la Universidad Nacional de Jos\u00e9. C. Paz (UNPAZ), con 5 listas postuladas que compiten por la presidencia.<\/p>\n<p>Entre las agrupaciones con candidato a presidente se encuentra la Agrupaci\u00f3n Universitaria Patria Unpaz.<br \/>\nEn di\u00e1logo con el programa radial \u201cEncuentro con las Noticias\u201d, Ignacio Romero, integrante de la conducci\u00f3n de la agrupaci\u00f3n se refiri\u00f3 a la conformaci\u00f3n de la agrupaci\u00f3n <em>\u201cEs una agrupaci\u00f3n interdisciplinaria, est\u00e1n todas las carreras, porque hace m\u00e1s de un a\u00f1o que venimos pensando como estudiantes la regi\u00f3n que tenemos y la regi\u00f3n que queremos y en base a eso nos pusimos a planificar las distintas elecciones que por cuestiones de la pandemia no se dieron el a\u00f1o pasado pero si se dan este a\u00f1o. (\u2026) S\u00ed bien la universidad est\u00e1 dividida por departamentos y por carreras, nosotros la vemos en su totalidad, como una universidad p\u00fablica y gratuita que deber\u00eda o que debe impactar en la regi\u00f3n para los pr\u00f3ximos 50 a\u00f1os\u201d.<\/em><\/p>\n<p>Adem\u00e1s, Juli\u00e1n Hern\u00e1ndez, Candidato a Presidente por la carrera de abogac\u00eda se refiri\u00f3 a los principales problemas que reconocen <em>\u201cCreemos que uno de los problemas que tienen los estudiantes es la representaci\u00f3n que tienen, la verdad que ha dejado mucho que desear en pandemia y actualmente los estudiantes no saben qui\u00e9nes son los representantes, quienes es el presidente, el vice, los vocales, y tambi\u00e9n es un problema no conocer a quienes podemos acercarnos para buscar una soluci\u00f3n o para presentar un proyecto porque de parte de los estudiantes hay proyectos muy buenos porque tienen una mirada que sirve para lo que es el desarrollo de la universidad, de la regi\u00f3n\u201d.<\/em><\/p>\n<p>Finalmente, Hern\u00e1ndez, enumer\u00f3 alguna de las propuestas de la Lista 14 Bis <em>\u201cMuchas de las propuestas ya son proyectos, proyectos que presentamos en la mesa de entrada de la universidad como es que se empiece a hablar de una guarder\u00eda, un espacio para aquellos padres y madres que no tienen donde dejar los ni\u00f1os que no es un invento de nosotros sino que es una realidad que viene sucediendo en varias universidades. (\u2026) otro de los proyectos, que tambi\u00e9n tenemos, es que se brinde desde la instituci\u00f3n un espacio donde nosotros como estudiantes podamos practicar lo que es la oratoria. Nosotros tenemos materias te\u00f3ricas pero tenemos muy pocas pr\u00e1cticas, en la carrera tendremos 3 o 4 materias pr\u00e1cticas y nada m\u00e1s. Lo que queremos es un espacio donde podamos practicar oratoria, conocer los roles de la justicia, defensa, fiscal, hacer participar a la poblaci\u00f3n\u201d.\u00a0\u00a0\u00a0<\/em><\/p>\n<p>Las elecciones son el pr\u00f3ximo 24, 25 y 26 de agosto en la Universidad Nacional de Jos\u00e9. C. Paz.<\/p>\n<p>Compartimos la entrevista completa<\/p>\n<p><a href=\"https:\/\/archive.org\/details\/audio-ignacio-romero-y-julian-hernandez-patria-unpaz-16-08-2022\">Descargar<\/p>\n<p><\/a><\/p>\n<audio class=\"wp-audio-shortcode\" id=\"audio-4850-2\" preload=\"none\" style=\"width: 100%;\" controls=\"controls\"><source type=\"audio\/mpeg\" src=\"https:\/\/archive.org\/download\/audio-ignacio-romero-y-julian-hernandez-patria-unpaz-16-08-2022\/AUDIO%20-%20IGNACIO%20ROMERO%20Y%20JULIAN%20HERNANDEZ%20%28PATRIA%20UNPAZ%29%2016%2008%202022.mp3?_=2\" \/><a href=\"https:\/\/archive.org\/download\/audio-ignacio-romero-y-julian-hernandez-patria-unpaz-16-08-2022\/AUDIO%20-%20IGNACIO%20ROMERO%20Y%20JULIAN%20HERNANDEZ%20%28PATRIA%20UNPAZ%29%2016%2008%202022.mp3\">https:\/\/archive.org\/download\/audio-ignacio-romero-y-julian-hernandez-patria-unpaz-16-08-2022\/AUDIO%20-%20IGNACIO%20ROMERO%20Y%20JULIAN%20HERNANDEZ%20%28PATRIA%20UNPAZ%29%2016%2008%202022.mp3<\/a><\/audio>\n<div class=\"powerpress_player\" id=\"powerpress_player_762\"><audio class=\"wp-audio-shortcode\" id=\"audio-4850-1\" preload=\"none\" style=\"width: 100%;\" controls=\"controls\"><source type=\"audio\/mpeg\" src=\"https:\/\/archive.org\/download\/audio-ignacio-romero-y-julian-hernandez-patria-unpaz-16-08-2022\/AUDIO%20-%20IGNACIO%20ROMERO%20Y%20JULIAN%20HERNANDEZ%20%28PATRIA%20UNPAZ%29%2016%2008%202022.mp3?_=1\" \/><a href=\"https:\/\/archive.org\/download\/audio-ignacio-romero-y-julian-hernandez-patria-unpaz-16-08-2022\/AUDIO%20-%20IGNACIO%20ROMERO%20Y%20JULIAN%20HERNANDEZ%20%28PATRIA%20UNPAZ%29%2016%2008%202022.mp3\">https:\/\/archive.org\/download\/audio-ignacio-romero-y-julian-hernandez-patria-unpaz-16-08-2022\/AUDIO%20-%20IGNACIO%20ROMERO%20Y%20JULIAN%20HERNANDEZ%20%28PATRIA%20UNPAZ%29%2016%2008%202022.mp3<\/a><\/audio><\/div><p class=\"powerpress_links powerpress_links_mp3\" style=\"margin-bottom: 1px !important;\">Podcast: <a href=\"https:\/\/archive.org\/download\/audio-ignacio-romero-y-julian-hernandez-patria-unpaz-16-08-2022\/AUDIO%20-%20IGNACIO%20ROMERO%20Y%20JULIAN%20HERNANDEZ%20%28PATRIA%20UNPAZ%29%2016%2008%202022.mp3\" class=\"powerpress_link_pinw\" target=\"_blank\" title=\"Reproducir en una nueva ventana\" onclick=\"return powerpress_pinw('https:\/\/fmtinkunaco.ar\/?powerpress_pinw=4850-podcast');\" rel=\"nofollow\">Reproducir en una nueva ventana<\/a> | <a href=\"https:\/\/archive.org\/download\/audio-ignacio-romero-y-julian-hernandez-patria-unpaz-16-08-2022\/AUDIO%20-%20IGNACIO%20ROMERO%20Y%20JULIAN%20HERNANDEZ%20%28PATRIA%20UNPAZ%29%2016%2008%202022.mp3\" class=\"powerpress_link_d\" title=\"Descargar\" rel=\"nofollow\" download=\"AUDIO%20-%20IGNACIO%20ROMERO%20Y%20JULIAN%20HERNANDEZ%20%28PATRIA%20UNPAZ%29%2016%2008%202022.mp3\">Descargar<\/a><\/p>","protected":false},"excerpt":{"rendered":"<p>Los pr\u00f3ximos 24, 25 y 26 de agosto se realizar\u00e1n las elecciones del centro de estudiantes de la Universidad Nacional de Jos\u00e9. C. Paz (UNPAZ), con 5 listas postuladas que compiten por la presidencia. Entre las agrupaciones con candidato a presidente se encuentra la Agrupaci\u00f3n Universitaria Patria Unpaz. En di\u00e1logo con el programa radial \u201cEncuentro [&hellip;]<\/p>\n","protected":false},"author":1,"featured_media":4851,"comment_status":"open","ping_status":"open","sticky":false,"template":"","format":"standard","meta":{"footnotes":""},"categories":[8],"tags":[],"class_list":["post-4850","post","type-post","status-publish","format-standard","has-post-thumbnail","hentry","category-sem-categoria"],"_links":{"self":[{"href":"https:\/\/fmtinkunaco.ar\/index.php?rest_route=\/wp\/v2\/posts\/4850","targetHints":{"allow":["GET"]}}],"collection":[{"href":"https:\/\/fmtinkunaco.ar\/index.php?rest_route=\/wp\/v2\/posts"}],"about":[{"href":"https:\/\/fmtinkunaco.ar\/index.php?rest_route=\/wp\/v2\/types\/post"}],"author":[{"embeddable":true,"href":"https:\/\/fmtinkunaco.ar\/index.php?rest_route=\/wp\/v2\/users\/1"}],"replies":[{"embeddable":true,"href":"https:\/\/fmtinkunaco.ar\/index.php?rest_route=%2Fwp%2Fv2%2Fcomments&post=4850"}],"version-history":[{"count":0,"href":"https:\/\/fmtinkunaco.ar\/index.php?rest_route=\/wp\/v2\/posts\/4850\/revisions"}],"wp:featuredmedia":[{"embeddable":true,"href":"https:\/\/fmtinkunaco.ar\/index.php?rest_route=\/"}],"wp:attachment":[{"href":"https:\/\/fmtinkunaco.ar\/index.php?rest_route=%2Fwp%2Fv2%2Fmedia&parent=4850"}],"wp:term":[{"taxonomy":"category","embeddable":true,"href":"https:\/\/fmtinkunaco.ar\/index.php?rest_route=%2Fwp%2Fv2%2Fcategories&post=4850"},{"taxonomy":"post_tag","embeddable":true,"href":"https:\/\/fmtinkunaco.ar\/index.php?rest_route=%2Fwp%2Fv2%2Ftags&post=4850"}],"curies":[{"name":"wp","href":"https:\/\/api.w.org\/{rel}","templated":true}]}}