{"id":4880,"date":"2022-09-01T13:32:52","date_gmt":"2022-09-01T16:32:52","guid":{"rendered":"http:\/\/fmtinkunaco.com.ar\/?p=4880"},"modified":"2022-09-01T13:32:52","modified_gmt":"2022-09-01T16:32:52","slug":"cicop-los-ajustes-en-areas-sensibles-para-la-comunidad-es-algo-repudiable","status":"publish","type":"post","link":"https:\/\/fmtinkunaco.ar\/?p=4880","title":{"rendered":"CICOP: \u201cLos ajustes en \u00e1reas sensibles para la comunidad, es algo repudiable\u201d"},"content":{"rendered":"<p>La Asociaci\u00f3n Sindical de Trabajadores de la Salud de la Provincia de Buenos Aires se encuentra en pleno proceso de asambleas y con un pr\u00f3ximo Congreso en el que se debatir\u00e1n y definir\u00e1n las medidas a llevar adelante para continuar visibilizando sus reclamos.<\/p>\n<p>Esto se enmarca, adem\u00e1s, en recortes que se est\u00e1n denunciando en diversos sectores de la salud por la cartera nacional.<\/p>\n<p>En di\u00e1logo con el programa radial \u201cEncuentro con las Noticias\u201d, An\u00edbal Ar\u00edstizabal, Secretario Gremial de CICOP, realiz\u00f3 en principio una discriminaci\u00f3n entre la situaci\u00f3n de ajuste a nivel nacional y provincial <em>\u201cHay una situaci\u00f3n heterog\u00e9nea, yo creo que no es comparable lo que esta haciendo Sergio Massa en la cartera nacional y el impacto que genera eso en la cartera nacional de salud que lo que est\u00e1 sucediendo en la provincia de Buenos Aires, que tampoco es un lujo porque los salarios del equipo de salud a\u00fan est\u00e1n esperando la recomposici\u00f3n hist\u00f3rica que nos merecemos, a\u00fan seguimos pluriempleados pero en un escenario que no es equiparable al de naci\u00f3n\u201d.<\/em><\/p>\n<p>Adem\u00e1s, An\u00edbal Ar\u00edstizabal se refiri\u00f3 a los recortes en discapacidad, <em>\u201cVengo siguiendo los testimonios de los prestadores y de los familiares de los pacientes con discapacidades que est\u00e1n siendo vulnerados con esta situaci\u00f3n donde ah\u00ed salen los funcionarios a atajarse, sale Massa, sale la Superintendencia a decir nosotros no estamos haciendo ning\u00fan ajuste, no hay ning\u00fan recorte presupuestario, no hemos recortado estas partidas y eso es cierto pero no es menos cierto que los prestadores hace 6 meses, 9 meses, un a\u00f1o que por ah\u00ed no est\u00e1n cobrando. Entonces hay ah\u00ed una situaci\u00f3n y esa situaci\u00f3n pone en evidencia la necesidad de modificar en un sentido virtuoso el sistema de salud que tenemos. (\u2026) Esta situaci\u00f3n de discapacidad lo que pone en evidencia es que la fragmentaci\u00f3n del sistema de salud es un problema que la pandemia vino a mostrarnos y que estuvo siempre\u201d.<\/em><\/p>\n<p>Aristizabal sostuvo, <em>\u201cLos ajustes en \u00e1reas sensibles para la comunidad, en particular la comunidad m\u00e1s vulnerable, es algo que es muy preocupante, es repudiable; nosotros como gremio nos posicionamos en ese sentido. Si hay un lugar donde no hay que recortar, y por el contrario es donde hay que invertir es en salud\u201d.<\/em><\/p>\n<p>Desde CICOP se encuentran convocando a asambleas y a un Congreso en el d\u00eda de ma\u00f1ana \u201cVamos a discutir varias cosas pero entre ellas vamos a discutir nuestra situaci\u00f3n salarial, y evaluaremos que medida vamos a llevar adelante para visibilizar nuestros reclamos\u201d.<\/p>\n<p>Compartimos la entrevista completa<\/p>\n<p><a href=\"https:\/\/archive.org\/details\/audio-anibal-aristizabal-01-09-2022\">Descargar<\/a><\/p>\n<audio class=\"wp-audio-shortcode\" id=\"audio-4880-2\" preload=\"none\" style=\"width: 100%;\" controls=\"controls\"><source type=\"audio\/mpeg\" src=\"https:\/\/archive.org\/download\/audio-anibal-aristizabal-01-09-2022\/AUDIO%20-%20ANIBAL%20ARISTIZABAL%2001%2009%202022.mp3?_=2\" \/><a href=\"https:\/\/archive.org\/download\/audio-anibal-aristizabal-01-09-2022\/AUDIO%20-%20ANIBAL%20ARISTIZABAL%2001%2009%202022.mp3\">https:\/\/archive.org\/download\/audio-anibal-aristizabal-01-09-2022\/AUDIO%20-%20ANIBAL%20ARISTIZABAL%2001%2009%202022.mp3<\/a><\/audio>\n<div class=\"powerpress_player\" id=\"powerpress_player_4033\"><audio class=\"wp-audio-shortcode\" id=\"audio-4880-1\" preload=\"none\" style=\"width: 100%;\" controls=\"controls\"><source type=\"audio\/mpeg\" src=\"https:\/\/archive.org\/download\/audio-anibal-aristizabal-01-09-2022\/AUDIO%20-%20ANIBAL%20ARISTIZABAL%2001%2009%202022.mp3?_=1\" \/><a href=\"https:\/\/archive.org\/download\/audio-anibal-aristizabal-01-09-2022\/AUDIO%20-%20ANIBAL%20ARISTIZABAL%2001%2009%202022.mp3\">https:\/\/archive.org\/download\/audio-anibal-aristizabal-01-09-2022\/AUDIO%20-%20ANIBAL%20ARISTIZABAL%2001%2009%202022.mp3<\/a><\/audio><\/div><p class=\"powerpress_links powerpress_links_mp3\" style=\"margin-bottom: 1px !important;\">Podcast: <a href=\"https:\/\/archive.org\/download\/audio-anibal-aristizabal-01-09-2022\/AUDIO%20-%20ANIBAL%20ARISTIZABAL%2001%2009%202022.mp3\" class=\"powerpress_link_pinw\" target=\"_blank\" title=\"Reproducir en una nueva ventana\" onclick=\"return powerpress_pinw('https:\/\/fmtinkunaco.ar\/?powerpress_pinw=4880-podcast');\" rel=\"nofollow\">Reproducir en una nueva ventana<\/a> | <a href=\"https:\/\/archive.org\/download\/audio-anibal-aristizabal-01-09-2022\/AUDIO%20-%20ANIBAL%20ARISTIZABAL%2001%2009%202022.mp3\" class=\"powerpress_link_d\" title=\"Descargar\" rel=\"nofollow\" download=\"AUDIO%20-%20ANIBAL%20ARISTIZABAL%2001%2009%202022.mp3\">Descargar<\/a><\/p>","protected":false},"excerpt":{"rendered":"<p>La Asociaci\u00f3n Sindical de Trabajadores de la Salud de la Provincia de Buenos Aires se encuentra en pleno proceso de asambleas y con un pr\u00f3ximo Congreso en el que se debatir\u00e1n y definir\u00e1n las medidas a llevar adelante para continuar visibilizando sus reclamos. Esto se enmarca, adem\u00e1s, en recortes que se est\u00e1n denunciando en diversos [&hellip;]<\/p>\n","protected":false},"author":1,"featured_media":4881,"comment_status":"open","ping_status":"open","sticky":false,"template":"","format":"standard","meta":{"footnotes":""},"categories":[7],"tags":[],"class_list":["post-4880","post","type-post","status-publish","format-standard","has-post-thumbnail","hentry","category-salud"],"_links":{"self":[{"href":"https:\/\/fmtinkunaco.ar\/index.php?rest_route=\/wp\/v2\/posts\/4880","targetHints":{"allow":["GET"]}}],"collection":[{"href":"https:\/\/fmtinkunaco.ar\/index.php?rest_route=\/wp\/v2\/posts"}],"about":[{"href":"https:\/\/fmtinkunaco.ar\/index.php?rest_route=\/wp\/v2\/types\/post"}],"author":[{"embeddable":true,"href":"https:\/\/fmtinkunaco.ar\/index.php?rest_route=\/wp\/v2\/users\/1"}],"replies":[{"embeddable":true,"href":"https:\/\/fmtinkunaco.ar\/index.php?rest_route=%2Fwp%2Fv2%2Fcomments&post=4880"}],"version-history":[{"count":0,"href":"https:\/\/fmtinkunaco.ar\/index.php?rest_route=\/wp\/v2\/posts\/4880\/revisions"}],"wp:featuredmedia":[{"embeddable":true,"href":"https:\/\/fmtinkunaco.ar\/index.php?rest_route=\/"}],"wp:attachment":[{"href":"https:\/\/fmtinkunaco.ar\/index.php?rest_route=%2Fwp%2Fv2%2Fmedia&parent=4880"}],"wp:term":[{"taxonomy":"category","embeddable":true,"href":"https:\/\/fmtinkunaco.ar\/index.php?rest_route=%2Fwp%2Fv2%2Fcategories&post=4880"},{"taxonomy":"post_tag","embeddable":true,"href":"https:\/\/fmtinkunaco.ar\/index.php?rest_route=%2Fwp%2Fv2%2Ftags&post=4880"}],"curies":[{"name":"wp","href":"https:\/\/api.w.org\/{rel}","templated":true}]}}