{"id":4883,"date":"2022-09-01T15:56:06","date_gmt":"2022-09-01T18:56:06","guid":{"rendered":"http:\/\/fmtinkunaco.com.ar\/?p=4883"},"modified":"2022-09-01T15:56:06","modified_gmt":"2022-09-01T18:56:06","slug":"cuartel-v-inicio-el-espacio-abierto-para-la-comunidad-lgbti","status":"publish","type":"post","link":"https:\/\/fmtinkunaco.ar\/?p=4883","title":{"rendered":"Cuartel V: Inicio el Espacio abierto para la comunidad LGBTI+"},"content":{"rendered":"<p>En el Centro Educativo El Colmenar, ubicado en Cuartel V, inici\u00f3 el pasado jueves 29 de agosto el Espacio Abierto para la Comunidad LGBTI+.<\/p>\n<p>Este espacio pretende ser un lugar de contenci\u00f3n, escucha, orientaci\u00f3n y visibilizaci\u00f3n para la comunidad que se re\u00fane todos los jueves de 17 a 19.30hs.<\/p>\n<p>En di\u00e1logo con la FM Tinkunaco, Coco Guti\u00e9rrez, activista marica no binario y referente de este espacio se refiri\u00f3 a este lugar de encuentro <em>\u201cEs la primera vez que se realiza esto en Cuartel V, es algo hist\u00f3rico realmente, emocionante estar viajando en este proceso, en este camino lo coordinamos y moderamos con un compa\u00f1ero, amigo, un hombre trans, Luciano; lo coordinamos juntos y somos activistas de la comunidad LGBTIQ+ que hacemos todo a pulm\u00f3n y tenemos la suerte de que varios espacios nos abrieron sus puertas y ahora estamos con este espacio, es todos los jueves de 5 de la tarde a 7 y media\u201d.<\/em><\/p>\n<p>Coco, adem\u00e1s, describi\u00f3 el inicio de este proyecto, <em>\u201cEsta es una idea que yo ten\u00eda en mente porque como persona no binaria voy a un grupo en Moreno, un grupo de pares, de personas no bineries, trans, travestis, y dije por qu\u00e9 no replicar esto en mi territorio porque no hay nada en Cuartel V, algo para la comunidad. Hay un mont\u00f3n de espacios y dem\u00e1s pero sabemos que el colectivo, la comunidad LGBTIQ+ siempre somos los olvidados para la sociedad y mi compa\u00f1ero y amigo Luciano comento sobre esta idea en este espacio y dijeron para lo que quieran tienen las puertas abiertas y el jueves pasado tuvimos el primer encuentro, la convocatoria fue abierta, no solo a la comunidad LGBTIQ+, sino tambi\u00e9n para familiares, amigues o v\u00ednculos porque la idea es ver, por ejemplo, si llegan a venir padres o familiares, poder crear un grupo para esas personas\u201d.<\/em><\/p>\n<p>Finalmente, Coco Guti\u00e9rrez, remarc\u00f3 la felicidad por la conformaci\u00f3n de este espacio <em>\u201cFue muy hermoso, hubo bastante gente, participaron los dos grupos que asist\u00edan al centro educativo para que puedan sumarse, acompa\u00f1ar, y a su vez informarse\u201d.<\/em><\/p>\n<p>El Espacio funciona todos los jueves de 17 a 19.30hs en el \u201cCentro Educativo El Colmenar\u201d, ubicado en Luis Agote 10329 (Barrio Nam\u00fancura, Cuartel V, Moreno).<\/p>\n<p>Compartimos la entrevista completa<\/p>\n<p><a href=\"https:\/\/archive.org\/details\/audio-coco-gutierrez-02-09-2022\">Descargar<\/a><\/p>\n<audio class=\"wp-audio-shortcode\" id=\"audio-4883-2\" preload=\"none\" style=\"width: 100%;\" controls=\"controls\"><source type=\"audio\/mpeg\" src=\"https:\/\/archive.org\/download\/audio-coco-gutierrez-02-09-2022\/AUDIO%20-%20COCO%20GUTIERREZ%2002%2009%202022.mp3?_=2\" \/><a href=\"https:\/\/archive.org\/download\/audio-coco-gutierrez-02-09-2022\/AUDIO%20-%20COCO%20GUTIERREZ%2002%2009%202022.mp3\">https:\/\/archive.org\/download\/audio-coco-gutierrez-02-09-2022\/AUDIO%20-%20COCO%20GUTIERREZ%2002%2009%202022.mp3<\/a><\/audio>\n<p>&nbsp;<\/p>\n<div class=\"powerpress_player\" id=\"powerpress_player_9469\"><audio class=\"wp-audio-shortcode\" id=\"audio-4883-1\" preload=\"none\" style=\"width: 100%;\" controls=\"controls\"><source type=\"audio\/mpeg\" src=\"https:\/\/archive.org\/download\/audio-coco-gutierrez-02-09-2022\/AUDIO%20-%20COCO%20GUTIERREZ%2002%2009%202022.mp3?_=1\" \/><a href=\"https:\/\/archive.org\/download\/audio-coco-gutierrez-02-09-2022\/AUDIO%20-%20COCO%20GUTIERREZ%2002%2009%202022.mp3\">https:\/\/archive.org\/download\/audio-coco-gutierrez-02-09-2022\/AUDIO%20-%20COCO%20GUTIERREZ%2002%2009%202022.mp3<\/a><\/audio><\/div><p class=\"powerpress_links powerpress_links_mp3\" style=\"margin-bottom: 1px !important;\">Podcast: <a href=\"https:\/\/archive.org\/download\/audio-coco-gutierrez-02-09-2022\/AUDIO%20-%20COCO%20GUTIERREZ%2002%2009%202022.mp3\" class=\"powerpress_link_pinw\" target=\"_blank\" title=\"Reproducir en una nueva ventana\" onclick=\"return powerpress_pinw('https:\/\/fmtinkunaco.ar\/?powerpress_pinw=4883-podcast');\" rel=\"nofollow\">Reproducir en una nueva ventana<\/a> | <a href=\"https:\/\/archive.org\/download\/audio-coco-gutierrez-02-09-2022\/AUDIO%20-%20COCO%20GUTIERREZ%2002%2009%202022.mp3\" class=\"powerpress_link_d\" title=\"Descargar\" rel=\"nofollow\" download=\"AUDIO%20-%20COCO%20GUTIERREZ%2002%2009%202022.mp3\">Descargar<\/a><\/p>","protected":false},"excerpt":{"rendered":"<p>En el Centro Educativo El Colmenar, ubicado en Cuartel V, inici\u00f3 el pasado jueves 29 de agosto el Espacio Abierto para la Comunidad LGBTI+. Este espacio pretende ser un lugar de contenci\u00f3n, escucha, orientaci\u00f3n y visibilizaci\u00f3n para la comunidad que se re\u00fane todos los jueves de 17 a 19.30hs. En di\u00e1logo con la FM Tinkunaco, [&hellip;]<\/p>\n","protected":false},"author":1,"featured_media":4884,"comment_status":"open","ping_status":"open","sticky":false,"template":"","format":"standard","meta":{"footnotes":""},"categories":[6],"tags":[],"class_list":["post-4883","post","type-post","status-publish","format-standard","has-post-thumbnail","hentry","category-genero"],"_links":{"self":[{"href":"https:\/\/fmtinkunaco.ar\/index.php?rest_route=\/wp\/v2\/posts\/4883","targetHints":{"allow":["GET"]}}],"collection":[{"href":"https:\/\/fmtinkunaco.ar\/index.php?rest_route=\/wp\/v2\/posts"}],"about":[{"href":"https:\/\/fmtinkunaco.ar\/index.php?rest_route=\/wp\/v2\/types\/post"}],"author":[{"embeddable":true,"href":"https:\/\/fmtinkunaco.ar\/index.php?rest_route=\/wp\/v2\/users\/1"}],"replies":[{"embeddable":true,"href":"https:\/\/fmtinkunaco.ar\/index.php?rest_route=%2Fwp%2Fv2%2Fcomments&post=4883"}],"version-history":[{"count":0,"href":"https:\/\/fmtinkunaco.ar\/index.php?rest_route=\/wp\/v2\/posts\/4883\/revisions"}],"wp:featuredmedia":[{"embeddable":true,"href":"https:\/\/fmtinkunaco.ar\/index.php?rest_route=\/"}],"wp:attachment":[{"href":"https:\/\/fmtinkunaco.ar\/index.php?rest_route=%2Fwp%2Fv2%2Fmedia&parent=4883"}],"wp:term":[{"taxonomy":"category","embeddable":true,"href":"https:\/\/fmtinkunaco.ar\/index.php?rest_route=%2Fwp%2Fv2%2Fcategories&post=4883"},{"taxonomy":"post_tag","embeddable":true,"href":"https:\/\/fmtinkunaco.ar\/index.php?rest_route=%2Fwp%2Fv2%2Ftags&post=4883"}],"curies":[{"name":"wp","href":"https:\/\/api.w.org\/{rel}","templated":true}]}}