{"id":4901,"date":"2022-09-07T14:40:12","date_gmt":"2022-09-07T17:40:12","guid":{"rendered":"http:\/\/fmtinkunaco.com.ar\/?p=4901"},"modified":"2022-09-07T14:40:12","modified_gmt":"2022-09-07T17:40:12","slug":"la-mesa-local-de-ninez-y-adolescencia-se-consolida-y-suma-el-protagonismo-de-las-infancias","status":"publish","type":"post","link":"https:\/\/fmtinkunaco.ar\/?p=4901","title":{"rendered":"La Mesa Local de Ni\u00f1ez y Adolescencia se consolida y suma el protagonismo de las infancias"},"content":{"rendered":"<p>El pasado s\u00e1bado 3 de septiembre la Mesa Local de Ni\u00f1ez y Adolescencia de Jos\u00e9 C. Paz volvi\u00f3 a reunirse, como lo hace el primer s\u00e1bado de cada mes, esta vez en el predio de la Quinta Salvatori.<\/p>\n<p>En di\u00e1logo con el programa radial \u201cEncuentro con las Noticias\u201d, Luc\u00eda Esp\u00edndola, Integrante de la Mesa Local de ni\u00f1ez y adolescencia y Coordinadora del Centro Comunitario Lagarto Juancho, hizo referencia al trabajo que vienen realizando <em>\u201cLo que venimos intentando hace tiempo, ya esta es la segunda vez que intentamos conformarnos como Consejo Local. A\u00f1os anteriores ya estuvimos las organizaciones ah\u00ed luchando mucho para que se conforme el Consejo Local ac\u00e1 en Jos\u00e9. C. Paz y no se pudo dar. Ahora volvimos de nuevo con varios compa\u00f1eros, varias organizaciones y con la parcelaci\u00f3n sobre todo de las pibas y los pibes, los j\u00f3venes que est\u00e1n dentro de lo que es el municipio y para poder escuchar cual es la necesidad porque por ah\u00ed nosotros como adultos pensamos una cosa y ellos tienen necesidades que pasan por otro lado tambien\u201d.<\/em><\/p>\n<p>Las organizaciones que componen la Mesa Local de Ni\u00f1ez y Adolescencia de Jos\u00e9 C. Paz trabajan a diario para garantizar los derechos de ni\u00f1os, ni\u00f1as, adolescentes y j\u00f3venes generando diferentes propuestas formativas, art\u00edsticas, educativas, culturales, recreativas, entre otras. Desde hace a\u00f1os vienen luchando para que el Municipio de Jos\u00e9 C. Paz adhiera a la ley de promoci\u00f3n y Protecci\u00f3n de los Derechos de ni\u00f1os, ni\u00f1as y adolescentes y promueva la creaci\u00f3n del Consejo Local. Pero m\u00e1s all\u00e1 de promesas brindadas por el presidente del Concejo deliberante hasta el momento no se avanz\u00f3 en la ordenanza necesaria.<\/p>\n<p>Durante la jornada de este s\u00e1bado las y los referentes adultos de las organizaciones se reunieron en un espacio asambleario y por otro lado las y los j\u00f3venes tuvieron su espacio de encuentro.<\/p>\n<p>La pr\u00f3xima reuni\u00f3n ser\u00e1 en octubre, previa al tercer encuentro de la Red Provincial de Consejos Locales que se realizar\u00e1 en Chapadmalal.<\/p>\n<p>Compartimos la entrevista completa<\/p>\n<p><a href=\"https:\/\/archive.org\/details\/audio-lucia-espindola-y-jovenes-del-lagarto-07-09\">Descargar<\/a><\/p>\n<audio class=\"wp-audio-shortcode\" id=\"audio-4901-2\" preload=\"none\" style=\"width: 100%;\" controls=\"controls\"><source type=\"audio\/mpeg\" src=\"https:\/\/archive.org\/download\/audio-lucia-espindola-y-jovenes-del-lagarto-07-09\/AUDIO%20-%20LUCIA%20ESPINDOLA%20Y%20JOVENES%20DEL%20LAGARTO%2007%2009.mp3?_=2\" \/><a href=\"https:\/\/archive.org\/download\/audio-lucia-espindola-y-jovenes-del-lagarto-07-09\/AUDIO%20-%20LUCIA%20ESPINDOLA%20Y%20JOVENES%20DEL%20LAGARTO%2007%2009.mp3\">https:\/\/archive.org\/download\/audio-lucia-espindola-y-jovenes-del-lagarto-07-09\/AUDIO%20-%20LUCIA%20ESPINDOLA%20Y%20JOVENES%20DEL%20LAGARTO%2007%2009.mp3<\/a><\/audio>\n<div class=\"powerpress_player\" id=\"powerpress_player_2103\"><audio class=\"wp-audio-shortcode\" id=\"audio-4901-1\" preload=\"none\" style=\"width: 100%;\" controls=\"controls\"><source type=\"audio\/mpeg\" src=\"https:\/\/archive.org\/download\/audio-lucia-espindola-y-jovenes-del-lagarto-07-09\/AUDIO%20-%20LUCIA%20ESPINDOLA%20Y%20JOVENES%20DEL%20LAGARTO%2007%2009.mp3?_=1\" \/><a href=\"https:\/\/archive.org\/download\/audio-lucia-espindola-y-jovenes-del-lagarto-07-09\/AUDIO%20-%20LUCIA%20ESPINDOLA%20Y%20JOVENES%20DEL%20LAGARTO%2007%2009.mp3\">https:\/\/archive.org\/download\/audio-lucia-espindola-y-jovenes-del-lagarto-07-09\/AUDIO%20-%20LUCIA%20ESPINDOLA%20Y%20JOVENES%20DEL%20LAGARTO%2007%2009.mp3<\/a><\/audio><\/div><p class=\"powerpress_links powerpress_links_mp3\" style=\"margin-bottom: 1px !important;\">Podcast: <a href=\"https:\/\/archive.org\/download\/audio-lucia-espindola-y-jovenes-del-lagarto-07-09\/AUDIO%20-%20LUCIA%20ESPINDOLA%20Y%20JOVENES%20DEL%20LAGARTO%2007%2009.mp3\" class=\"powerpress_link_pinw\" target=\"_blank\" title=\"Reproducir en una nueva ventana\" onclick=\"return powerpress_pinw('https:\/\/fmtinkunaco.ar\/?powerpress_pinw=4901-podcast');\" rel=\"nofollow\">Reproducir en una nueva ventana<\/a> | <a href=\"https:\/\/archive.org\/download\/audio-lucia-espindola-y-jovenes-del-lagarto-07-09\/AUDIO%20-%20LUCIA%20ESPINDOLA%20Y%20JOVENES%20DEL%20LAGARTO%2007%2009.mp3\" class=\"powerpress_link_d\" title=\"Descargar\" rel=\"nofollow\" download=\"AUDIO%20-%20LUCIA%20ESPINDOLA%20Y%20JOVENES%20DEL%20LAGARTO%2007%2009.mp3\">Descargar<\/a><\/p>","protected":false},"excerpt":{"rendered":"<p>El pasado s\u00e1bado 3 de septiembre la Mesa Local de Ni\u00f1ez y Adolescencia de Jos\u00e9 C. Paz volvi\u00f3 a reunirse, como lo hace el primer s\u00e1bado de cada mes, esta vez en el predio de la Quinta Salvatori. En di\u00e1logo con el programa radial \u201cEncuentro con las Noticias\u201d, Luc\u00eda Esp\u00edndola, Integrante de la Mesa Local [&hellip;]<\/p>\n","protected":false},"author":1,"featured_media":4902,"comment_status":"open","ping_status":"open","sticky":false,"template":"","format":"standard","meta":{"footnotes":""},"categories":[6],"tags":[],"class_list":["post-4901","post","type-post","status-publish","format-standard","has-post-thumbnail","hentry","category-genero"],"_links":{"self":[{"href":"https:\/\/fmtinkunaco.ar\/index.php?rest_route=\/wp\/v2\/posts\/4901","targetHints":{"allow":["GET"]}}],"collection":[{"href":"https:\/\/fmtinkunaco.ar\/index.php?rest_route=\/wp\/v2\/posts"}],"about":[{"href":"https:\/\/fmtinkunaco.ar\/index.php?rest_route=\/wp\/v2\/types\/post"}],"author":[{"embeddable":true,"href":"https:\/\/fmtinkunaco.ar\/index.php?rest_route=\/wp\/v2\/users\/1"}],"replies":[{"embeddable":true,"href":"https:\/\/fmtinkunaco.ar\/index.php?rest_route=%2Fwp%2Fv2%2Fcomments&post=4901"}],"version-history":[{"count":0,"href":"https:\/\/fmtinkunaco.ar\/index.php?rest_route=\/wp\/v2\/posts\/4901\/revisions"}],"wp:featuredmedia":[{"embeddable":true,"href":"https:\/\/fmtinkunaco.ar\/index.php?rest_route=\/"}],"wp:attachment":[{"href":"https:\/\/fmtinkunaco.ar\/index.php?rest_route=%2Fwp%2Fv2%2Fmedia&parent=4901"}],"wp:term":[{"taxonomy":"category","embeddable":true,"href":"https:\/\/fmtinkunaco.ar\/index.php?rest_route=%2Fwp%2Fv2%2Fcategories&post=4901"},{"taxonomy":"post_tag","embeddable":true,"href":"https:\/\/fmtinkunaco.ar\/index.php?rest_route=%2Fwp%2Fv2%2Ftags&post=4901"}],"curies":[{"name":"wp","href":"https:\/\/api.w.org\/{rel}","templated":true}]}}