{"id":4910,"date":"2022-09-09T10:32:57","date_gmt":"2022-09-09T13:32:57","guid":{"rendered":"http:\/\/fmtinkunaco.com.ar\/?p=4910"},"modified":"2022-09-09T10:32:57","modified_gmt":"2022-09-09T13:32:57","slug":"intensa-busqueda-de-tania-knorpp","status":"publish","type":"post","link":"https:\/\/fmtinkunaco.ar\/?p=4910","title":{"rendered":"Intensa b\u00fasqueda de Tania Knorpp"},"content":{"rendered":"<p>Tania Knorpp es una joven adolescente de 16 a\u00f1os que fue vista por \u00faltima vez el mi\u00e9rcoles 7 de septiembre en el partido de Jos\u00e9. C. Paz.<\/p>\n<p>La joven mide 1, 60; tiene pelo casta\u00f1o claro y ojos verdes.<\/p>\n<p>Seg\u00fan denuncia su pap\u00e1 y la pareja de \u00e9l, la adolescente fue secuestrada por su madre biol\u00f3gica, quien tiene una orden de restricci\u00f3n sobre Tania y su hermana.<\/p>\n<p>En este marco, su familia convoca a una movilizaci\u00f3n en el d\u00eda de hoy en la Fiscal\u00eda N\u00b0 21 de Malvinas Argentinas por su aparici\u00f3n.<\/p>\n<p>En di\u00e1logo con el programa radial \u201cEncuentro con las Noticias\u201d, Daiana Cabrera, Dirigente del Plenario de Trabajadoras de Zona Norte y presente en la movilizaci\u00f3n, nos relat\u00f3 que la familia se encontraba en la Fiscal\u00eda \u201cHace un rato entraron los familiares, a hablar con el Fiscal, con pruebas de que efectivamente entraron a la casa con armas y sacaron a Tania. As\u00ed que b\u00e1sicamente est\u00e1 desesperada, esperando que aparezca Tania. Tienen mucho miedo por la situaci\u00f3n que pasaron, est\u00e1 la hermana m\u00e1s chica de Tania con miedo tambi\u00e9n de que aparezca la madre porque fue la madre la que apareci\u00f3 en el momento del secuestro con el arma\u201d.<\/p>\n<p>Por cualquier informaci\u00f3n comunicarse al 1137057550, 1136572236, 1131993319.<\/p>\n<p>Compartimos la entrevista completa<\/p>\n<p><a href=\"https:\/\/archive.org\/details\/audio-daiana-cabrera\">Descargar<\/a><\/p>\n<audio class=\"wp-audio-shortcode\" id=\"audio-4910-2\" preload=\"none\" style=\"width: 100%;\" controls=\"controls\"><source type=\"audio\/mpeg\" src=\"https:\/\/archive.org\/download\/audio-daiana-cabrera\/AUDIO%20-%20DAIANA%20CABRERA.mp3?_=2\" \/><a href=\"https:\/\/archive.org\/download\/audio-daiana-cabrera\/AUDIO%20-%20DAIANA%20CABRERA.mp3\">https:\/\/archive.org\/download\/audio-daiana-cabrera\/AUDIO%20-%20DAIANA%20CABRERA.mp3<\/a><\/audio>\n<div class=\"powerpress_player\" id=\"powerpress_player_2102\"><audio class=\"wp-audio-shortcode\" id=\"audio-4910-1\" preload=\"none\" style=\"width: 100%;\" controls=\"controls\"><source type=\"audio\/mpeg\" src=\"https:\/\/archive.org\/download\/audio-daiana-cabrera\/AUDIO%20-%20DAIANA%20CABRERA.mp3?_=1\" \/><a href=\"https:\/\/archive.org\/download\/audio-daiana-cabrera\/AUDIO%20-%20DAIANA%20CABRERA.mp3\">https:\/\/archive.org\/download\/audio-daiana-cabrera\/AUDIO%20-%20DAIANA%20CABRERA.mp3<\/a><\/audio><\/div><p class=\"powerpress_links powerpress_links_mp3\" style=\"margin-bottom: 1px !important;\">Podcast: <a href=\"https:\/\/archive.org\/download\/audio-daiana-cabrera\/AUDIO%20-%20DAIANA%20CABRERA.mp3\" class=\"powerpress_link_pinw\" target=\"_blank\" title=\"Reproducir en una nueva ventana\" onclick=\"return powerpress_pinw('https:\/\/fmtinkunaco.ar\/?powerpress_pinw=4910-podcast');\" rel=\"nofollow\">Reproducir en una nueva ventana<\/a> | <a href=\"https:\/\/archive.org\/download\/audio-daiana-cabrera\/AUDIO%20-%20DAIANA%20CABRERA.mp3\" class=\"powerpress_link_d\" title=\"Descargar\" rel=\"nofollow\" download=\"AUDIO%20-%20DAIANA%20CABRERA.mp3\">Descargar<\/a><\/p>","protected":false},"excerpt":{"rendered":"<p>Tania Knorpp es una joven adolescente de 16 a\u00f1os que fue vista por \u00faltima vez el mi\u00e9rcoles 7 de septiembre en el partido de Jos\u00e9. C. Paz. La joven mide 1, 60; tiene pelo casta\u00f1o claro y ojos verdes. Seg\u00fan denuncia su pap\u00e1 y la pareja de \u00e9l, la adolescente fue secuestrada por su madre [&hellip;]<\/p>\n","protected":false},"author":1,"featured_media":4911,"comment_status":"open","ping_status":"open","sticky":false,"template":"","format":"standard","meta":{"footnotes":""},"categories":[6],"tags":[],"class_list":["post-4910","post","type-post","status-publish","format-standard","has-post-thumbnail","hentry","category-genero"],"_links":{"self":[{"href":"https:\/\/fmtinkunaco.ar\/index.php?rest_route=\/wp\/v2\/posts\/4910","targetHints":{"allow":["GET"]}}],"collection":[{"href":"https:\/\/fmtinkunaco.ar\/index.php?rest_route=\/wp\/v2\/posts"}],"about":[{"href":"https:\/\/fmtinkunaco.ar\/index.php?rest_route=\/wp\/v2\/types\/post"}],"author":[{"embeddable":true,"href":"https:\/\/fmtinkunaco.ar\/index.php?rest_route=\/wp\/v2\/users\/1"}],"replies":[{"embeddable":true,"href":"https:\/\/fmtinkunaco.ar\/index.php?rest_route=%2Fwp%2Fv2%2Fcomments&post=4910"}],"version-history":[{"count":0,"href":"https:\/\/fmtinkunaco.ar\/index.php?rest_route=\/wp\/v2\/posts\/4910\/revisions"}],"wp:featuredmedia":[{"embeddable":true,"href":"https:\/\/fmtinkunaco.ar\/index.php?rest_route=\/"}],"wp:attachment":[{"href":"https:\/\/fmtinkunaco.ar\/index.php?rest_route=%2Fwp%2Fv2%2Fmedia&parent=4910"}],"wp:term":[{"taxonomy":"category","embeddable":true,"href":"https:\/\/fmtinkunaco.ar\/index.php?rest_route=%2Fwp%2Fv2%2Fcategories&post=4910"},{"taxonomy":"post_tag","embeddable":true,"href":"https:\/\/fmtinkunaco.ar\/index.php?rest_route=%2Fwp%2Fv2%2Ftags&post=4910"}],"curies":[{"name":"wp","href":"https:\/\/api.w.org\/{rel}","templated":true}]}}