{"id":4957,"date":"2022-09-23T13:41:52","date_gmt":"2022-09-23T16:41:52","guid":{"rendered":"http:\/\/fmtinkunaco.com.ar\/?p=4957"},"modified":"2022-09-23T13:41:52","modified_gmt":"2022-09-23T16:41:52","slug":"nueva-entrada-a-el-campito-de-campo-de-mayo","status":"publish","type":"post","link":"https:\/\/fmtinkunaco.ar\/?p=4957","title":{"rendered":"Nueva entrada a \u201cEl Campito\u201d de Campo de Mayo"},"content":{"rendered":"<p>La Asociaci\u00f3n de Sobrevivientes, Familiares, Compa\u00f1eros y Compa\u00f1eras de Campo de Mayo convocan a una nueva entrada a \u201cEl Campito\u201d de Campo de Mayo bajo el lema \u201cEn recuerdo de todes les j\u00f3venes que lucharon por un mundo mejor\u201d.<\/p>\n<p>La convocatoria es ma\u00f1ana, s\u00e1bado 24 de septiembre, a partir de las 12hs en Ideoate y Roca.<\/p>\n<p>En di\u00e1logo con el programa radial \u201cEncuentro con las Noticias\u201d, Iris Avellaneda, Presidenta de la Asociaci\u00f3n de Sobrevivientes, Familiares, Compa\u00f1eros y Compa\u00f1eras de Campo de Mayo y Presidenta de la Liga Argentina por los Derechos Humanos, se refiri\u00f3 a esta convocatoria <em>\u201cVa a ser un acto, me parece, bastante grande porque hemos pedido el permiso para el d\u00eda s\u00e1bado, para que la gente pueda participar porque el d\u00eda de semana es complicado con los horarios de trabajo, los chicos, las escuelas, por eso yo creo que va a ser bastante grande y contenta porque pensando que vamos a homenajear a nuestros compa\u00f1eros, nuestros queridos compa\u00f1eros que est\u00e1n ah\u00ed, que sabemos que hay enterramiento, y tambi\u00e9n a la juventud. A los chicos estudiantes que han dado su vida, han trabajado duro para un mundo mejor y sin embargo el terrorismo de estado los llev\u00f3 a la muerte\u201d.<\/em><\/p>\n<p>Avellaneda, adem\u00e1s, describi\u00f3 el cronograma de la actividad <em>\u201cEl acto est\u00e1 citado a las 12 para entrar a las 13 al Campito, va a haber oradores, se van a cantar los himnos de todos los partidos pol\u00edticos porque siempre lo hacemos, y va a venir Bruno Arias y tambi\u00e9n Infancia Clandestina que son j\u00f3venes de la Universidad Nacional de General Sarmiento. (\u2026) As\u00ed que a pesar de todo, y de que es un acto triste porque conmemorar as\u00ed y homenajear a los \u00a0desaparecidos no es nada agradable pero para nosotros es una alegr\u00eda que tengamos estos m\u00fasicos que siempre se ofrecen a darnos un poquito de cari\u00f1o, una caricia al alma\u201d.<\/em><\/p>\n<p>La invitaci\u00f3n es ma\u00f1ana, s\u00e1bado 24 de septiembre, a partir de las 12hs en Ideoate y Roca.<\/p>\n<p>Compartimos la entrevista completa<\/p>\n<p><a href=\"https:\/\/archive.org\/details\/audio-iris-avellaneda-23-09-2022\">Descargar<\/a><\/p>\n<audio class=\"wp-audio-shortcode\" id=\"audio-4957-2\" preload=\"none\" style=\"width: 100%;\" controls=\"controls\"><source type=\"audio\/mpeg\" src=\"https:\/\/archive.org\/download\/audio-iris-avellaneda-23-09-2022\/AUDIO%20-%20IRIS%20AVELLANEDA%2023%2009%202022.mp3?_=2\" \/><a href=\"https:\/\/archive.org\/download\/audio-iris-avellaneda-23-09-2022\/AUDIO%20-%20IRIS%20AVELLANEDA%2023%2009%202022.mp3\">https:\/\/archive.org\/download\/audio-iris-avellaneda-23-09-2022\/AUDIO%20-%20IRIS%20AVELLANEDA%2023%2009%202022.mp3<\/a><\/audio>\n<div class=\"powerpress_player\" id=\"powerpress_player_1581\"><audio class=\"wp-audio-shortcode\" id=\"audio-4957-1\" preload=\"none\" style=\"width: 100%;\" controls=\"controls\"><source type=\"audio\/mpeg\" src=\"https:\/\/archive.org\/download\/audio-iris-avellaneda-23-09-2022\/AUDIO%20-%20IRIS%20AVELLANEDA%2023%2009%202022.mp3?_=1\" \/><a href=\"https:\/\/archive.org\/download\/audio-iris-avellaneda-23-09-2022\/AUDIO%20-%20IRIS%20AVELLANEDA%2023%2009%202022.mp3\">https:\/\/archive.org\/download\/audio-iris-avellaneda-23-09-2022\/AUDIO%20-%20IRIS%20AVELLANEDA%2023%2009%202022.mp3<\/a><\/audio><\/div><p class=\"powerpress_links powerpress_links_mp3\" style=\"margin-bottom: 1px !important;\">Podcast: <a href=\"https:\/\/archive.org\/download\/audio-iris-avellaneda-23-09-2022\/AUDIO%20-%20IRIS%20AVELLANEDA%2023%2009%202022.mp3\" class=\"powerpress_link_pinw\" target=\"_blank\" title=\"Reproducir en una nueva ventana\" onclick=\"return powerpress_pinw('https:\/\/fmtinkunaco.ar\/?powerpress_pinw=4957-podcast');\" rel=\"nofollow\">Reproducir en una nueva ventana<\/a> | <a href=\"https:\/\/archive.org\/download\/audio-iris-avellaneda-23-09-2022\/AUDIO%20-%20IRIS%20AVELLANEDA%2023%2009%202022.mp3\" class=\"powerpress_link_d\" title=\"Descargar\" rel=\"nofollow\" download=\"AUDIO%20-%20IRIS%20AVELLANEDA%2023%2009%202022.mp3\">Descargar<\/a><\/p>","protected":false},"excerpt":{"rendered":"<p>La Asociaci\u00f3n de Sobrevivientes, Familiares, Compa\u00f1eros y Compa\u00f1eras de Campo de Mayo convocan a una nueva entrada a \u201cEl Campito\u201d de Campo de Mayo bajo el lema \u201cEn recuerdo de todes les j\u00f3venes que lucharon por un mundo mejor\u201d. La convocatoria es ma\u00f1ana, s\u00e1bado 24 de septiembre, a partir de las 12hs en Ideoate y [&hellip;]<\/p>\n","protected":false},"author":1,"featured_media":4958,"comment_status":"open","ping_status":"open","sticky":false,"template":"","format":"standard","meta":{"footnotes":""},"categories":[4],"tags":[],"class_list":["post-4957","post","type-post","status-publish","format-standard","has-post-thumbnail","hentry","category-derechos-humanos"],"_links":{"self":[{"href":"https:\/\/fmtinkunaco.ar\/index.php?rest_route=\/wp\/v2\/posts\/4957","targetHints":{"allow":["GET"]}}],"collection":[{"href":"https:\/\/fmtinkunaco.ar\/index.php?rest_route=\/wp\/v2\/posts"}],"about":[{"href":"https:\/\/fmtinkunaco.ar\/index.php?rest_route=\/wp\/v2\/types\/post"}],"author":[{"embeddable":true,"href":"https:\/\/fmtinkunaco.ar\/index.php?rest_route=\/wp\/v2\/users\/1"}],"replies":[{"embeddable":true,"href":"https:\/\/fmtinkunaco.ar\/index.php?rest_route=%2Fwp%2Fv2%2Fcomments&post=4957"}],"version-history":[{"count":0,"href":"https:\/\/fmtinkunaco.ar\/index.php?rest_route=\/wp\/v2\/posts\/4957\/revisions"}],"wp:featuredmedia":[{"embeddable":true,"href":"https:\/\/fmtinkunaco.ar\/index.php?rest_route=\/"}],"wp:attachment":[{"href":"https:\/\/fmtinkunaco.ar\/index.php?rest_route=%2Fwp%2Fv2%2Fmedia&parent=4957"}],"wp:term":[{"taxonomy":"category","embeddable":true,"href":"https:\/\/fmtinkunaco.ar\/index.php?rest_route=%2Fwp%2Fv2%2Fcategories&post=4957"},{"taxonomy":"post_tag","embeddable":true,"href":"https:\/\/fmtinkunaco.ar\/index.php?rest_route=%2Fwp%2Fv2%2Ftags&post=4957"}],"curies":[{"name":"wp","href":"https:\/\/api.w.org\/{rel}","templated":true}]}}