{"id":4963,"date":"2022-09-27T10:32:18","date_gmt":"2022-09-27T13:32:18","guid":{"rendered":"http:\/\/fmtinkunaco.com.ar\/?p=4963"},"modified":"2022-09-27T10:32:18","modified_gmt":"2022-09-27T13:32:18","slug":"las-trabajadoras-y-trabajadores-del-patronato-de-liberados-bonaerense-se-declaran-en-estado-de-paro","status":"publish","type":"post","link":"https:\/\/fmtinkunaco.ar\/?p=4963","title":{"rendered":"Las trabajadoras y trabajadores del Patronato de Liberados Bonaerense se declaran en estado de paro"},"content":{"rendered":"<p>Los trabajadores y las trabajadoras del Patronato de Liberados Bonaerense convocan a paro y acciones, hoy martes 27 de septiembre.<\/p>\n<p>Las principales exigencias responden a:<br \/>\n&#8211; Aumento de emergencia<br \/>\n&#8211; Pases a planta permanente<br \/>\n&#8211; Todos los sueldos por igual encima de la inflaci\u00f3n<\/p>\n<p>En di\u00e1logo con el programa radial \u201cEncuentro con las Noticias\u201d, Romina Rosas, Trabajadora del Patronato de Liberados de la provincia de Buenos Aires, se refiri\u00f3 a la situaci\u00f3n <em>\u201cLos motivos del paro son los que venimos sufriendo como pueblo en general, necesitamos que nos aumenten el salario en forma urgente, nuestros sueldos tienen que estar por arriba de la inflaci\u00f3n porque es imposible si no vivir de un salario. Tambi\u00e9n necesitamos el ingreso de profesionales, en el caso particular del Patronato se han ido muchas colegas, compa\u00f1eras quedando bastante vaciado el Organismo. Ya de movida es un organismo muy poco financiado, se han ido muchos colegas. Entonces si bien ahora ingresaron dos profesionales, necesitamos reponer todos los cargos que se perdieron durante la gesti\u00f3n de Vidal y la gesti\u00f3n actual\u201d.<\/em><\/p>\n<p>Rosas, adem\u00e1s sum\u00f3, <em>\u201cEn nuestros reclamos tambi\u00e9n est\u00e1n presentes los reclamos de la poblaci\u00f3n, y es el aumento en los programas sociales porque con lo que se est\u00e1 pagando hoy d\u00eda en los programas sociales a una persona que sale de estar privada de la libertad o est\u00e1 en una situaci\u00f3n de vulnerabilidad, no le alcanza para comprar nada, son muy muy magros y nos ha sucedido en diferentes situaci\u00f3n, una persona que est\u00e1 transitando una situaci\u00f3n de violencia de g\u00e9nero no le alcanza tampoco para comprarse un par de chapas. Entonces quedan absolutamente obsoletos si no van acorde a la situaci\u00f3n inflacionaria del pa\u00eds\u201d.<\/em><\/p>\n<p>Los trabajadores y trabajadoras le dan car\u00e1cter activo a este paro con la prioridad del reclamo salarial por encima de la canasta familiar, algo que remarcan no podr\u00e1 conseguirse si sigue en pie el acuerdo con el FMI.<\/p>\n<p>Y sostienen <em>paramos porque para garantizar buenas intervenciones se necesitan profesionales en todas las oficinas, para que no nos estalle la cabeza necesitamos tener un solo trabajo y bien pago. Porque queremos trabajar para vivir y tambi\u00e9n queremos estudiar, jugar con nuestrxs hijxs, aprender cosas, hacer deportes. Y lo mismo queremos para la poblaci\u00f3n con la que trabajamos. \u00a1Queremos una vida digna de ser vivida!.<\/em><\/p>\n<p>Compartimos el testimonio completo<\/p>\n<p><a href=\"https:\/\/archive.org\/details\/audio-romina-rosas-patronato-deliberado-27-09-2022_202209\">Descargar<\/a><\/p>\n<audio class=\"wp-audio-shortcode\" id=\"audio-4963-2\" preload=\"none\" style=\"width: 100%;\" controls=\"controls\"><source type=\"audio\/mpeg\" src=\"https:\/\/archive.org\/download\/audio-romina-rosas-patronato-deliberado-27-09-2022_202209\/AUDIO%20-%20ROMINA%20ROSAS%20%28PATRONATO%20DELIBERADO%29%2027%2009%202022.mp3?_=2\" \/><a href=\"https:\/\/archive.org\/download\/audio-romina-rosas-patronato-deliberado-27-09-2022_202209\/AUDIO%20-%20ROMINA%20ROSAS%20%28PATRONATO%20DELIBERADO%29%2027%2009%202022.mp3\">https:\/\/archive.org\/download\/audio-romina-rosas-patronato-deliberado-27-09-2022_202209\/AUDIO%20-%20ROMINA%20ROSAS%20%28PATRONATO%20DELIBERADO%29%2027%2009%202022.mp3<\/a><\/audio>\n<div class=\"powerpress_player\" id=\"powerpress_player_4686\"><audio class=\"wp-audio-shortcode\" id=\"audio-4963-1\" preload=\"none\" style=\"width: 100%;\" controls=\"controls\"><source type=\"audio\/mpeg\" src=\"https:\/\/archive.org\/download\/audio-romina-rosas-patronato-deliberado-27-09-2022_202209\/AUDIO%20-%20ROMINA%20ROSAS%20%28PATRONATO%20DELIBERADO%29%2027%2009%202022.mp3?_=1\" \/><a href=\"https:\/\/archive.org\/download\/audio-romina-rosas-patronato-deliberado-27-09-2022_202209\/AUDIO%20-%20ROMINA%20ROSAS%20%28PATRONATO%20DELIBERADO%29%2027%2009%202022.mp3\">https:\/\/archive.org\/download\/audio-romina-rosas-patronato-deliberado-27-09-2022_202209\/AUDIO%20-%20ROMINA%20ROSAS%20%28PATRONATO%20DELIBERADO%29%2027%2009%202022.mp3<\/a><\/audio><\/div><p class=\"powerpress_links powerpress_links_mp3\" style=\"margin-bottom: 1px !important;\">Podcast: <a href=\"https:\/\/archive.org\/download\/audio-romina-rosas-patronato-deliberado-27-09-2022_202209\/AUDIO%20-%20ROMINA%20ROSAS%20%28PATRONATO%20DELIBERADO%29%2027%2009%202022.mp3\" class=\"powerpress_link_pinw\" target=\"_blank\" title=\"Reproducir en una nueva ventana\" onclick=\"return powerpress_pinw('https:\/\/fmtinkunaco.ar\/?powerpress_pinw=4963-podcast');\" rel=\"nofollow\">Reproducir en una nueva ventana<\/a> | <a href=\"https:\/\/archive.org\/download\/audio-romina-rosas-patronato-deliberado-27-09-2022_202209\/AUDIO%20-%20ROMINA%20ROSAS%20%28PATRONATO%20DELIBERADO%29%2027%2009%202022.mp3\" class=\"powerpress_link_d\" title=\"Descargar\" rel=\"nofollow\" download=\"AUDIO%20-%20ROMINA%20ROSAS%20%28PATRONATO%20DELIBERADO%29%2027%2009%202022.mp3\">Descargar<\/a><\/p>","protected":false},"excerpt":{"rendered":"<p>Los trabajadores y las trabajadoras del Patronato de Liberados Bonaerense convocan a paro y acciones, hoy martes 27 de septiembre. Las principales exigencias responden a: &#8211; Aumento de emergencia &#8211; Pases a planta permanente &#8211; Todos los sueldos por igual encima de la inflaci\u00f3n En di\u00e1logo con el programa radial \u201cEncuentro con las Noticias\u201d, Romina [&hellip;]<\/p>\n","protected":false},"author":1,"featured_media":4964,"comment_status":"open","ping_status":"open","sticky":false,"template":"","format":"standard","meta":{"footnotes":""},"categories":[8],"tags":[],"class_list":["post-4963","post","type-post","status-publish","format-standard","has-post-thumbnail","hentry","category-sem-categoria"],"_links":{"self":[{"href":"https:\/\/fmtinkunaco.ar\/index.php?rest_route=\/wp\/v2\/posts\/4963","targetHints":{"allow":["GET"]}}],"collection":[{"href":"https:\/\/fmtinkunaco.ar\/index.php?rest_route=\/wp\/v2\/posts"}],"about":[{"href":"https:\/\/fmtinkunaco.ar\/index.php?rest_route=\/wp\/v2\/types\/post"}],"author":[{"embeddable":true,"href":"https:\/\/fmtinkunaco.ar\/index.php?rest_route=\/wp\/v2\/users\/1"}],"replies":[{"embeddable":true,"href":"https:\/\/fmtinkunaco.ar\/index.php?rest_route=%2Fwp%2Fv2%2Fcomments&post=4963"}],"version-history":[{"count":0,"href":"https:\/\/fmtinkunaco.ar\/index.php?rest_route=\/wp\/v2\/posts\/4963\/revisions"}],"wp:featuredmedia":[{"embeddable":true,"href":"https:\/\/fmtinkunaco.ar\/index.php?rest_route=\/"}],"wp:attachment":[{"href":"https:\/\/fmtinkunaco.ar\/index.php?rest_route=%2Fwp%2Fv2%2Fmedia&parent=4963"}],"wp:term":[{"taxonomy":"category","embeddable":true,"href":"https:\/\/fmtinkunaco.ar\/index.php?rest_route=%2Fwp%2Fv2%2Fcategories&post=4963"},{"taxonomy":"post_tag","embeddable":true,"href":"https:\/\/fmtinkunaco.ar\/index.php?rest_route=%2Fwp%2Fv2%2Ftags&post=4963"}],"curies":[{"name":"wp","href":"https:\/\/api.w.org\/{rel}","templated":true}]}}