{"id":5009,"date":"2022-10-12T15:24:37","date_gmt":"2022-10-12T18:24:37","guid":{"rendered":"http:\/\/fmtinkunaco.com.ar\/?p=5009"},"modified":"2022-10-12T15:24:37","modified_gmt":"2022-10-12T18:24:37","slug":"12-de-octubre-dia-del-respeto-a-la-diversidad-cultural","status":"publish","type":"post","link":"https:\/\/fmtinkunaco.ar\/?p=5009","title":{"rendered":"12 de octubre: D\u00eda del Respeto a la Diversidad Cultural"},"content":{"rendered":"<p>Hoy, 12 de octubre, es el D\u00eda del Respeto a la Diversidad Cultural desde el 2010 con el objetivo de promover y reflexionar hist\u00f3ricamente.<br \/>\nPreviamente era considerado el \u201cD\u00eda de la Raza\u201d intentando conmemorar la llegada de Crist\u00f3bal Colon a nuestro continente.<\/p>\n<p>En di\u00e1logo con el programa radial \u201cEncuentro con las Noticias\u201d, Beatriz Alor, integrante del Ciclo de Reencuentros con Pueblos Originarios, se refiri\u00f3 a esta conmemoraci\u00f3n <em>\u201cHoy estamos a 530 a\u00f1os de este sometimiento, de esta idea todav\u00eda del descubrimiento de Am\u00e9rica donde todo el tiempo tenemos que seguir deconstruyendo, todo el tiempo tenemos que seguir desarmando esas ideas, esos imaginarios y tambi\u00e9n tenemos que seguir trabajando para que nuestras generaciones puedan tener un pasar un poquito mejor y seguir pensando tambi\u00e9n en la protecci\u00f3n y el cuidado de nuestra Pachamama y de todo lo que nos rodea\u201d.<\/em><\/p>\n<p>Alor, adem\u00e1s, remarc\u00f3\u00a0<em>\u201cLas comunidades, los pueblos, las naciones originarias estamos muy pendiente de todos los materiales nuevos que incluso aparecen para resguardar esta idea de que los Pueblos Ind\u00edgenas todav\u00eda seguimos presentes, seguimos vivos, seguimos aqu\u00ed en la urbanidad tambi\u00e9n porque todav\u00eda est\u00e1 muy presente esta idea de que los pueblos ind\u00edgenas viven en zonas rurales o en las provincias, muy en el monte tambi\u00e9n, entonces las comunidades de la Buenos Aires Ind\u00edgena, los que hoy estamos tambi\u00e9n transitando estos territorios, tenemos un trabajo muy grande de visibilizacion y reivindicaci\u00f3n de nuestras identidades, nuestras particularidades, de nuestras pr\u00e1cticas, de nuestra ancestralidad, de nuestra espiritualidad en estos espacios urbanos que tanto nos ha negado y se ha creido esta idea de la Argentina blanca, descendiente de europeos\u201d.<\/em><\/p>\n<p>En el marco de esta d\u00eda, esta tarde se realiza la marcha que se realiza hace muchos a\u00f1os y encabezan las comunidades que se encuentran en Buenos Aires, la misma se realizar\u00e1 en la Plaza Congreso, a partir de las 18 hs.<\/p>\n<p>Compartimos la entrevista completa<\/p>\n<p><a href=\"https:\/\/archive.org\/details\/audio-beatriz-alor-12-10-2022\">Descargar<\/a><\/p>\n<audio class=\"wp-audio-shortcode\" id=\"audio-5009-2\" preload=\"none\" style=\"width: 100%;\" controls=\"controls\"><source type=\"audio\/mpeg\" src=\"https:\/\/archive.org\/download\/audio-beatriz-alor-12-10-2022\/AUDIO%20-%20BEATRIZ%20ALOR%2012%2010%202022.mp3?_=2\" \/><a href=\"https:\/\/archive.org\/download\/audio-beatriz-alor-12-10-2022\/AUDIO%20-%20BEATRIZ%20ALOR%2012%2010%202022.mp3\">https:\/\/archive.org\/download\/audio-beatriz-alor-12-10-2022\/AUDIO%20-%20BEATRIZ%20ALOR%2012%2010%202022.mp3<\/a><\/audio>\n<div class=\"powerpress_player\" id=\"powerpress_player_7441\"><audio class=\"wp-audio-shortcode\" id=\"audio-5009-1\" preload=\"none\" style=\"width: 100%;\" controls=\"controls\"><source type=\"audio\/mpeg\" src=\"https:\/\/archive.org\/download\/audio-beatriz-alor-12-10-2022\/AUDIO%20-%20BEATRIZ%20ALOR%2012%2010%202022.mp3?_=1\" \/><a href=\"https:\/\/archive.org\/download\/audio-beatriz-alor-12-10-2022\/AUDIO%20-%20BEATRIZ%20ALOR%2012%2010%202022.mp3\">https:\/\/archive.org\/download\/audio-beatriz-alor-12-10-2022\/AUDIO%20-%20BEATRIZ%20ALOR%2012%2010%202022.mp3<\/a><\/audio><\/div><p class=\"powerpress_links powerpress_links_mp3\" style=\"margin-bottom: 1px !important;\">Podcast: <a href=\"https:\/\/archive.org\/download\/audio-beatriz-alor-12-10-2022\/AUDIO%20-%20BEATRIZ%20ALOR%2012%2010%202022.mp3\" class=\"powerpress_link_pinw\" target=\"_blank\" title=\"Reproducir en una nueva ventana\" onclick=\"return powerpress_pinw('https:\/\/fmtinkunaco.ar\/?powerpress_pinw=5009-podcast');\" rel=\"nofollow\">Reproducir en una nueva ventana<\/a> | <a href=\"https:\/\/archive.org\/download\/audio-beatriz-alor-12-10-2022\/AUDIO%20-%20BEATRIZ%20ALOR%2012%2010%202022.mp3\" class=\"powerpress_link_d\" title=\"Descargar\" rel=\"nofollow\" download=\"AUDIO%20-%20BEATRIZ%20ALOR%2012%2010%202022.mp3\">Descargar<\/a><\/p>","protected":false},"excerpt":{"rendered":"<p>Hoy, 12 de octubre, es el D\u00eda del Respeto a la Diversidad Cultural desde el 2010 con el objetivo de promover y reflexionar hist\u00f3ricamente. Previamente era considerado el \u201cD\u00eda de la Raza\u201d intentando conmemorar la llegada de Crist\u00f3bal Colon a nuestro continente. En di\u00e1logo con el programa radial \u201cEncuentro con las Noticias\u201d, Beatriz Alor, integrante [&hellip;]<\/p>\n","protected":false},"author":1,"featured_media":5010,"comment_status":"open","ping_status":"open","sticky":false,"template":"","format":"standard","meta":{"footnotes":""},"categories":[4],"tags":[],"class_list":["post-5009","post","type-post","status-publish","format-standard","has-post-thumbnail","hentry","category-derechos-humanos"],"_links":{"self":[{"href":"https:\/\/fmtinkunaco.ar\/index.php?rest_route=\/wp\/v2\/posts\/5009","targetHints":{"allow":["GET"]}}],"collection":[{"href":"https:\/\/fmtinkunaco.ar\/index.php?rest_route=\/wp\/v2\/posts"}],"about":[{"href":"https:\/\/fmtinkunaco.ar\/index.php?rest_route=\/wp\/v2\/types\/post"}],"author":[{"embeddable":true,"href":"https:\/\/fmtinkunaco.ar\/index.php?rest_route=\/wp\/v2\/users\/1"}],"replies":[{"embeddable":true,"href":"https:\/\/fmtinkunaco.ar\/index.php?rest_route=%2Fwp%2Fv2%2Fcomments&post=5009"}],"version-history":[{"count":0,"href":"https:\/\/fmtinkunaco.ar\/index.php?rest_route=\/wp\/v2\/posts\/5009\/revisions"}],"wp:featuredmedia":[{"embeddable":true,"href":"https:\/\/fmtinkunaco.ar\/index.php?rest_route=\/"}],"wp:attachment":[{"href":"https:\/\/fmtinkunaco.ar\/index.php?rest_route=%2Fwp%2Fv2%2Fmedia&parent=5009"}],"wp:term":[{"taxonomy":"category","embeddable":true,"href":"https:\/\/fmtinkunaco.ar\/index.php?rest_route=%2Fwp%2Fv2%2Fcategories&post=5009"},{"taxonomy":"post_tag","embeddable":true,"href":"https:\/\/fmtinkunaco.ar\/index.php?rest_route=%2Fwp%2Fv2%2Ftags&post=5009"}],"curies":[{"name":"wp","href":"https:\/\/api.w.org\/{rel}","templated":true}]}}