{"id":5029,"date":"2022-10-18T15:10:51","date_gmt":"2022-10-18T18:10:51","guid":{"rendered":"http:\/\/fmtinkunaco.com.ar\/?p=5029"},"modified":"2022-10-18T15:10:51","modified_gmt":"2022-10-18T18:10:51","slug":"jose-c-paz-la-mesa-de-ninez-camino-al-encuentro-de-la-red-provincial-de-consejos-locales","status":"publish","type":"post","link":"https:\/\/fmtinkunaco.ar\/?p=5029","title":{"rendered":"Jos\u00e9. C. Paz: La Mesa de Ni\u00f1ez camino al encuentro de la Red Provincial de Consejos Locales"},"content":{"rendered":"<p>Los pr\u00f3ximos 4 y 5 de noviembre se desarrollar\u00e1 el 6\u00b0 Encuentro Provincial de Consejos Locales de Ni\u00f1eces y Adolescencias de la Provincia de Buenos Aires en Chapadmalal.<\/p>\n<p>Desde el partido de Jos\u00e9. C. Paz, la Mesa de Ni\u00f1eces y Adolescencias que tiene como objetivo urgente que el Municipio liderado por Ishii adhiera a la Ley de Promoci\u00f3n y Protecci\u00f3n de los Derechos de ni\u00f1os, ni\u00f1as y adolescentes y promueva la creaci\u00f3n del Consejo Local, participara representando a este espacio.<\/p>\n<p>En di\u00e1logo con el programa radial \u201cEncuentro con las Noticias\u201d, Mat\u00edas Santill\u00e1n, Trabajador Social e integrante de las Mesa de Ni\u00f1eces y Adolescencias del partido de Jos\u00e9. C. Paz, se refiri\u00f3 a la alta participaci\u00f3n de j\u00f3venes en la \u00faltima reuni\u00f3n del espacio, <em>\u201cEstamos muy contentos y contentas desde la Mesa porque se est\u00e1 incrementando la participaci\u00f3n de j\u00f3venes en el espacio con un rol bastante protag\u00f3nico entonces eso es creo lo que sostiene\u201d.<\/em><\/p>\n<p>Santill\u00e1n, adem\u00e1s, se refiri\u00f3 a la representaci\u00f3n de la Mesa en Chapadmalal <em>\u201cYa estamos ultimando detalles para poder viajar, para poder acompa\u00f1ar, la verdad que estamos muy bien representados; en este caso asistir\u00e1n j\u00f3venes del Lagarto Juancho representando al resto de las instituciones y la verdad que estamos muy contentos por ello\u201d.<\/em><\/p>\n<p>Finalmente, Santill\u00e1n, confirm\u00f3 que se encuentran esperando la respuesta por parte del Concejo Deliberante pace\u00f1o sobre la creaci\u00f3n del Consejo <em>\u201cEstamos esperando la respuesta, incluso uno apela a veces a los medios informales como para decir de poder juntarnos pero hasta ahora es como que prorrogan. Seguramente nos va a pasar como el a\u00f1o pasado que nos tiren para diciembre cuando ya las sesiones cerraron y esas cosas por el estilo. Es una apreciaci\u00f3n m\u00eda. (\u2026) El di\u00e1logo con el municipio la verdad es que por ahora es escueto\u201d.<\/em><\/p>\n<p>Compartimos le entrevista completa<\/p>\n<p><a href=\"https:\/\/archive.org\/details\/audio-matias-santillan-mesa-de-nin-ez-18-10-2022\">Descargar<\/a><\/p>\n<audio class=\"wp-audio-shortcode\" id=\"audio-5029-2\" preload=\"none\" style=\"width: 100%;\" controls=\"controls\"><source type=\"audio\/mpeg\" src=\"https:\/\/archive.org\/download\/audio-matias-santillan-mesa-de-nin-ez-18-10-2022\/AUDIO%20-%20MATIAS%20SANTILLAN%20%28MESA%20DE%20NI%C3%91EZ%29%2018%2010%202022.mp3?_=2\" \/><a href=\"https:\/\/archive.org\/download\/audio-matias-santillan-mesa-de-nin-ez-18-10-2022\/AUDIO%20-%20MATIAS%20SANTILLAN%20%28MESA%20DE%20NI%C3%91EZ%29%2018%2010%202022.mp3\">https:\/\/archive.org\/download\/audio-matias-santillan-mesa-de-nin-ez-18-10-2022\/AUDIO%20-%20MATIAS%20SANTILLAN%20%28MESA%20DE%20NI%C3%91EZ%29%2018%2010%202022.mp3<\/a><\/audio>\n<div class=\"powerpress_player\" id=\"powerpress_player_6232\"><audio class=\"wp-audio-shortcode\" id=\"audio-5029-1\" preload=\"none\" style=\"width: 100%;\" controls=\"controls\"><source type=\"audio\/mpeg\" src=\"https:\/\/archive.org\/download\/audio-matias-santillan-mesa-de-nin-ez-18-10-2022\/AUDIO%20-%20MATIAS%20SANTILLAN%20%28MESA%20DE%20NI%C3%91EZ%29%2018%2010%202022.mp3?_=1\" \/><a href=\"https:\/\/archive.org\/download\/audio-matias-santillan-mesa-de-nin-ez-18-10-2022\/AUDIO%20-%20MATIAS%20SANTILLAN%20%28MESA%20DE%20NI%C3%91EZ%29%2018%2010%202022.mp3\">https:\/\/archive.org\/download\/audio-matias-santillan-mesa-de-nin-ez-18-10-2022\/AUDIO%20-%20MATIAS%20SANTILLAN%20%28MESA%20DE%20NI%C3%91EZ%29%2018%2010%202022.mp3<\/a><\/audio><\/div><p class=\"powerpress_links powerpress_links_mp3\" style=\"margin-bottom: 1px !important;\">Podcast: <a href=\"https:\/\/archive.org\/download\/audio-matias-santillan-mesa-de-nin-ez-18-10-2022\/AUDIO%20-%20MATIAS%20SANTILLAN%20%28MESA%20DE%20NI%C3%91EZ%29%2018%2010%202022.mp3\" class=\"powerpress_link_pinw\" target=\"_blank\" title=\"Reproducir en una nueva ventana\" onclick=\"return powerpress_pinw('https:\/\/fmtinkunaco.ar\/?powerpress_pinw=5029-podcast');\" rel=\"nofollow\">Reproducir en una nueva ventana<\/a> | <a href=\"https:\/\/archive.org\/download\/audio-matias-santillan-mesa-de-nin-ez-18-10-2022\/AUDIO%20-%20MATIAS%20SANTILLAN%20%28MESA%20DE%20NI%C3%91EZ%29%2018%2010%202022.mp3\" class=\"powerpress_link_d\" title=\"Descargar\" rel=\"nofollow\" download=\"AUDIO%20-%20MATIAS%20SANTILLAN%20%28MESA%20DE%20NI%C3%91EZ%29%2018%2010%202022.mp3\">Descargar<\/a><\/p>","protected":false},"excerpt":{"rendered":"<p>Los pr\u00f3ximos 4 y 5 de noviembre se desarrollar\u00e1 el 6\u00b0 Encuentro Provincial de Consejos Locales de Ni\u00f1eces y Adolescencias de la Provincia de Buenos Aires en Chapadmalal. Desde el partido de Jos\u00e9. C. Paz, la Mesa de Ni\u00f1eces y Adolescencias que tiene como objetivo urgente que el Municipio liderado por Ishii adhiera a la [&hellip;]<\/p>\n","protected":false},"author":1,"featured_media":5030,"comment_status":"open","ping_status":"open","sticky":false,"template":"","format":"standard","meta":{"footnotes":""},"categories":[4],"tags":[],"class_list":["post-5029","post","type-post","status-publish","format-standard","has-post-thumbnail","hentry","category-derechos-humanos"],"_links":{"self":[{"href":"https:\/\/fmtinkunaco.ar\/index.php?rest_route=\/wp\/v2\/posts\/5029","targetHints":{"allow":["GET"]}}],"collection":[{"href":"https:\/\/fmtinkunaco.ar\/index.php?rest_route=\/wp\/v2\/posts"}],"about":[{"href":"https:\/\/fmtinkunaco.ar\/index.php?rest_route=\/wp\/v2\/types\/post"}],"author":[{"embeddable":true,"href":"https:\/\/fmtinkunaco.ar\/index.php?rest_route=\/wp\/v2\/users\/1"}],"replies":[{"embeddable":true,"href":"https:\/\/fmtinkunaco.ar\/index.php?rest_route=%2Fwp%2Fv2%2Fcomments&post=5029"}],"version-history":[{"count":0,"href":"https:\/\/fmtinkunaco.ar\/index.php?rest_route=\/wp\/v2\/posts\/5029\/revisions"}],"wp:featuredmedia":[{"embeddable":true,"href":"https:\/\/fmtinkunaco.ar\/index.php?rest_route=\/"}],"wp:attachment":[{"href":"https:\/\/fmtinkunaco.ar\/index.php?rest_route=%2Fwp%2Fv2%2Fmedia&parent=5029"}],"wp:term":[{"taxonomy":"category","embeddable":true,"href":"https:\/\/fmtinkunaco.ar\/index.php?rest_route=%2Fwp%2Fv2%2Fcategories&post=5029"},{"taxonomy":"post_tag","embeddable":true,"href":"https:\/\/fmtinkunaco.ar\/index.php?rest_route=%2Fwp%2Fv2%2Ftags&post=5029"}],"curies":[{"name":"wp","href":"https:\/\/api.w.org\/{rel}","templated":true}]}}