{"id":5045,"date":"2022-10-20T14:21:52","date_gmt":"2022-10-20T17:21:52","guid":{"rendered":"http:\/\/fmtinkunaco.com.ar\/?p=5045"},"modified":"2022-10-20T14:21:52","modified_gmt":"2022-10-20T17:21:52","slug":"jose-c-paz-la-asamblea-en-defensa-de-las-salitas-se-movilizara-por-la-salud-publica","status":"publish","type":"post","link":"https:\/\/fmtinkunaco.ar\/?p=5045","title":{"rendered":"Jos\u00e9. C. Paz: La Asamblea en defensa de las salitas se movilizar\u00e1 por la salud p\u00fablica"},"content":{"rendered":"<p>La Asamblea en defensa de las salitas, que tuvo sus inicios como la asamblea no al cierre de las salitas, se volvi\u00f3 a reunir el pasado s\u00e1bado frente a la falta de respuestas por parte de las autoridades del municipio de Jos\u00e9. C. Paz y luego de las promesas que realizaron a comienzo de este a\u00f1o.<\/p>\n<p>En di\u00e1logo con el programa radial \u201cEncuentro con las Noticias\u201d, Marcelo Ochoa, Agente Multiplicador de Salud e integrante de la Asamblea en defensa de la salud, se refiri\u00f3 a la demora en volver a reunirse <em>\u201cQuisimos agotar todas las instancias de di\u00e1logo formal con las autoridades locales, decirte que en el mes de abril de manera escrita y a trav\u00e9s de varias comunicaciones de tel\u00e9fonos personales solicitamos una reuni\u00f3n formal despu\u00e9s de la movilizaci\u00f3n del a\u00f1o pasado donde se nos prometieron varios profesionales y hasta el d\u00eda de hoy no se concret\u00f3 esa reuni\u00f3n con las autoridades\u201d.<\/em><\/p>\n<p>Ochoa, adem\u00e1s, describi\u00f3 la situaci\u00f3n en los barrios pace\u00f1os <em>\u201cLa realidad de los barrios es que hoy una familia que no tiene m\u00e1s que el sistema p\u00fablico para atenderse tiene que estar atento a la propaganda de ciertos concejales o propio del Facebook de la Secretaria de Salud para saber d\u00f3nde se va a hacer el evento y la campa\u00f1a que habitualmente hacen para tratar de trasladarse hasta ah\u00ed, alguna plaza, alguna iglesia a alg\u00fan centro comunitario con sus hijos para completar calendario de vacunaci\u00f3n o para que le firmen la libreta para la asignaci\u00f3n universal. Es decir, tenes que estar invirtiendo, fuera de su barrio, tratar de trasladarse y de llegar al turno y eso implica el desarme de y el punto final tambi\u00e9n para el sentido que tienen las salitas en los barrios, que es la de crear referencia y sensibilidad a la hora de brindar un servicio de salud\u201d.<\/em><\/p>\n<p>Marcelo Ochoa, finalmente confirm\u00f3 que se van a estar actualizando los datos de los \u00faltimos relevamientos respecto a la situaci\u00f3n de los centros de salud y que se prev\u00e9 una movilizaci\u00f3n <em>\u201cEn estos d\u00edas estamos actualizando este relevamiento para hacerlo p\u00fablico a trav\u00e9s de las redes como hemos hecho siempre y con la idea de que eso sea un insumo a la hora de tener que reunirnos con las autoridades que, lamentablemente, tendr\u00e1 que sea a trav\u00e9s y por intermedio de una movilizaci\u00f3n como lo hicimos todos estos a\u00f1os. En Jos\u00e9. C. Paz el di\u00e1logo institucionalizado, la articulaci\u00f3n con las organizaciones o los vecinos de a pie que tienen algo que decir es imposible. Entonces hay que demostrar fuerza, salir a la calle para que nos escuchen, el \u00fanico m\u00e9todo que con las voces cr\u00edticas reconoce el poder local\u201d.<\/em><\/p>\n<p>La movilizaci\u00f3n en defensa de la salud se prev\u00e9 para los primeros d\u00edas del mes de noviembre.<\/p>\n<p>Compartimos la entrevista completa<\/p>\n<p><a href=\"https:\/\/archive.org\/details\/audio-marcelo-ochoa-20-10-2022\">Descargar<\/a><\/p>\n<audio class=\"wp-audio-shortcode\" id=\"audio-5045-2\" preload=\"none\" style=\"width: 100%;\" controls=\"controls\"><source type=\"audio\/mpeg\" src=\"https:\/\/archive.org\/download\/audio-marcelo-ochoa-20-10-2022\/AUDIO%20-%20MARCELO%20OCHOA%2020%2010%202022.mp3?_=2\" \/><a href=\"https:\/\/archive.org\/download\/audio-marcelo-ochoa-20-10-2022\/AUDIO%20-%20MARCELO%20OCHOA%2020%2010%202022.mp3\">https:\/\/archive.org\/download\/audio-marcelo-ochoa-20-10-2022\/AUDIO%20-%20MARCELO%20OCHOA%2020%2010%202022.mp3<\/a><\/audio>\n<p>&nbsp;<\/p>\n<p>&nbsp;<\/p>\n<div class=\"powerpress_player\" id=\"powerpress_player_5951\"><audio class=\"wp-audio-shortcode\" id=\"audio-5045-1\" preload=\"none\" style=\"width: 100%;\" controls=\"controls\"><source type=\"audio\/mpeg\" src=\"https:\/\/archive.org\/download\/audio-marcelo-ochoa-20-10-2022\/AUDIO%20-%20MARCELO%20OCHOA%2020%2010%202022.mp3?_=1\" \/><a href=\"https:\/\/archive.org\/download\/audio-marcelo-ochoa-20-10-2022\/AUDIO%20-%20MARCELO%20OCHOA%2020%2010%202022.mp3\">https:\/\/archive.org\/download\/audio-marcelo-ochoa-20-10-2022\/AUDIO%20-%20MARCELO%20OCHOA%2020%2010%202022.mp3<\/a><\/audio><\/div><p class=\"powerpress_links powerpress_links_mp3\" style=\"margin-bottom: 1px !important;\">Podcast: <a href=\"https:\/\/archive.org\/download\/audio-marcelo-ochoa-20-10-2022\/AUDIO%20-%20MARCELO%20OCHOA%2020%2010%202022.mp3\" class=\"powerpress_link_pinw\" target=\"_blank\" title=\"Reproducir en una nueva ventana\" onclick=\"return powerpress_pinw('https:\/\/fmtinkunaco.ar\/?powerpress_pinw=5045-podcast');\" rel=\"nofollow\">Reproducir en una nueva ventana<\/a> | <a href=\"https:\/\/archive.org\/download\/audio-marcelo-ochoa-20-10-2022\/AUDIO%20-%20MARCELO%20OCHOA%2020%2010%202022.mp3\" class=\"powerpress_link_d\" title=\"Descargar\" rel=\"nofollow\" download=\"AUDIO%20-%20MARCELO%20OCHOA%2020%2010%202022.mp3\">Descargar<\/a><\/p>","protected":false},"excerpt":{"rendered":"<p>La Asamblea en defensa de las salitas, que tuvo sus inicios como la asamblea no al cierre de las salitas, se volvi\u00f3 a reunir el pasado s\u00e1bado frente a la falta de respuestas por parte de las autoridades del municipio de Jos\u00e9. C. Paz y luego de las promesas que realizaron a comienzo de este [&hellip;]<\/p>\n","protected":false},"author":1,"featured_media":5046,"comment_status":"open","ping_status":"open","sticky":false,"template":"","format":"standard","meta":{"footnotes":""},"categories":[8],"tags":[],"class_list":["post-5045","post","type-post","status-publish","format-standard","has-post-thumbnail","hentry","category-sem-categoria"],"_links":{"self":[{"href":"https:\/\/fmtinkunaco.ar\/index.php?rest_route=\/wp\/v2\/posts\/5045","targetHints":{"allow":["GET"]}}],"collection":[{"href":"https:\/\/fmtinkunaco.ar\/index.php?rest_route=\/wp\/v2\/posts"}],"about":[{"href":"https:\/\/fmtinkunaco.ar\/index.php?rest_route=\/wp\/v2\/types\/post"}],"author":[{"embeddable":true,"href":"https:\/\/fmtinkunaco.ar\/index.php?rest_route=\/wp\/v2\/users\/1"}],"replies":[{"embeddable":true,"href":"https:\/\/fmtinkunaco.ar\/index.php?rest_route=%2Fwp%2Fv2%2Fcomments&post=5045"}],"version-history":[{"count":0,"href":"https:\/\/fmtinkunaco.ar\/index.php?rest_route=\/wp\/v2\/posts\/5045\/revisions"}],"wp:featuredmedia":[{"embeddable":true,"href":"https:\/\/fmtinkunaco.ar\/index.php?rest_route=\/"}],"wp:attachment":[{"href":"https:\/\/fmtinkunaco.ar\/index.php?rest_route=%2Fwp%2Fv2%2Fmedia&parent=5045"}],"wp:term":[{"taxonomy":"category","embeddable":true,"href":"https:\/\/fmtinkunaco.ar\/index.php?rest_route=%2Fwp%2Fv2%2Fcategories&post=5045"},{"taxonomy":"post_tag","embeddable":true,"href":"https:\/\/fmtinkunaco.ar\/index.php?rest_route=%2Fwp%2Fv2%2Ftags&post=5045"}],"curies":[{"name":"wp","href":"https:\/\/api.w.org\/{rel}","templated":true}]}}