{"id":5048,"date":"2022-10-21T13:58:59","date_gmt":"2022-10-21T16:58:59","guid":{"rendered":"http:\/\/fmtinkunaco.com.ar\/?p=5048"},"modified":"2022-10-21T13:58:59","modified_gmt":"2022-10-21T16:58:59","slug":"espacio-de-memoria-de-campo-de-mayo-esperamos-el-10-de-diciembre-estar-poniendo-la-piedra-fundacional","status":"publish","type":"post","link":"https:\/\/fmtinkunaco.ar\/?p=5048","title":{"rendered":"Espacio de Memoria de Campo de Mayo: \u201cEsperamos el 10 de diciembre estar poniendo la piedra fundacional\u201d"},"content":{"rendered":"<p>El <a href=\"http:\/\/fmtinkunaco.com.ar\/asi-sera-el-espacio-para-la-memoria-y-promocion-de-los-derechos-humanos-campo-de-mayo\/?fbclid=IwAR24NoH_x-jiQzbQwLhGAr_LU7Vd8vthVyMWN6x4Vv2yFXRFP6cQUz2rcXM\">Espacio de Memoria de Campo de Mayo<\/a> es un proyecto impulsado por la Secretar\u00eda de Derechos Humanos de la Naci\u00f3n, en coordinaci\u00f3n con los ministerios de Obras P\u00fablicas y de Defensa que prev\u00e9 abrir sus puertas en el 2023.<\/p>\n<p>Adem\u00e1s, para concretar parte del dise\u00f1o del proyecto, la Secretar\u00eda convoc\u00f3, a trav\u00e9s del Archivo Nacional de la Memoria (ANM), al Instituto de Arquitectura y Urbanismo de la Universidad Nacional de San Mart\u00edn a estudiantes de las facultades de Arquitectura de las universidades nacionales de San Mart\u00edn, Buenos Aires y Rosario.<\/p>\n<p>En di\u00e1logo con el programa radial \u201cEncuentro con las Noticias\u201d, Marcelo Castillo, Presidente del Archivo Nacional de la Memoria, se refiri\u00f3 a este proyecto por el Sitio de Memoria <em>\u201cEl Proyecto que incluye el Espacio de Memoria de Campo de Mayo y el Sitio de Memoria tiene que ver con crear un Espacio de Memoria sobre un terreno que no est\u00e1 vinculado a un funcionamiento represivo y otro sector, que se vincula con una calle, de lo que fueron las instalaciones donde funciono en Centro Clandestino de Detenci\u00f3n y Exterminio El Campito. El proyecto, b\u00e1sicamente, es una particularidad ya desde esa situaci\u00f3n porque se plantea esta cuesti\u00f3n de construcci\u00f3n de esos dos espacios en donde no funciono un centro clandestino f\u00edsicamente y en otro lugar que s\u00ed. Por qu\u00e9 se ancla en ese lugar el proyecto, porque la puerta 6 Bis, que es donde va a estar, es una de las puertas que estaba vinculada al ingreso de uso militar en la \u00e9poca de la dictadura\u201d.<\/em><\/p>\n<p>El Sitio de Memoria en Campo de Mayo tendr\u00e1 un acceso por la ruta 202 y Presidente Per\u00f3n con un plaza abierta a la comunidad, un memorial y un camino interno que conecte con \u201cEl Campito\u201d uno de los cuatro centros clandestinos de detenci\u00f3n, tortura y exterminio que funcion\u00f3 en Campo de Mayo durante la \u00faltima dictadura militar y que fuera se\u00f1alizado en septiembre del 2019.<\/p>\n<p>Castillo, se refiri\u00f3, adem\u00e1s a la licitaci\u00f3n de este Espacio de Memoria <em>\u201cLos sobres se abren la semana que viene, sabemos que ha habido dos empresas esta semana que visitaron el lugar, la semana anterior hubo otra empresa, lo cual para nosotros es s\u00edntoma de inter\u00e9s y de que va a haber presentaci\u00f3n de propuestas y tambi\u00e9n estuvimos respondiendo preguntas de las empresas, los equipos t\u00e9cnicos estuvieron trabajando, lo cual en t\u00e9rminos disciplinares sabemos que es una buena se\u00f1al. Y la obra tiene un plazo, a partir de que empieza por la modalidad de contrataci\u00f3n, de un a\u00f1o; tiene etapas prioritarias, para ir haciendo algunos avances de presentaci\u00f3n. Hay una etapa de construcci\u00f3n colectiva y hay un tiempo administrativo inicial que dura entre 45 y 60 d\u00edas donde el Estado verifica y estudia que la empresa cumpla con todos los requisitos que el Estado requiere para poder adjudicar una obra\u201d.<\/em><\/p>\n<p>Marcelo Castillo, finalmente, confirm\u00f3 que el objetivo es poner la piedra funcional el pr\u00f3ximo 10 de diciembre <em>\u201cNosotros estamos muy contentos con esta instancia de proyecto, que est\u00e1 consolidado por todos lados, que tiene Decreto, financiamiento, actividades en marcha y esperamos el 10 de diciembre estar poniendo la piedra fundacional ah\u00ed en el lugar, para empezar a ver el sue\u00f1o este de muchas y muchos familiares, sobrevivientes, compa\u00f1eros y compa\u00f1eras de organizaciones de derechos humanos y pol\u00edticos que est\u00e1n atr\u00e1s de esto, que son m\u00e1s de 9, a diferencia de otras comisiones que est\u00e1n en otros lugares; poder llevar adelante este lugar que nos va a permitir tener pol\u00edticas p\u00fablicas en el territorio que es lo que verdaderamente importa\u201d.<\/em><\/p>\n<p>Compartimos la entrevista completa<\/p>\n<p><a href=\"https:\/\/archive.org\/details\/audio-marcelo-castillo-21-10-2022\">Descargar<\/a><\/p>\n<audio class=\"wp-audio-shortcode\" id=\"audio-5048-2\" preload=\"none\" style=\"width: 100%;\" controls=\"controls\"><source type=\"audio\/mpeg\" src=\"https:\/\/archive.org\/download\/audio-marcelo-castillo-21-10-2022\/AUDIO%20-%20MARCELO%20CASTILLO%2021%2010%202022.mp3?_=2\" \/><a href=\"https:\/\/archive.org\/download\/audio-marcelo-castillo-21-10-2022\/AUDIO%20-%20MARCELO%20CASTILLO%2021%2010%202022.mp3\">https:\/\/archive.org\/download\/audio-marcelo-castillo-21-10-2022\/AUDIO%20-%20MARCELO%20CASTILLO%2021%2010%202022.mp3<\/a><\/audio>\n<p>&nbsp;<\/p>\n<div class=\"powerpress_player\" id=\"powerpress_player_7762\"><audio class=\"wp-audio-shortcode\" id=\"audio-5048-1\" preload=\"none\" style=\"width: 100%;\" controls=\"controls\"><source type=\"audio\/mpeg\" src=\"https:\/\/archive.org\/download\/audio-marcelo-castillo-21-10-2022\/AUDIO%20-%20MARCELO%20CASTILLO%2021%2010%202022.mp3?_=1\" \/><a href=\"https:\/\/archive.org\/download\/audio-marcelo-castillo-21-10-2022\/AUDIO%20-%20MARCELO%20CASTILLO%2021%2010%202022.mp3\">https:\/\/archive.org\/download\/audio-marcelo-castillo-21-10-2022\/AUDIO%20-%20MARCELO%20CASTILLO%2021%2010%202022.mp3<\/a><\/audio><\/div><p class=\"powerpress_links powerpress_links_mp3\" style=\"margin-bottom: 1px !important;\">Podcast: <a href=\"https:\/\/archive.org\/download\/audio-marcelo-castillo-21-10-2022\/AUDIO%20-%20MARCELO%20CASTILLO%2021%2010%202022.mp3\" class=\"powerpress_link_pinw\" target=\"_blank\" title=\"Reproducir en una nueva ventana\" onclick=\"return powerpress_pinw('https:\/\/fmtinkunaco.ar\/?powerpress_pinw=5048-podcast');\" rel=\"nofollow\">Reproducir en una nueva ventana<\/a> | <a href=\"https:\/\/archive.org\/download\/audio-marcelo-castillo-21-10-2022\/AUDIO%20-%20MARCELO%20CASTILLO%2021%2010%202022.mp3\" class=\"powerpress_link_d\" title=\"Descargar\" rel=\"nofollow\" download=\"AUDIO%20-%20MARCELO%20CASTILLO%2021%2010%202022.mp3\">Descargar<\/a><\/p>","protected":false},"excerpt":{"rendered":"<p>El Espacio de Memoria de Campo de Mayo es un proyecto impulsado por la Secretar\u00eda de Derechos Humanos de la Naci\u00f3n, en coordinaci\u00f3n con los ministerios de Obras P\u00fablicas y de Defensa que prev\u00e9 abrir sus puertas en el 2023. Adem\u00e1s, para concretar parte del dise\u00f1o del proyecto, la Secretar\u00eda convoc\u00f3, a trav\u00e9s del Archivo [&hellip;]<\/p>\n","protected":false},"author":1,"featured_media":4875,"comment_status":"open","ping_status":"open","sticky":false,"template":"","format":"standard","meta":{"footnotes":""},"categories":[4],"tags":[],"class_list":["post-5048","post","type-post","status-publish","format-standard","has-post-thumbnail","hentry","category-derechos-humanos"],"_links":{"self":[{"href":"https:\/\/fmtinkunaco.ar\/index.php?rest_route=\/wp\/v2\/posts\/5048","targetHints":{"allow":["GET"]}}],"collection":[{"href":"https:\/\/fmtinkunaco.ar\/index.php?rest_route=\/wp\/v2\/posts"}],"about":[{"href":"https:\/\/fmtinkunaco.ar\/index.php?rest_route=\/wp\/v2\/types\/post"}],"author":[{"embeddable":true,"href":"https:\/\/fmtinkunaco.ar\/index.php?rest_route=\/wp\/v2\/users\/1"}],"replies":[{"embeddable":true,"href":"https:\/\/fmtinkunaco.ar\/index.php?rest_route=%2Fwp%2Fv2%2Fcomments&post=5048"}],"version-history":[{"count":0,"href":"https:\/\/fmtinkunaco.ar\/index.php?rest_route=\/wp\/v2\/posts\/5048\/revisions"}],"wp:featuredmedia":[{"embeddable":true,"href":"https:\/\/fmtinkunaco.ar\/index.php?rest_route=\/"}],"wp:attachment":[{"href":"https:\/\/fmtinkunaco.ar\/index.php?rest_route=%2Fwp%2Fv2%2Fmedia&parent=5048"}],"wp:term":[{"taxonomy":"category","embeddable":true,"href":"https:\/\/fmtinkunaco.ar\/index.php?rest_route=%2Fwp%2Fv2%2Fcategories&post=5048"},{"taxonomy":"post_tag","embeddable":true,"href":"https:\/\/fmtinkunaco.ar\/index.php?rest_route=%2Fwp%2Fv2%2Ftags&post=5048"}],"curies":[{"name":"wp","href":"https:\/\/api.w.org\/{rel}","templated":true}]}}