{"id":5056,"date":"2022-10-25T11:28:33","date_gmt":"2022-10-25T14:28:33","guid":{"rendered":"http:\/\/fmtinkunaco.com.ar\/?p=5056"},"modified":"2022-10-25T11:28:33","modified_gmt":"2022-10-25T14:28:33","slug":"la-apdh-zona-norte-y-el-municipio-de-pilar-organizan-una-escuela-de-promotores-en-derechos-humanos","status":"publish","type":"post","link":"https:\/\/fmtinkunaco.ar\/?p=5056","title":{"rendered":"La APDH Zona Norte y el Municipio de Pilar organizan una \u201cEscuela de Promotores en Derechos Humanos\u201d"},"content":{"rendered":"<p>La Asamblea Permanente por los Derechos Humanos Zona Norte (APDH) se reuni\u00f3 con la Subsecretar\u00eda de Derechos Humanos de Pilar, y se acord\u00f3 la firma de un convenio para organizar una \u00abEscuela de promotores en derechos humanos\u00bb pero adem\u00e1s la articulaci\u00f3n y planificaci\u00f3n de actividades para este 10 de diciembre, y para marzo, mes de la memoria.<\/p>\n<p>En di\u00e1logo con el programa radial \u201cEncuentro con las Noticias\u201d, Dami\u00e1n Ravenna, Presidente de la Asamblea Permanente por los Derechos Humanos Zona Norte, se refiri\u00f3 a esta reuni\u00f3n <em>\u201cA propuesta nuestra nos reunimos, nosotros conocimos a Fabi\u00e1n un d\u00eda que est\u00e1bamos realizando una disertaci\u00f3n sobre El Cilindro y el Genocidio, ac\u00e1 en la zona 4 que se realiz\u00f3 en la sede de CTA de Los Polvorines, y le dijimos de mantener alguna reuni\u00f3n, que ten\u00edamos varias propuestas. Entre ellas realizar un conversatorio y siempre que es el d\u00eda de los derechos humanos y por otro lado era esta escuela de promotores de derechos humanos territoriales para Pilar en particular\u201d.<\/em><\/p>\n<p>La Subsecretar\u00eda de Derechos Humanos de Pilar est\u00e1 a cargo de Fabi\u00e1n Pitronacci.<\/p>\n<p>En l\u00ednea con este proyecto, Ravenna sostuvo <em>\u201cLa idea siempre es generar un espacio donde la gente se pueda acercar y que tengan material sobre que son los derechos humanos, que tengan una clase sobre qu\u00e9 son los derechos humanos y a partir de esto que puedan comprender y defender, sobre todo en los territorios, los derechos humanos. Esa es como la cuesti\u00f3n fundamental de la escuela de derechos humanos y en particular, lo que hicimos con el municipio de Pilar, es la intenci\u00f3n de firmar un convenio para generar esta escuela de promotores de derechos humanos que estar\u00eda avalado tanto por el municipio como por la APDH Zona Norte para que quienes realicen la cursada est\u00e9n acreditados como Promotores de Derechos Humanos en el Partido de Pilar\u201d.<\/em><\/p>\n<p>Adem\u00e1s, Dami\u00e1n Ravenna, explic\u00f3 la importancia de que el municipio pilarense sea parte <em>\u201cLa parte interesante de este convenio seria que el municipio de Pilar estar\u00eda siendo una parte fundamental en el rol del Estado de la promoci\u00f3n de los derechos humanos porque de esta manera acceder\u00eda mayor poblaci\u00f3n que tome conocimiento de cu\u00e1les son sus derechos. En este sentido, me parece muy relevante que el municipio de Pilar y la Subsecretar\u00eda haya tomado la bandera, que nosotros le llevamos, para intentar generar esta escuela de promotores. (\u2026) Con el municipio lo que hablamos es una escuela que tendr\u00eda una duraci\u00f3n de dos meses, una vez por semana, con una carga horaria entre 2 y 3 horas, con un material de lectura obligatoria que ser\u00eda un material sencillo y otro recomendado\u201d.<\/em><\/p>\n<p>Compartimos la entrevista completa<\/p>\n<p><a href=\"https:\/\/archive.org\/details\/audio-damian-ravenna-apdh-25-10-2022\">Descargar<\/a><\/p>\n<audio class=\"wp-audio-shortcode\" id=\"audio-5056-2\" preload=\"none\" style=\"width: 100%;\" controls=\"controls\"><source type=\"audio\/mpeg\" src=\"https:\/\/archive.org\/download\/audio-damian-ravenna-apdh-25-10-2022\/AUDIO%20-%20DAMIAN%20RAVENNA%20%28APDH%29%2025%2010%202022.mp3?_=2\" \/><a href=\"https:\/\/archive.org\/download\/audio-damian-ravenna-apdh-25-10-2022\/AUDIO%20-%20DAMIAN%20RAVENNA%20%28APDH%29%2025%2010%202022.mp3\">https:\/\/archive.org\/download\/audio-damian-ravenna-apdh-25-10-2022\/AUDIO%20-%20DAMIAN%20RAVENNA%20%28APDH%29%2025%2010%202022.mp3<\/a><\/audio>\n<div class=\"powerpress_player\" id=\"powerpress_player_8813\"><audio class=\"wp-audio-shortcode\" id=\"audio-5056-1\" preload=\"none\" style=\"width: 100%;\" controls=\"controls\"><source type=\"audio\/mpeg\" src=\"https:\/\/archive.org\/download\/audio-damian-ravenna-apdh-25-10-2022\/AUDIO%20-%20DAMIAN%20RAVENNA%20%28APDH%29%2025%2010%202022.mp3?_=1\" \/><a href=\"https:\/\/archive.org\/download\/audio-damian-ravenna-apdh-25-10-2022\/AUDIO%20-%20DAMIAN%20RAVENNA%20%28APDH%29%2025%2010%202022.mp3\">https:\/\/archive.org\/download\/audio-damian-ravenna-apdh-25-10-2022\/AUDIO%20-%20DAMIAN%20RAVENNA%20%28APDH%29%2025%2010%202022.mp3<\/a><\/audio><\/div><p class=\"powerpress_links powerpress_links_mp3\" style=\"margin-bottom: 1px !important;\">Podcast: <a href=\"https:\/\/archive.org\/download\/audio-damian-ravenna-apdh-25-10-2022\/AUDIO%20-%20DAMIAN%20RAVENNA%20%28APDH%29%2025%2010%202022.mp3\" class=\"powerpress_link_pinw\" target=\"_blank\" title=\"Reproducir en una nueva ventana\" onclick=\"return powerpress_pinw('https:\/\/fmtinkunaco.ar\/?powerpress_pinw=5056-podcast');\" rel=\"nofollow\">Reproducir en una nueva ventana<\/a> | <a href=\"https:\/\/archive.org\/download\/audio-damian-ravenna-apdh-25-10-2022\/AUDIO%20-%20DAMIAN%20RAVENNA%20%28APDH%29%2025%2010%202022.mp3\" class=\"powerpress_link_d\" title=\"Descargar\" rel=\"nofollow\" download=\"AUDIO%20-%20DAMIAN%20RAVENNA%20%28APDH%29%2025%2010%202022.mp3\">Descargar<\/a><\/p>","protected":false},"excerpt":{"rendered":"<p>La Asamblea Permanente por los Derechos Humanos Zona Norte (APDH) se reuni\u00f3 con la Subsecretar\u00eda de Derechos Humanos de Pilar, y se acord\u00f3 la firma de un convenio para organizar una \u00abEscuela de promotores en derechos humanos\u00bb pero adem\u00e1s la articulaci\u00f3n y planificaci\u00f3n de actividades para este 10 de diciembre, y para marzo, mes de [&hellip;]<\/p>\n","protected":false},"author":1,"featured_media":5057,"comment_status":"open","ping_status":"open","sticky":false,"template":"","format":"standard","meta":{"footnotes":""},"categories":[4],"tags":[],"class_list":["post-5056","post","type-post","status-publish","format-standard","has-post-thumbnail","hentry","category-derechos-humanos"],"_links":{"self":[{"href":"https:\/\/fmtinkunaco.ar\/index.php?rest_route=\/wp\/v2\/posts\/5056","targetHints":{"allow":["GET"]}}],"collection":[{"href":"https:\/\/fmtinkunaco.ar\/index.php?rest_route=\/wp\/v2\/posts"}],"about":[{"href":"https:\/\/fmtinkunaco.ar\/index.php?rest_route=\/wp\/v2\/types\/post"}],"author":[{"embeddable":true,"href":"https:\/\/fmtinkunaco.ar\/index.php?rest_route=\/wp\/v2\/users\/1"}],"replies":[{"embeddable":true,"href":"https:\/\/fmtinkunaco.ar\/index.php?rest_route=%2Fwp%2Fv2%2Fcomments&post=5056"}],"version-history":[{"count":0,"href":"https:\/\/fmtinkunaco.ar\/index.php?rest_route=\/wp\/v2\/posts\/5056\/revisions"}],"wp:featuredmedia":[{"embeddable":true,"href":"https:\/\/fmtinkunaco.ar\/index.php?rest_route=\/"}],"wp:attachment":[{"href":"https:\/\/fmtinkunaco.ar\/index.php?rest_route=%2Fwp%2Fv2%2Fmedia&parent=5056"}],"wp:term":[{"taxonomy":"category","embeddable":true,"href":"https:\/\/fmtinkunaco.ar\/index.php?rest_route=%2Fwp%2Fv2%2Fcategories&post=5056"},{"taxonomy":"post_tag","embeddable":true,"href":"https:\/\/fmtinkunaco.ar\/index.php?rest_route=%2Fwp%2Fv2%2Ftags&post=5056"}],"curies":[{"name":"wp","href":"https:\/\/api.w.org\/{rel}","templated":true}]}}