{"id":5065,"date":"2022-10-26T10:40:59","date_gmt":"2022-10-26T13:40:59","guid":{"rendered":"http:\/\/fmtinkunaco.com.ar\/?p=5065"},"modified":"2022-10-26T10:40:59","modified_gmt":"2022-10-26T13:40:59","slug":"jornada-nacional-de-denuncia-contra-los-aumentos-de-precios","status":"publish","type":"post","link":"https:\/\/fmtinkunaco.ar\/?p=5065","title":{"rendered":"Jornada Nacional de Denuncia contra los aumentos de precios"},"content":{"rendered":"<p>El pr\u00f3ximo s\u00e1bado 29 de octubre, la Multisectorial convoca a una Jornada Nacional de Denuncia contra los aumentos de precios, a partir de las 11hs, en varias cadenas grandes de supermercados.<\/p>\n<p>El objetivo es manifestarse, visibilizar esta situaci\u00f3n y recoger el testimonio de consumidores y consumidoras para evidenciar la denuncia de esta situaci\u00f3n.<\/p>\n<p>En di\u00e1logo con el programa radial \u201cEncuentro con las Noticias\u201d, Ariel Valdivieso, Integrante de la Multisectorial por el Ingreso Universal a trav\u00e9s de Argentina En Red, se refiri\u00f3 a esta jornada de lucha <em>\u201cEs una jornada de lucha por los aumentos indiscriminados de precios, estamos viendo que la situaci\u00f3n actual de los aumentos de precios y la inflaci\u00f3n est\u00e1 llegando a un punto limite. (\u2026) Y pensamos que la forma de poder visualizar esta transferencia de ingresos est\u00e1 ocurriendo actualmente muy similar a lo que fue en aquel momento, en el gobierno anterior, con las tarifas. Se vuelve a dar una transferencia de ingresos de los que menos tienen a los que m\u00e1s tienen, por eso dijimos es el momento de trabajar de la misma manera y hacer visible esta problem\u00e1tica\u201d.<\/em><\/p>\n<p>Adem\u00e1s, Valdivieso, explic\u00f3 el porqu\u00e9 de la manifestaci\u00f3n frente a los supermercados <em>\u201cLos supermercados son en gran parte formadores de precios, si bien el problema no pasa solamente por el supermercado sino que tambi\u00e9n tenemos productores monop\u00f3licos de alimentos internacionales que evidentemente logran con esto sacarnos de alguna manera nuestro dinero del bolsillo con estos aumentos\u201d.<\/em><\/p>\n<p>Finalmente, Ariel Valdivieso, se refiri\u00f3 a la responsabilidad del gobierno <em>\u201cEl gobierno podr\u00eda llegar a tener un poco m\u00e1s de articulaci\u00f3n en este sentido y lo que puedo decirte respecto al gobierno es que observe lo que va a pasar este 29 y posiblemente m\u00e1s d\u00edas, con posteridad a este 29, porque seguramente vamos a seguir saliendo a la calle. Que observe que tiene un apoyo popular como para tomar las medidas que tenga que tomar\u201d.<\/em><\/p>\n<p>La jornada ser\u00e1 el pr\u00f3ximo s\u00e1bado 29 de octubre, desde las 11hs, en las grandes cadenas de supermercados en todo el pa\u00eds.<\/p>\n<p>Compartimos la entrevista completa<\/p>\n<p><a href=\"https:\/\/archive.org\/details\/audio-ariel-valdivieso-la-multisectorial-26-10-2022\">Descargar<\/a><\/p>\n<audio class=\"wp-audio-shortcode\" id=\"audio-5065-2\" preload=\"none\" style=\"width: 100%;\" controls=\"controls\"><source type=\"audio\/mpeg\" src=\"https:\/\/archive.org\/download\/audio-ariel-valdivieso-la-multisectorial-26-10-2022\/AUDIO%20-%20ARIEL%20VALDIVIESO%20%28LA%20MULTISECTORIAL%29%2026%2010%202022.mp3?_=2\" \/><a href=\"https:\/\/archive.org\/download\/audio-ariel-valdivieso-la-multisectorial-26-10-2022\/AUDIO%20-%20ARIEL%20VALDIVIESO%20%28LA%20MULTISECTORIAL%29%2026%2010%202022.mp3\">https:\/\/archive.org\/download\/audio-ariel-valdivieso-la-multisectorial-26-10-2022\/AUDIO%20-%20ARIEL%20VALDIVIESO%20%28LA%20MULTISECTORIAL%29%2026%2010%202022.mp3<\/a><\/audio>\n<div class=\"powerpress_player\" id=\"powerpress_player_7254\"><audio class=\"wp-audio-shortcode\" id=\"audio-5065-1\" preload=\"none\" style=\"width: 100%;\" controls=\"controls\"><source type=\"audio\/mpeg\" src=\"https:\/\/archive.org\/download\/audio-ariel-valdivieso-la-multisectorial-26-10-2022\/AUDIO%20-%20ARIEL%20VALDIVIESO%20%28LA%20MULTISECTORIAL%29%2026%2010%202022.mp3?_=1\" \/><a href=\"https:\/\/archive.org\/download\/audio-ariel-valdivieso-la-multisectorial-26-10-2022\/AUDIO%20-%20ARIEL%20VALDIVIESO%20%28LA%20MULTISECTORIAL%29%2026%2010%202022.mp3\">https:\/\/archive.org\/download\/audio-ariel-valdivieso-la-multisectorial-26-10-2022\/AUDIO%20-%20ARIEL%20VALDIVIESO%20%28LA%20MULTISECTORIAL%29%2026%2010%202022.mp3<\/a><\/audio><\/div><p class=\"powerpress_links powerpress_links_mp3\" style=\"margin-bottom: 1px !important;\">Podcast: <a href=\"https:\/\/archive.org\/download\/audio-ariel-valdivieso-la-multisectorial-26-10-2022\/AUDIO%20-%20ARIEL%20VALDIVIESO%20%28LA%20MULTISECTORIAL%29%2026%2010%202022.mp3\" class=\"powerpress_link_pinw\" target=\"_blank\" title=\"Reproducir en una nueva ventana\" onclick=\"return powerpress_pinw('https:\/\/fmtinkunaco.ar\/?powerpress_pinw=5065-podcast');\" rel=\"nofollow\">Reproducir en una nueva ventana<\/a> | <a href=\"https:\/\/archive.org\/download\/audio-ariel-valdivieso-la-multisectorial-26-10-2022\/AUDIO%20-%20ARIEL%20VALDIVIESO%20%28LA%20MULTISECTORIAL%29%2026%2010%202022.mp3\" class=\"powerpress_link_d\" title=\"Descargar\" rel=\"nofollow\" download=\"AUDIO%20-%20ARIEL%20VALDIVIESO%20%28LA%20MULTISECTORIAL%29%2026%2010%202022.mp3\">Descargar<\/a><\/p>","protected":false},"excerpt":{"rendered":"<p>El pr\u00f3ximo s\u00e1bado 29 de octubre, la Multisectorial convoca a una Jornada Nacional de Denuncia contra los aumentos de precios, a partir de las 11hs, en varias cadenas grandes de supermercados. El objetivo es manifestarse, visibilizar esta situaci\u00f3n y recoger el testimonio de consumidores y consumidoras para evidenciar la denuncia de esta situaci\u00f3n. En di\u00e1logo [&hellip;]<\/p>\n","protected":false},"author":1,"featured_media":5066,"comment_status":"open","ping_status":"open","sticky":false,"template":"","format":"standard","meta":{"footnotes":""},"categories":[4],"tags":[],"class_list":["post-5065","post","type-post","status-publish","format-standard","has-post-thumbnail","hentry","category-derechos-humanos"],"_links":{"self":[{"href":"https:\/\/fmtinkunaco.ar\/index.php?rest_route=\/wp\/v2\/posts\/5065","targetHints":{"allow":["GET"]}}],"collection":[{"href":"https:\/\/fmtinkunaco.ar\/index.php?rest_route=\/wp\/v2\/posts"}],"about":[{"href":"https:\/\/fmtinkunaco.ar\/index.php?rest_route=\/wp\/v2\/types\/post"}],"author":[{"embeddable":true,"href":"https:\/\/fmtinkunaco.ar\/index.php?rest_route=\/wp\/v2\/users\/1"}],"replies":[{"embeddable":true,"href":"https:\/\/fmtinkunaco.ar\/index.php?rest_route=%2Fwp%2Fv2%2Fcomments&post=5065"}],"version-history":[{"count":0,"href":"https:\/\/fmtinkunaco.ar\/index.php?rest_route=\/wp\/v2\/posts\/5065\/revisions"}],"wp:featuredmedia":[{"embeddable":true,"href":"https:\/\/fmtinkunaco.ar\/index.php?rest_route=\/"}],"wp:attachment":[{"href":"https:\/\/fmtinkunaco.ar\/index.php?rest_route=%2Fwp%2Fv2%2Fmedia&parent=5065"}],"wp:term":[{"taxonomy":"category","embeddable":true,"href":"https:\/\/fmtinkunaco.ar\/index.php?rest_route=%2Fwp%2Fv2%2Fcategories&post=5065"},{"taxonomy":"post_tag","embeddable":true,"href":"https:\/\/fmtinkunaco.ar\/index.php?rest_route=%2Fwp%2Fv2%2Ftags&post=5065"}],"curies":[{"name":"wp","href":"https:\/\/api.w.org\/{rel}","templated":true}]}}