{"id":5076,"date":"2022-10-28T10:57:31","date_gmt":"2022-10-28T13:57:31","guid":{"rendered":"http:\/\/fmtinkunaco.com.ar\/?p=5076"},"modified":"2022-10-28T10:57:31","modified_gmt":"2022-10-28T13:57:31","slug":"jovenes-y-memoria-centro-comunitario-providencia-participara-en-el-mes-de-noviembre","status":"publish","type":"post","link":"https:\/\/fmtinkunaco.ar\/?p=5076","title":{"rendered":"J\u00f3venes y Memoria: El Centro Comunitario Providencia participar\u00e1 en el mes de noviembre"},"content":{"rendered":"<p>Las y los J\u00f3venes del Centro Comunitario Providencia de Jos\u00e9. C. Paz, participar\u00e1n del Encuentro Final de \u201cJ\u00f3venes y Memoria\u201d, a desarrollarse entre el 15 de noviembre y el 15 de diciembre en el Complejo Tur\u00edstico de Chapadmalal.<\/p>\n<p>Este a\u00f1o, el lema es \u00abIguales y Diverses. Hagamos otro mundo\u00bb, y durante tres d\u00edas, escuelas secundarias y organizaciones sociales, pol\u00edticas y culturales de toda la provincia de Buenos Aires expondr\u00e1n sus trabajos, compartir\u00e1n experiencias y podr\u00e1n reflexionar en diferentes espacios \u2013 talleres tem\u00e1ticos, de expresi\u00f3n y actividades culturales.<\/p>\n<p>En di\u00e1logo con el programa radial \u201cEncuentro con las Noticias\u201d, Omar Foresti, Integrante del Centro Comunitario Providencia, se refiri\u00f3 a la importancia de J\u00f3venes y Memoria <em>\u201cMe parece que este programa de J\u00f3venes y Memoria lo que nos brinda es la posibilidad de darle un eje a toda una serie de encuentros que uno va teniendo durante el a\u00f1o con los pibes y las pibas, uno se junta porque hay un objetivo com\u00fan y detr\u00e1s de ese objetivo com\u00fan hay un trabajo de investigaci\u00f3n, que va tomando como matices, aristas\u201d.<\/em><\/p>\n<p>Foresti, adem\u00e1s, record\u00f3 las primeras participaciones del Centro Comunitario en este programa <em>\u201cCreo que el primer a\u00f1o fue el 2013 o el\u00a0 2014, que arrancamos con toda la propuesta que ha sido muy fuerte para nosotros con todo lo del basural, que se llamaba \u201cS\u00ed a la plaza, no al basural\u201d, y que empezamos toda una investigaci\u00f3n sobre lo que era la f\u00e1brica abandonada y despu\u00e9s termino y\u00e9ndose la investigaci\u00f3n para el lado de lo ecol\u00f3gico y de lo que significaba para el barrio el basural. Desde ah\u00ed fue muy interesante porque creo que logramos un propuesta que el barrio la recibi\u00f3 r\u00e1pidamente, no solamente el barrio si no muchas organizaciones sociales, las universidades nos acompa\u00f1aron en el reclamo, en la propuesta, en la calle y desde ah\u00ed el programa J\u00f3venes y Memoria para nosotros ha sido fundamental para que hoy el basural no est\u00e9\u201d.<\/em><\/p>\n<p>Omar Foresti, finalmente, se refiri\u00f3 al trabajo que las y los j\u00f3venes presentar\u00e1n este a\u00f1o <em>\u201cEn lo que nos hemos puesto a trabajar es en lo que la pandemia nos dej\u00f3 y con una mirada desde los impactos que produjo en les pibis, en la escuela, m\u00e1s que nada. Nosotros tenemos la suerte de que como somos centro comunitario tenemos la posibilidad de tener chicos que son de diferentes escuelas y entonces, desde las mismas experiencias de los chicos y las chicas en las escuelas, nos empezamos a preguntar cosas. C\u00f3mo, por ejemplo, cu\u00e1ntos compa\u00f1eros dejaron de venir, por qu\u00e9 no vienen algunos compa\u00f1eros, qu\u00e9 fue lo que les pas\u00f3 en el camino, por qu\u00e9 la escuela esta echa pelota si estuvimos dos a\u00f1os donde las escuelas estuvieron cerradas, a d\u00f3nde fue a parar la guita de los presupuestos, qu\u00e9 pas\u00f3. (\u2026) As\u00ed que vamos por ese lado, este a\u00f1o, sencillito, estamos haciendo una puesta en escena con una obrita de teatro, as\u00ed que estamos ah\u00ed trabajando a pleno para poder llegar a Chapa con algo que sea disparador, para que sirva para pensar a los otros pibes y pibas que vayamos a compartir eses d\u00eda\u201d.<\/em><\/p>\n<p>El centro comunitario Providencia participar\u00e1 de la tanda n\u00famero 1 del Encuentro J\u00f3venes y Memoria y se estima que participar\u00e1n, en el mes de encuentro, alrededor de 18 mil j\u00f3venes, siendo este n\u00famero r\u00e9cord para el programa.<br \/>\nCompartimos la entrevista completa<\/p>\n<p><a href=\"https:\/\/archive.org\/details\/audio-omar-foresti-jovenes-y-memoria-28-10-2022\">Descargar<\/a><\/p>\n<audio class=\"wp-audio-shortcode\" id=\"audio-5076-2\" preload=\"none\" style=\"width: 100%;\" controls=\"controls\"><source type=\"audio\/mpeg\" src=\"https:\/\/archive.org\/download\/audio-omar-foresti-jovenes-y-memoria-28-10-2022\/AUDIO%20-%20OMAR%20FORESTI%20%28JOVENES%20Y%20MEMORIA%29%2028%2010%202022.mp3?_=2\" \/><a href=\"https:\/\/archive.org\/download\/audio-omar-foresti-jovenes-y-memoria-28-10-2022\/AUDIO%20-%20OMAR%20FORESTI%20%28JOVENES%20Y%20MEMORIA%29%2028%2010%202022.mp3\">https:\/\/archive.org\/download\/audio-omar-foresti-jovenes-y-memoria-28-10-2022\/AUDIO%20-%20OMAR%20FORESTI%20%28JOVENES%20Y%20MEMORIA%29%2028%2010%202022.mp3<\/a><\/audio>\n<div class=\"powerpress_player\" id=\"powerpress_player_139\"><audio class=\"wp-audio-shortcode\" id=\"audio-5076-1\" preload=\"none\" style=\"width: 100%;\" controls=\"controls\"><source type=\"audio\/mpeg\" src=\"https:\/\/archive.org\/download\/audio-omar-foresti-jovenes-y-memoria-28-10-2022\/AUDIO%20-%20OMAR%20FORESTI%20%28JOVENES%20Y%20MEMORIA%29%2028%2010%202022.mp3?_=1\" \/><a href=\"https:\/\/archive.org\/download\/audio-omar-foresti-jovenes-y-memoria-28-10-2022\/AUDIO%20-%20OMAR%20FORESTI%20%28JOVENES%20Y%20MEMORIA%29%2028%2010%202022.mp3\">https:\/\/archive.org\/download\/audio-omar-foresti-jovenes-y-memoria-28-10-2022\/AUDIO%20-%20OMAR%20FORESTI%20%28JOVENES%20Y%20MEMORIA%29%2028%2010%202022.mp3<\/a><\/audio><\/div><p class=\"powerpress_links powerpress_links_mp3\" style=\"margin-bottom: 1px !important;\">Podcast: <a href=\"https:\/\/archive.org\/download\/audio-omar-foresti-jovenes-y-memoria-28-10-2022\/AUDIO%20-%20OMAR%20FORESTI%20%28JOVENES%20Y%20MEMORIA%29%2028%2010%202022.mp3\" class=\"powerpress_link_pinw\" target=\"_blank\" title=\"Reproducir en una nueva ventana\" onclick=\"return powerpress_pinw('https:\/\/fmtinkunaco.ar\/?powerpress_pinw=5076-podcast');\" rel=\"nofollow\">Reproducir en una nueva ventana<\/a> | <a href=\"https:\/\/archive.org\/download\/audio-omar-foresti-jovenes-y-memoria-28-10-2022\/AUDIO%20-%20OMAR%20FORESTI%20%28JOVENES%20Y%20MEMORIA%29%2028%2010%202022.mp3\" class=\"powerpress_link_d\" title=\"Descargar\" rel=\"nofollow\" download=\"AUDIO%20-%20OMAR%20FORESTI%20%28JOVENES%20Y%20MEMORIA%29%2028%2010%202022.mp3\">Descargar<\/a><\/p>","protected":false},"excerpt":{"rendered":"<p>Las y los J\u00f3venes del Centro Comunitario Providencia de Jos\u00e9. C. Paz, participar\u00e1n del Encuentro Final de \u201cJ\u00f3venes y Memoria\u201d, a desarrollarse entre el 15 de noviembre y el 15 de diciembre en el Complejo Tur\u00edstico de Chapadmalal. Este a\u00f1o, el lema es \u00abIguales y Diverses. Hagamos otro mundo\u00bb, y durante tres d\u00edas, escuelas secundarias [&hellip;]<\/p>\n","protected":false},"author":1,"featured_media":5079,"comment_status":"open","ping_status":"open","sticky":false,"template":"","format":"standard","meta":{"footnotes":""},"categories":[8],"tags":[],"class_list":["post-5076","post","type-post","status-publish","format-standard","has-post-thumbnail","hentry","category-sem-categoria"],"_links":{"self":[{"href":"https:\/\/fmtinkunaco.ar\/index.php?rest_route=\/wp\/v2\/posts\/5076","targetHints":{"allow":["GET"]}}],"collection":[{"href":"https:\/\/fmtinkunaco.ar\/index.php?rest_route=\/wp\/v2\/posts"}],"about":[{"href":"https:\/\/fmtinkunaco.ar\/index.php?rest_route=\/wp\/v2\/types\/post"}],"author":[{"embeddable":true,"href":"https:\/\/fmtinkunaco.ar\/index.php?rest_route=\/wp\/v2\/users\/1"}],"replies":[{"embeddable":true,"href":"https:\/\/fmtinkunaco.ar\/index.php?rest_route=%2Fwp%2Fv2%2Fcomments&post=5076"}],"version-history":[{"count":0,"href":"https:\/\/fmtinkunaco.ar\/index.php?rest_route=\/wp\/v2\/posts\/5076\/revisions"}],"wp:featuredmedia":[{"embeddable":true,"href":"https:\/\/fmtinkunaco.ar\/index.php?rest_route=\/"}],"wp:attachment":[{"href":"https:\/\/fmtinkunaco.ar\/index.php?rest_route=%2Fwp%2Fv2%2Fmedia&parent=5076"}],"wp:term":[{"taxonomy":"category","embeddable":true,"href":"https:\/\/fmtinkunaco.ar\/index.php?rest_route=%2Fwp%2Fv2%2Fcategories&post=5076"},{"taxonomy":"post_tag","embeddable":true,"href":"https:\/\/fmtinkunaco.ar\/index.php?rest_route=%2Fwp%2Fv2%2Ftags&post=5076"}],"curies":[{"name":"wp","href":"https:\/\/api.w.org\/{rel}","templated":true}]}}