{"id":5119,"date":"2022-11-07T14:48:32","date_gmt":"2022-11-07T17:48:32","guid":{"rendered":"http:\/\/fmtinkunaco.com.ar\/?p=5119"},"modified":"2022-11-07T14:48:32","modified_gmt":"2022-11-07T17:48:32","slug":"la-mesa-local-de-ninez-y-adolescencia-de-jose-c-paz-participo-del-6o-encuentro-provincial-de-consejos-locales","status":"publish","type":"post","link":"https:\/\/fmtinkunaco.ar\/?p=5119","title":{"rendered":"La Mesa Local de Ni\u00f1ez y Adolescencia de Jos\u00e9 C. Paz particip\u00f3 del 6\u00ba encuentro provincial de Consejos Locales"},"content":{"rendered":"<p>Este viernes 4 y s\u00e1bado 5 de noviembre se realiz\u00f3 en la ciudad de Chapadmalal el 6\u00b0 Encuentro Provincial de Consejos Locales de ni\u00f1eces y adolescencias del que participaron 25 Consejos Locales, 200 personas, 90 son chicas y chicos y hubo 3 paneles y 6 talleres de trabajo intergeneracional.<\/p>\n<p>Bajo el lema \u201cPensar en Red, construir en Red\u201d se realiz\u00f3 este nuevo encuentro de los espacios que buscan garantizar los derechos de las infancias, monitorear y proponer pol\u00edticas p\u00fablicas para el pleno goce de derechos de ni\u00f1os, ni\u00f1as y adolescentes en la provincia de Buenos Aires.<\/p>\n<p>Desde Jos\u00e9 C. Paz, una delegaci\u00f3n de referentes y j\u00f3venes, represent\u00f3 a la Mesa Local y comparti\u00f3 el proceso que vienen realizando para lograr la conformaci\u00f3n del Consejo Local.<\/p>\n<p>\u201cMucho camino transitado, creciendo en la Provincia de Buenos Aires en cantidad, en experiencias y luchas compartidas. Se viene la Ley de Consejos Locales y el libro con la sistematizaci\u00f3n de la Red Provincial de Consejos Locales\u201d destacaron desde la Red.<\/p>\n<p>Mat\u00edas Santill\u00e1n, integrante de la Mesa Local de Jos\u00e9 C. Paz, destac\u00f3 que uno de los ejes de trabajo de las y los referentes durante las dos jornadas fue fortalecer la articulaci\u00f3n con los espacios que vienen luchando para concretar la conformaci\u00f3n del Consejo Local de Ni\u00f1ez y Adolescencia en los distritos de la Provincia en los que todav\u00eda el gobierno local no permiti\u00f3 su conformaci\u00f3n y desarrollo.<\/p>\n<p>Los y las j\u00f3venes debatieron sobre salud mental, consumos problem\u00e1ticos, educaci\u00f3n sexual integral, violencia Institucional y ambiente relataron sus preocupaciones y propusieron acciones para garantizar sus derechos.<\/p>\n<p>Compartimos la entrevista completa<\/p>\n<p><a href=\"https:\/\/archive.org\/details\/audio-matias-santillan-07-11-2022\">Descargar<\/a><\/p>\n<p>&nbsp;<\/p>\n","protected":false},"excerpt":{"rendered":"<p>Este viernes 4 y s\u00e1bado 5 de noviembre se realiz\u00f3 en la ciudad de Chapadmalal el 6\u00b0 Encuentro Provincial de Consejos Locales de ni\u00f1eces y adolescencias del que participaron 25 Consejos Locales, 200 personas, 90 son chicas y chicos y hubo 3 paneles y 6 talleres de trabajo intergeneracional. Bajo el lema \u201cPensar en Red, [&hellip;]<\/p>\n","protected":false},"author":1,"featured_media":5120,"comment_status":"open","ping_status":"open","sticky":false,"template":"","format":"standard","meta":{"footnotes":""},"categories":[4],"tags":[],"class_list":["post-5119","post","type-post","status-publish","format-standard","has-post-thumbnail","hentry","category-derechos-humanos"],"_links":{"self":[{"href":"https:\/\/fmtinkunaco.ar\/index.php?rest_route=\/wp\/v2\/posts\/5119","targetHints":{"allow":["GET"]}}],"collection":[{"href":"https:\/\/fmtinkunaco.ar\/index.php?rest_route=\/wp\/v2\/posts"}],"about":[{"href":"https:\/\/fmtinkunaco.ar\/index.php?rest_route=\/wp\/v2\/types\/post"}],"author":[{"embeddable":true,"href":"https:\/\/fmtinkunaco.ar\/index.php?rest_route=\/wp\/v2\/users\/1"}],"replies":[{"embeddable":true,"href":"https:\/\/fmtinkunaco.ar\/index.php?rest_route=%2Fwp%2Fv2%2Fcomments&post=5119"}],"version-history":[{"count":0,"href":"https:\/\/fmtinkunaco.ar\/index.php?rest_route=\/wp\/v2\/posts\/5119\/revisions"}],"wp:featuredmedia":[{"embeddable":true,"href":"https:\/\/fmtinkunaco.ar\/index.php?rest_route=\/"}],"wp:attachment":[{"href":"https:\/\/fmtinkunaco.ar\/index.php?rest_route=%2Fwp%2Fv2%2Fmedia&parent=5119"}],"wp:term":[{"taxonomy":"category","embeddable":true,"href":"https:\/\/fmtinkunaco.ar\/index.php?rest_route=%2Fwp%2Fv2%2Fcategories&post=5119"},{"taxonomy":"post_tag","embeddable":true,"href":"https:\/\/fmtinkunaco.ar\/index.php?rest_route=%2Fwp%2Fv2%2Ftags&post=5119"}],"curies":[{"name":"wp","href":"https:\/\/api.w.org\/{rel}","templated":true}]}}