{"id":5126,"date":"2022-11-10T09:26:23","date_gmt":"2022-11-10T12:26:23","guid":{"rendered":"http:\/\/fmtinkunaco.com.ar\/?p=5126"},"modified":"2022-11-10T09:26:23","modified_gmt":"2022-11-10T12:26:23","slug":"4ta-marcha-del-orgullo-en-la-localidad-de-escobar","status":"publish","type":"post","link":"https:\/\/fmtinkunaco.ar\/?p=5126","title":{"rendered":"4ta Marcha del Orgullo en la localidad de Escobar"},"content":{"rendered":"<p>El pr\u00f3ximo s\u00e1bado 12 de noviembre, a partir de las 16hs, se realizar\u00e1 la 4ta Marcha del Orgullo en la localidad de Escobar bajo el lema <strong>\u201cLa Deuda es con nosotres\u201d<\/strong>.<\/p>\n<p>En di\u00e1logo con el programa radial \u201cEncuentro con las Noticias\u201d, Justo Gonz\u00e1lez, integrante de Libre Diversidad del MST en el FIT Unidad, una de las principales organizaciones convocantes, se refiri\u00f3 a esta nueva marcha <em>\u201cEsta es la 4ta marcha del orgullo en Escobar, levantamos bien altas las consignas de la deuda es con nosotres, no con el FMI y bueno (\u2026) lo impulsamos a pulm\u00f3n a este evento y s\u00ed bien a nivel nacional hay una marcha muy grande y se han conquistado muchas leyes a favor de las disidencias hoy en d\u00eda esas leyes est\u00e1n en papel mojado porque no hay presupuesto para la aplicaci\u00f3n de las leyes, se siguen invisibilizando a les compa\u00f1eres\u201d<\/em>.<\/p>\n<p>Gonz\u00e1lez, adem\u00e1s, sostuvo <em>\u201cLa idea de la marcha de este s\u00e1bado es volver a remarcar que en una localidad que es s\u00faper conservadora como lo es Escobar, es salir a las calles, mostrarnos, que somos parte de la sociedad y que vamos a seguir siendo parte y seguir exigi\u00e9ndole al municipio el rol que le corresponde como Estado que es cuidar a todes les compa\u00f1eres, aplicar el cupo laboral trans\u201d.<\/em><\/p>\n<p>Finalmente, Gonz\u00e1lez, describi\u00f3 lo que significa esta nueva marcha <em>\u201cHace cuatro a\u00f1os se dio paso a llevar a cabo esta marcha del orgullo en Escobar y desde ah\u00ed lo venimos sosteniendo a pulm\u00f3n con trabajo arduo, de todes les compa\u00f1eres de todas las organizaciones sociales que forman parte de la comisi\u00f3n y compa\u00f1eres independientes\u201d.<\/em><\/p>\n<p>La invitaci\u00f3n es el pr\u00f3ximo s\u00e1bado 12 de noviembre, a partir de las 16hs, en la Plaza de la Memoria de Escobar \u2013 Hip\u00f3lito Yrigoyen, entre Tapia y Estrada. La marcha, adem\u00e1s, finalizar\u00e1 con un festival.<\/p>\n<p>Compartimos la entrevista completa<\/p>\n<p><a href=\"https:\/\/archive.org\/details\/audio-justo-gonzalez-libre-diversidad-marcha-del-orgullo-09-11-2022\">Descargar<\/a><\/p>\n<audio class=\"wp-audio-shortcode\" id=\"audio-5126-2\" preload=\"none\" style=\"width: 100%;\" controls=\"controls\"><source type=\"audio\/mpeg\" src=\"https:\/\/archive.org\/download\/audio-justo-gonzalez-libre-diversidad-marcha-del-orgullo-09-11-2022\/AUDIO%20-%20JUSTO%20GONZALEZ%20%28LIBRE%20DIVERSIDAD%20-%20MARCHA%20DEL%20ORGULLO%29%2009%2011%202022.mp3?_=2\" \/><a href=\"https:\/\/archive.org\/download\/audio-justo-gonzalez-libre-diversidad-marcha-del-orgullo-09-11-2022\/AUDIO%20-%20JUSTO%20GONZALEZ%20%28LIBRE%20DIVERSIDAD%20-%20MARCHA%20DEL%20ORGULLO%29%2009%2011%202022.mp3\">https:\/\/archive.org\/download\/audio-justo-gonzalez-libre-diversidad-marcha-del-orgullo-09-11-2022\/AUDIO%20-%20JUSTO%20GONZALEZ%20%28LIBRE%20DIVERSIDAD%20-%20MARCHA%20DEL%20ORGULLO%29%2009%2011%202022.mp3<\/a><\/audio>\n<div class=\"powerpress_player\" id=\"powerpress_player_1723\"><audio class=\"wp-audio-shortcode\" id=\"audio-5126-1\" preload=\"none\" style=\"width: 100%;\" controls=\"controls\"><source type=\"audio\/mpeg\" src=\"https:\/\/archive.org\/download\/audio-justo-gonzalez-libre-diversidad-marcha-del-orgullo-09-11-2022\/AUDIO%20-%20JUSTO%20GONZALEZ%20%28LIBRE%20DIVERSIDAD%20-%20MARCHA%20DEL%20ORGULLO%29%2009%2011%202022.mp3?_=1\" \/><a href=\"https:\/\/archive.org\/download\/audio-justo-gonzalez-libre-diversidad-marcha-del-orgullo-09-11-2022\/AUDIO%20-%20JUSTO%20GONZALEZ%20%28LIBRE%20DIVERSIDAD%20-%20MARCHA%20DEL%20ORGULLO%29%2009%2011%202022.mp3\">https:\/\/archive.org\/download\/audio-justo-gonzalez-libre-diversidad-marcha-del-orgullo-09-11-2022\/AUDIO%20-%20JUSTO%20GONZALEZ%20%28LIBRE%20DIVERSIDAD%20-%20MARCHA%20DEL%20ORGULLO%29%2009%2011%202022.mp3<\/a><\/audio><\/div><p class=\"powerpress_links powerpress_links_mp3\" style=\"margin-bottom: 1px !important;\">Podcast: <a href=\"https:\/\/archive.org\/download\/audio-justo-gonzalez-libre-diversidad-marcha-del-orgullo-09-11-2022\/AUDIO%20-%20JUSTO%20GONZALEZ%20%28LIBRE%20DIVERSIDAD%20-%20MARCHA%20DEL%20ORGULLO%29%2009%2011%202022.mp3\" class=\"powerpress_link_pinw\" target=\"_blank\" title=\"Reproducir en una nueva ventana\" onclick=\"return powerpress_pinw('https:\/\/fmtinkunaco.ar\/?powerpress_pinw=5126-podcast');\" rel=\"nofollow\">Reproducir en una nueva ventana<\/a> | <a href=\"https:\/\/archive.org\/download\/audio-justo-gonzalez-libre-diversidad-marcha-del-orgullo-09-11-2022\/AUDIO%20-%20JUSTO%20GONZALEZ%20%28LIBRE%20DIVERSIDAD%20-%20MARCHA%20DEL%20ORGULLO%29%2009%2011%202022.mp3\" class=\"powerpress_link_d\" title=\"Descargar\" rel=\"nofollow\" download=\"AUDIO%20-%20JUSTO%20GONZALEZ%20%28LIBRE%20DIVERSIDAD%20-%20MARCHA%20DEL%20ORGULLO%29%2009%2011%202022.mp3\">Descargar<\/a><\/p>","protected":false},"excerpt":{"rendered":"<p>El pr\u00f3ximo s\u00e1bado 12 de noviembre, a partir de las 16hs, se realizar\u00e1 la 4ta Marcha del Orgullo en la localidad de Escobar bajo el lema \u201cLa Deuda es con nosotres\u201d. En di\u00e1logo con el programa radial \u201cEncuentro con las Noticias\u201d, Justo Gonz\u00e1lez, integrante de Libre Diversidad del MST en el FIT Unidad, una de [&hellip;]<\/p>\n","protected":false},"author":1,"featured_media":5127,"comment_status":"open","ping_status":"open","sticky":false,"template":"","format":"standard","meta":{"footnotes":""},"categories":[4],"tags":[],"class_list":["post-5126","post","type-post","status-publish","format-standard","has-post-thumbnail","hentry","category-derechos-humanos"],"_links":{"self":[{"href":"https:\/\/fmtinkunaco.ar\/index.php?rest_route=\/wp\/v2\/posts\/5126","targetHints":{"allow":["GET"]}}],"collection":[{"href":"https:\/\/fmtinkunaco.ar\/index.php?rest_route=\/wp\/v2\/posts"}],"about":[{"href":"https:\/\/fmtinkunaco.ar\/index.php?rest_route=\/wp\/v2\/types\/post"}],"author":[{"embeddable":true,"href":"https:\/\/fmtinkunaco.ar\/index.php?rest_route=\/wp\/v2\/users\/1"}],"replies":[{"embeddable":true,"href":"https:\/\/fmtinkunaco.ar\/index.php?rest_route=%2Fwp%2Fv2%2Fcomments&post=5126"}],"version-history":[{"count":0,"href":"https:\/\/fmtinkunaco.ar\/index.php?rest_route=\/wp\/v2\/posts\/5126\/revisions"}],"wp:featuredmedia":[{"embeddable":true,"href":"https:\/\/fmtinkunaco.ar\/index.php?rest_route=\/"}],"wp:attachment":[{"href":"https:\/\/fmtinkunaco.ar\/index.php?rest_route=%2Fwp%2Fv2%2Fmedia&parent=5126"}],"wp:term":[{"taxonomy":"category","embeddable":true,"href":"https:\/\/fmtinkunaco.ar\/index.php?rest_route=%2Fwp%2Fv2%2Fcategories&post=5126"},{"taxonomy":"post_tag","embeddable":true,"href":"https:\/\/fmtinkunaco.ar\/index.php?rest_route=%2Fwp%2Fv2%2Ftags&post=5126"}],"curies":[{"name":"wp","href":"https:\/\/api.w.org\/{rel}","templated":true}]}}