{"id":5149,"date":"2022-12-01T10:58:30","date_gmt":"2022-12-01T13:58:30","guid":{"rendered":"http:\/\/fmtinkunaco.com.ar\/?p=5149"},"modified":"2022-12-01T10:58:30","modified_gmt":"2022-12-01T13:58:30","slug":"senalizacion-como-sitio-de-memoria-del-cementerio-de-grand-bourg","status":"publish","type":"post","link":"https:\/\/fmtinkunaco.ar\/?p=5149","title":{"rendered":"Se\u00f1alizaci\u00f3n como Sitio de Memoria del Cementerio de Grand Bourg"},"content":{"rendered":"<p>El pr\u00f3ximo s\u00e1bado 3 de diciembre, a partir de las 10hs, se realizar\u00e1 la se\u00f1alizaci\u00f3n como Sitio de Memoria del Cementerio de Grand Bourg, partido de Malvinas Argentinas.<\/p>\n<p>En di\u00e1logo con el programa radial \u201cEncuentro con las Noticias\u201d, Lorena Battistiol, Directora Nacional de Sitios y Espacios de Memoria, se refiri\u00f3 al significado de esta se\u00f1alizaci\u00f3n <em>\u201cTodo lo que tiene que ver con la zona de defensa 4 por supuesto que uno le pone mayor intereses al trabajo porque reconozco y conozco y la historia de lucha y reclamo de los Organismos, tambi\u00e9n yo fui parte de esos organismos, soy parte de esos organismos entonces es donde le ponemos mucho esmero al trabajo. (\u2026) Con la pandemia no hemos podido hacer ninguna se\u00f1alizaci\u00f3n durante el 2020 y este pedido para se\u00f1alizar el cementerio esta ac\u00e1 en la Direcci\u00f3n desde hace m\u00e1s de 10 a\u00f1os, por lo tanto eso creo que es el doble de satisfacci\u00f3n. Adem\u00e1s de reconocer el reclamos de los familiares, las v\u00edctimas\u201d.<\/em><\/p>\n<p>Battistiol, adem\u00e1s, remarco <em>\u201cEs importante que quede visibilizado, que quede plasmado en un lugar donde quien va a despedir a sus familiares, quien va a llevarle una flor cada domingo que sepa que tambi\u00e9n es lugar, que es un lugar p\u00fablico, durante la dictadura se puso al servicio justamente de los m\u00e1s criminales de todo el pa\u00eds\u201d<\/em>.<\/p>\n<p>Lorena Battistiol, se refiri\u00f3 adem\u00e1s a los n\u00fameros oficiales <em>\u201cNosotros solamente manejamos lo que son los datos oficiales, ac\u00e1 en el Archivo Nacional de la Memoria, tenemos el registro de 9 identificaciones que es lo que va a decir el cartel por supuesto que si en unos a\u00f1os, a partir de m\u00e1s investigaciones esto se va ampliando, iremos cambiando tambi\u00e9n y el texto del cartel se ira renovando. Siempre nos basamos sobre lo que est\u00e1 acreditado y sabemos que hay como distintos n\u00fameros que se plantean a nivel territorio de lo que fue ese cementerio pero hoy en d\u00eda esto es lo que tenemos\u201d.<\/em><\/p>\n<p>La Direcci\u00f3n Nacional de Sitios y Espacios de Memoria se encuentra trabajando en conjunto con la Subsecretar\u00eda de Derechos Humanos de la provincia de Buenos Aires, con la Direcci\u00f3n de Derechos Humanos del municipio de Malvinas Argentinas \u00a0y Organismos de Derechos Humanos de la regi\u00f3n de cara a esta se\u00f1alizaci\u00f3n<\/p>\n<p>La misma se realizar\u00e1 el pr\u00f3ximo s\u00e1bado 3 de diciembre, a partir de las 10hs, en Jos\u00e9 Hern\u00e1ndez entre Cuyo y Pasco \u2013 Grand Bourg.<\/p>\n<p>Compartimos la entrevista completa<\/p>\n<p><a href=\"https:\/\/archive.org\/details\/audio-lorena-battistiol-01-12-2022\">Descargar<\/a><\/p>\n<audio class=\"wp-audio-shortcode\" id=\"audio-5149-2\" preload=\"none\" style=\"width: 100%;\" controls=\"controls\"><source type=\"audio\/mpeg\" src=\"https:\/\/archive.org\/download\/audio-lorena-battistiol-01-12-2022\/AUDIO%20-%20LORENA%20BATTISTIOL%2001%2012%202022.mp3?_=2\" \/><a href=\"https:\/\/archive.org\/download\/audio-lorena-battistiol-01-12-2022\/AUDIO%20-%20LORENA%20BATTISTIOL%2001%2012%202022.mp3\">https:\/\/archive.org\/download\/audio-lorena-battistiol-01-12-2022\/AUDIO%20-%20LORENA%20BATTISTIOL%2001%2012%202022.mp3<\/a><\/audio>\n<div class=\"powerpress_player\" id=\"powerpress_player_6533\"><audio class=\"wp-audio-shortcode\" id=\"audio-5149-1\" preload=\"none\" style=\"width: 100%;\" controls=\"controls\"><source type=\"audio\/mpeg\" src=\"https:\/\/archive.org\/download\/audio-lorena-battistiol-01-12-2022\/AUDIO%20-%20LORENA%20BATTISTIOL%2001%2012%202022.mp3?_=1\" \/><a href=\"https:\/\/archive.org\/download\/audio-lorena-battistiol-01-12-2022\/AUDIO%20-%20LORENA%20BATTISTIOL%2001%2012%202022.mp3\">https:\/\/archive.org\/download\/audio-lorena-battistiol-01-12-2022\/AUDIO%20-%20LORENA%20BATTISTIOL%2001%2012%202022.mp3<\/a><\/audio><\/div><p class=\"powerpress_links powerpress_links_mp3\" style=\"margin-bottom: 1px !important;\">Podcast: <a href=\"https:\/\/archive.org\/download\/audio-lorena-battistiol-01-12-2022\/AUDIO%20-%20LORENA%20BATTISTIOL%2001%2012%202022.mp3\" class=\"powerpress_link_pinw\" target=\"_blank\" title=\"Reproducir en una nueva ventana\" onclick=\"return powerpress_pinw('https:\/\/fmtinkunaco.ar\/?powerpress_pinw=5149-podcast');\" rel=\"nofollow\">Reproducir en una nueva ventana<\/a> | <a href=\"https:\/\/archive.org\/download\/audio-lorena-battistiol-01-12-2022\/AUDIO%20-%20LORENA%20BATTISTIOL%2001%2012%202022.mp3\" class=\"powerpress_link_d\" title=\"Descargar\" rel=\"nofollow\" download=\"AUDIO%20-%20LORENA%20BATTISTIOL%2001%2012%202022.mp3\">Descargar<\/a><\/p>","protected":false},"excerpt":{"rendered":"<p>El pr\u00f3ximo s\u00e1bado 3 de diciembre, a partir de las 10hs, se realizar\u00e1 la se\u00f1alizaci\u00f3n como Sitio de Memoria del Cementerio de Grand Bourg, partido de Malvinas Argentinas. En di\u00e1logo con el programa radial \u201cEncuentro con las Noticias\u201d, Lorena Battistiol, Directora Nacional de Sitios y Espacios de Memoria, se refiri\u00f3 al significado de esta se\u00f1alizaci\u00f3n [&hellip;]<\/p>\n","protected":false},"author":1,"featured_media":5150,"comment_status":"open","ping_status":"open","sticky":false,"template":"","format":"standard","meta":{"footnotes":""},"categories":[4],"tags":[],"class_list":["post-5149","post","type-post","status-publish","format-standard","has-post-thumbnail","hentry","category-derechos-humanos"],"_links":{"self":[{"href":"https:\/\/fmtinkunaco.ar\/index.php?rest_route=\/wp\/v2\/posts\/5149","targetHints":{"allow":["GET"]}}],"collection":[{"href":"https:\/\/fmtinkunaco.ar\/index.php?rest_route=\/wp\/v2\/posts"}],"about":[{"href":"https:\/\/fmtinkunaco.ar\/index.php?rest_route=\/wp\/v2\/types\/post"}],"author":[{"embeddable":true,"href":"https:\/\/fmtinkunaco.ar\/index.php?rest_route=\/wp\/v2\/users\/1"}],"replies":[{"embeddable":true,"href":"https:\/\/fmtinkunaco.ar\/index.php?rest_route=%2Fwp%2Fv2%2Fcomments&post=5149"}],"version-history":[{"count":0,"href":"https:\/\/fmtinkunaco.ar\/index.php?rest_route=\/wp\/v2\/posts\/5149\/revisions"}],"wp:featuredmedia":[{"embeddable":true,"href":"https:\/\/fmtinkunaco.ar\/index.php?rest_route=\/"}],"wp:attachment":[{"href":"https:\/\/fmtinkunaco.ar\/index.php?rest_route=%2Fwp%2Fv2%2Fmedia&parent=5149"}],"wp:term":[{"taxonomy":"category","embeddable":true,"href":"https:\/\/fmtinkunaco.ar\/index.php?rest_route=%2Fwp%2Fv2%2Fcategories&post=5149"},{"taxonomy":"post_tag","embeddable":true,"href":"https:\/\/fmtinkunaco.ar\/index.php?rest_route=%2Fwp%2Fv2%2Ftags&post=5149"}],"curies":[{"name":"wp","href":"https:\/\/api.w.org\/{rel}","templated":true}]}}