{"id":5157,"date":"2022-12-05T14:26:21","date_gmt":"2022-12-05T17:26:21","guid":{"rendered":"http:\/\/fmtinkunaco.com.ar\/?p=5157"},"modified":"2022-12-05T14:26:21","modified_gmt":"2022-12-05T17:26:21","slug":"malvinas-argentinas-se-senalizo-el-cementerio-de-grand-bourg-como-un-sitio-de-memoria","status":"publish","type":"post","link":"https:\/\/fmtinkunaco.ar\/?p=5157","title":{"rendered":"Malvinas Argentinas: Se se\u00f1aliz\u00f3 el Cementerio de Grand Bourg como un Sitio de Memoria"},"content":{"rendered":"<p>Durante el accionar represivo de la \u00faltima dictadura c\u00edvico-militar los cementerios de la regi\u00f3n fueron lugares para enterramientos de militantes como NN neg\u00e1ndoles la identidad y falsificando informaci\u00f3n.<\/p>\n<p>Este s\u00e1bado 3 de diciembre se realiz\u00f3 la se\u00f1alizaci\u00f3n del cementerio de Grand Bourg como sitio de memoria, un reclamo hist\u00f3rico de los organismos de derechos humanos.<\/p>\n<p>Del acto participaron familiares de los militantes enterrados como NN y luego identificados por el equipo argentino de antropolog\u00eda forense\u00a0 y funcionarios locales, nacionales y provinciales junto a organismos de derechos humanos.<\/p>\n<p>Fanny Seldes, es familiar y sobreviviente del terrorismo de estado durante la dictadura, destac\u00f3 la importancia de la se\u00f1alizaci\u00f3n y de recuperar los nombres de las y los militantes \u201cMientras escrib\u00eda pensaba en la importancia de que esta se\u00f1alizaci\u00f3n nos traiga al territorio, ya que el grueso de nuestra militancia en los 70 era precisamente en los barrios, incluidas las f\u00e1bricas y que este sea un homenaje colectivo ya que nuestra militancia tambi\u00e9n lo fue. Como familiar y militante de los 70 me conmueve que hoy nos hayamos juntado en esta se\u00f1alizaci\u00f3n para devolverles p\u00fablicamente su nombre y su identidad a estos 9 compa\u00f1eres\u201d.<\/p>\n<p>Compartimos su intervenci\u00f3n completa<\/p>\n<p><a href=\"https:\/\/archive.org\/details\/audio-02-fanny-seldes-familiar-y-militante\">Descargar<\/a><\/p>\n<audio class=\"wp-audio-shortcode\" id=\"audio-5157-2\" preload=\"none\" style=\"width: 100%;\" controls=\"controls\"><source type=\"audio\/mpeg\" src=\"https:\/\/archive.org\/download\/audio-02-fanny-seldes-familiar-y-militante\/AUDIO%2002%20-%20Fanny%20Seldes%20%28Familiar%20y%20militante%29.mp3?_=2\" \/><a href=\"https:\/\/archive.org\/download\/audio-02-fanny-seldes-familiar-y-militante\/AUDIO%2002%20-%20Fanny%20Seldes%20%28Familiar%20y%20militante%29.mp3\">https:\/\/archive.org\/download\/audio-02-fanny-seldes-familiar-y-militante\/AUDIO%2002%20-%20Fanny%20Seldes%20%28Familiar%20y%20militante%29.mp3<\/a><\/audio>\n<div class=\"powerpress_player\" id=\"powerpress_player_9343\"><audio class=\"wp-audio-shortcode\" id=\"audio-5157-1\" preload=\"none\" style=\"width: 100%;\" controls=\"controls\"><source type=\"audio\/mpeg\" src=\"https:\/\/archive.org\/download\/audio-02-fanny-seldes-familiar-y-militante\/AUDIO%2002%20-%20Fanny%20Seldes%20%28Familiar%20y%20militante%29.mp3?_=1\" \/><a href=\"https:\/\/archive.org\/download\/audio-02-fanny-seldes-familiar-y-militante\/AUDIO%2002%20-%20Fanny%20Seldes%20%28Familiar%20y%20militante%29.mp3\">https:\/\/archive.org\/download\/audio-02-fanny-seldes-familiar-y-militante\/AUDIO%2002%20-%20Fanny%20Seldes%20%28Familiar%20y%20militante%29.mp3<\/a><\/audio><\/div><p class=\"powerpress_links powerpress_links_mp3\" style=\"margin-bottom: 1px !important;\">Podcast: <a href=\"https:\/\/archive.org\/download\/audio-02-fanny-seldes-familiar-y-militante\/AUDIO%2002%20-%20Fanny%20Seldes%20%28Familiar%20y%20militante%29.mp3\" class=\"powerpress_link_pinw\" target=\"_blank\" title=\"Reproducir en una nueva ventana\" onclick=\"return powerpress_pinw('https:\/\/fmtinkunaco.ar\/?powerpress_pinw=5157-podcast');\" rel=\"nofollow\">Reproducir en una nueva ventana<\/a> | <a href=\"https:\/\/archive.org\/download\/audio-02-fanny-seldes-familiar-y-militante\/AUDIO%2002%20-%20Fanny%20Seldes%20%28Familiar%20y%20militante%29.mp3\" class=\"powerpress_link_d\" title=\"Descargar\" rel=\"nofollow\" download=\"AUDIO%2002%20-%20Fanny%20Seldes%20%28Familiar%20y%20militante%29.mp3\">Descargar<\/a><\/p>","protected":false},"excerpt":{"rendered":"<p>Durante el accionar represivo de la \u00faltima dictadura c\u00edvico-militar los cementerios de la regi\u00f3n fueron lugares para enterramientos de militantes como NN neg\u00e1ndoles la identidad y falsificando informaci\u00f3n. Este s\u00e1bado 3 de diciembre se realiz\u00f3 la se\u00f1alizaci\u00f3n del cementerio de Grand Bourg como sitio de memoria, un reclamo hist\u00f3rico de los organismos de derechos humanos. [&hellip;]<\/p>\n","protected":false},"author":1,"featured_media":5158,"comment_status":"open","ping_status":"open","sticky":false,"template":"","format":"standard","meta":{"footnotes":""},"categories":[4],"tags":[],"class_list":["post-5157","post","type-post","status-publish","format-standard","has-post-thumbnail","hentry","category-derechos-humanos"],"_links":{"self":[{"href":"https:\/\/fmtinkunaco.ar\/index.php?rest_route=\/wp\/v2\/posts\/5157","targetHints":{"allow":["GET"]}}],"collection":[{"href":"https:\/\/fmtinkunaco.ar\/index.php?rest_route=\/wp\/v2\/posts"}],"about":[{"href":"https:\/\/fmtinkunaco.ar\/index.php?rest_route=\/wp\/v2\/types\/post"}],"author":[{"embeddable":true,"href":"https:\/\/fmtinkunaco.ar\/index.php?rest_route=\/wp\/v2\/users\/1"}],"replies":[{"embeddable":true,"href":"https:\/\/fmtinkunaco.ar\/index.php?rest_route=%2Fwp%2Fv2%2Fcomments&post=5157"}],"version-history":[{"count":0,"href":"https:\/\/fmtinkunaco.ar\/index.php?rest_route=\/wp\/v2\/posts\/5157\/revisions"}],"wp:featuredmedia":[{"embeddable":true,"href":"https:\/\/fmtinkunaco.ar\/index.php?rest_route=\/"}],"wp:attachment":[{"href":"https:\/\/fmtinkunaco.ar\/index.php?rest_route=%2Fwp%2Fv2%2Fmedia&parent=5157"}],"wp:term":[{"taxonomy":"category","embeddable":true,"href":"https:\/\/fmtinkunaco.ar\/index.php?rest_route=%2Fwp%2Fv2%2Fcategories&post=5157"},{"taxonomy":"post_tag","embeddable":true,"href":"https:\/\/fmtinkunaco.ar\/index.php?rest_route=%2Fwp%2Fv2%2Ftags&post=5157"}],"curies":[{"name":"wp","href":"https:\/\/api.w.org\/{rel}","templated":true}]}}