{"id":5177,"date":"2022-12-21T11:55:31","date_gmt":"2022-12-21T14:55:31","guid":{"rendered":"http:\/\/fmtinkunaco.com.ar\/?p=5177"},"modified":"2022-12-21T11:55:31","modified_gmt":"2022-12-21T14:55:31","slug":"inicia-manana-el-acampe-por-una-navidad-sin-hambre","status":"publish","type":"post","link":"https:\/\/fmtinkunaco.ar\/?p=5177","title":{"rendered":"Inicia ma\u00f1ana el acampe \u201cPor una Navidad sin hambre\u201d"},"content":{"rendered":"<p>Ma\u00f1ana, jueves 22 de diciembre, la Unidad Piquetera junto a Libres del Sur acampar\u00e1 frente a Desarrollo Social contra la pol\u00edtica de ajuste que denuncian lleva adelante el gobierno y ejecuta la Ministra Tolosa.<\/p>\n<p>Adem\u00e1s, los movimientos sociales sostienen que el gobierno no est\u00e1 cumpliendo con la entrega de alimentos para los comedores populares y merenderos.<\/p>\n<p>En di\u00e1logo con el programa radial \u201cEncuentro con las Noticias\u201d, Ana Barreto,\u00a0Referente de Libres del Sur Pilar, se refiri\u00f3 al contexto en el que plantearon este plan de lucha <em>\u201cNosotros estuvimos todo el a\u00f1o reclamando al Ministerio de Desarrollo Social que actualice la entrega de mercader\u00eda que hacen todos los meses, o que deber\u00edan hacerlo, para los merenderos y los comedores comunitarios. Sin embargo, eso no se ha regularizado en todo el a\u00f1o y a partir de las diferentes manifestaciones y reclamos que hemos hecho hemos tenido reuniones con funcionarios del Ministerio que nos prometieron aumentar la entrega de mercader\u00edas. Yo les cuento que este a\u00f1o han hecho solamente 7 entregas, de las 11 que tienen que hacer, todos los a\u00f1os hacen 11 entregas porque en el mes de enero no se entrega; sin embargo solamente han hecho 7 y nos deben todav\u00eda la entrega del mes de diciembre\u201d.<\/em><\/p>\n<p>Frente a esta situaci\u00f3n se decidi\u00f3 iniciar un acampe ma\u00f1ana bajo el lema \u201cPor una Navidad sin Hambre. Basta de bajas y de ajuste para pagar al Fondo Monetario\u201d, as\u00ed lo explico Barreto <em>\u201cSe decidi\u00f3 con la Unidad Piquetera, que conforman m\u00e1s de 30 organizaciones, ma\u00f1ana jueves marchar al Ministerio de Desarrollo Social y quedarnos ah\u00ed en permanencia y en acampe piquetero sobre la 9 de Julio para, por un lado, obtener alguna respuesta pero, tambi\u00e9n, para decirle a este gobierno que estamos en contra de este ajuste que est\u00e1 realizando\u201d.<\/em><\/p>\n<p>Barreto explico que lo ideal ser\u00eda no llegar a tener que realizar la permanencia y tener respuestas inmediatas <em>\u201cOjala que no haga falta recurrir al acampe, que podamos volver a nuestras casas porque la verdad que a nadie le gusta estar ah\u00ed en la 9 de julio, en las calles o estar bajo el sol, a veces, y mucho menos pasar la noche en el asfalto. Sin embargo, sabemos, que este reclamo es un reclamo nacional, es un reclamo por mercader\u00eda y por una navidad sin hambre para todos los argentinos y las argentinas y ojala que puedan dar una respuesta concreta antes de que llegue la noche\u201d<\/em><\/p>\n<p>La concentraci\u00f3n comienza ma\u00f1ana, a partir de las 14hs, en Independencia y 9 de Julio.<\/p>\n<p>Compartimos la entrevista completa<\/p>\n<p><a href=\"https:\/\/archive.org\/details\/audio-ana-barreto-21-12-2022\">Descargar<\/a><\/p>\n<audio class=\"wp-audio-shortcode\" id=\"audio-5177-2\" preload=\"none\" style=\"width: 100%;\" controls=\"controls\"><source type=\"audio\/mpeg\" src=\"https:\/\/archive.org\/download\/audio-ana-barreto-21-12-2022\/AUDIO%20-%20ANA%20BARRETO%2021%2012%202022.mp3?_=2\" \/><a href=\"https:\/\/archive.org\/download\/audio-ana-barreto-21-12-2022\/AUDIO%20-%20ANA%20BARRETO%2021%2012%202022.mp3\">https:\/\/archive.org\/download\/audio-ana-barreto-21-12-2022\/AUDIO%20-%20ANA%20BARRETO%2021%2012%202022.mp3<\/a><\/audio>\n<div class=\"powerpress_player\" id=\"powerpress_player_4073\"><audio class=\"wp-audio-shortcode\" id=\"audio-5177-1\" preload=\"none\" style=\"width: 100%;\" controls=\"controls\"><source type=\"audio\/mpeg\" src=\"https:\/\/archive.org\/download\/audio-ana-barreto-21-12-2022\/AUDIO%20-%20ANA%20BARRETO%2021%2012%202022.mp3?_=1\" \/><a href=\"https:\/\/archive.org\/download\/audio-ana-barreto-21-12-2022\/AUDIO%20-%20ANA%20BARRETO%2021%2012%202022.mp3\">https:\/\/archive.org\/download\/audio-ana-barreto-21-12-2022\/AUDIO%20-%20ANA%20BARRETO%2021%2012%202022.mp3<\/a><\/audio><\/div><p class=\"powerpress_links powerpress_links_mp3\" style=\"margin-bottom: 1px !important;\">Podcast: <a href=\"https:\/\/archive.org\/download\/audio-ana-barreto-21-12-2022\/AUDIO%20-%20ANA%20BARRETO%2021%2012%202022.mp3\" class=\"powerpress_link_pinw\" target=\"_blank\" title=\"Reproducir en una nueva ventana\" onclick=\"return powerpress_pinw('https:\/\/fmtinkunaco.ar\/?powerpress_pinw=5177-podcast');\" rel=\"nofollow\">Reproducir en una nueva ventana<\/a> | <a href=\"https:\/\/archive.org\/download\/audio-ana-barreto-21-12-2022\/AUDIO%20-%20ANA%20BARRETO%2021%2012%202022.mp3\" class=\"powerpress_link_d\" title=\"Descargar\" rel=\"nofollow\" download=\"AUDIO%20-%20ANA%20BARRETO%2021%2012%202022.mp3\">Descargar<\/a><\/p>","protected":false},"excerpt":{"rendered":"<p>Ma\u00f1ana, jueves 22 de diciembre, la Unidad Piquetera junto a Libres del Sur acampar\u00e1 frente a Desarrollo Social contra la pol\u00edtica de ajuste que denuncian lleva adelante el gobierno y ejecuta la Ministra Tolosa. Adem\u00e1s, los movimientos sociales sostienen que el gobierno no est\u00e1 cumpliendo con la entrega de alimentos para los comedores populares y [&hellip;]<\/p>\n","protected":false},"author":1,"featured_media":5178,"comment_status":"open","ping_status":"open","sticky":false,"template":"","format":"standard","meta":{"footnotes":""},"categories":[4],"tags":[],"class_list":["post-5177","post","type-post","status-publish","format-standard","has-post-thumbnail","hentry","category-derechos-humanos"],"_links":{"self":[{"href":"https:\/\/fmtinkunaco.ar\/index.php?rest_route=\/wp\/v2\/posts\/5177","targetHints":{"allow":["GET"]}}],"collection":[{"href":"https:\/\/fmtinkunaco.ar\/index.php?rest_route=\/wp\/v2\/posts"}],"about":[{"href":"https:\/\/fmtinkunaco.ar\/index.php?rest_route=\/wp\/v2\/types\/post"}],"author":[{"embeddable":true,"href":"https:\/\/fmtinkunaco.ar\/index.php?rest_route=\/wp\/v2\/users\/1"}],"replies":[{"embeddable":true,"href":"https:\/\/fmtinkunaco.ar\/index.php?rest_route=%2Fwp%2Fv2%2Fcomments&post=5177"}],"version-history":[{"count":0,"href":"https:\/\/fmtinkunaco.ar\/index.php?rest_route=\/wp\/v2\/posts\/5177\/revisions"}],"wp:featuredmedia":[{"embeddable":true,"href":"https:\/\/fmtinkunaco.ar\/index.php?rest_route=\/"}],"wp:attachment":[{"href":"https:\/\/fmtinkunaco.ar\/index.php?rest_route=%2Fwp%2Fv2%2Fmedia&parent=5177"}],"wp:term":[{"taxonomy":"category","embeddable":true,"href":"https:\/\/fmtinkunaco.ar\/index.php?rest_route=%2Fwp%2Fv2%2Fcategories&post=5177"},{"taxonomy":"post_tag","embeddable":true,"href":"https:\/\/fmtinkunaco.ar\/index.php?rest_route=%2Fwp%2Fv2%2Ftags&post=5177"}],"curies":[{"name":"wp","href":"https:\/\/api.w.org\/{rel}","templated":true}]}}