{"id":5185,"date":"2022-12-22T14:39:35","date_gmt":"2022-12-22T17:39:35","guid":{"rendered":"http:\/\/fmtinkunaco.com.ar\/?p=5185"},"modified":"2022-12-22T14:39:35","modified_gmt":"2022-12-22T17:39:35","slug":"tren-san-martin-ayer-finalizaron-las-obras-en-la-estacion-de-palermo","status":"publish","type":"post","link":"https:\/\/fmtinkunaco.ar\/?p=5185","title":{"rendered":"Tren San Mart\u00edn: Ayer finalizaron las obras en la estaci\u00f3n de Palermo"},"content":{"rendered":"<p>Ayer por la tarde, mi\u00e9rcoles 21 de diciembre, finalizaron las obras en la estaci\u00f3n de Palermo, quedando inaugurada de manera completa.<\/p>\n<p>Recordamos que a pesar de las obras, el servicio segu\u00eda deteni\u00e9ndose en la estaci\u00f3n.<\/p>\n<p>En di\u00e1logo con la FM Tinkunaco, Alejandro Alvite, integrante del Movimiento Nacional Ferroviario y Maquinista del Tren San Mart\u00edn, se refiri\u00f3 a esta inauguraci\u00f3n <em>\u201cEn el San Mart\u00edn, finalmente, ayer por la tarde se inaugur\u00f3 la estaci\u00f3n de Palermo; por fin, despu\u00e9s de dos a\u00f1os y pico de obras se inaugur\u00f3 finalmente. (\u2026) El tren paraba igual pero la gente ten\u00eda que bajar por atr\u00e1s y dar una vuelta de casi 500 metros para llegar a Avenida Santa Fe. Ahora vuelve a la normalidad y la entrada y la salida de la estaci\u00f3n est\u00e1n principalmente sobre Santa Fe\u201d<\/em><\/p>\n<p>Alvite, adem\u00e1s, remarc\u00f3 <em>\u201cLa que queda pendiente es Villa Crespo, la \u00faltima que queda para ver si se puede inaugurar en el 2023, por lo menos, antes de que cambie la gesti\u00f3n\u201d.<\/em><\/p>\n<p>Compartimos la entrevista completa<\/p>\n<p><a href=\"https:\/\/archive.org\/details\/audio-alvite-22-12-2022\">Descargar<\/a><\/p>\n<audio class=\"wp-audio-shortcode\" id=\"audio-5185-2\" preload=\"none\" style=\"width: 100%;\" controls=\"controls\"><source type=\"audio\/mpeg\" src=\"https:\/\/archive.org\/download\/audio-alvite-22-12-2022\/AUDIO%20-%20ALVITE%2022%2012%202022.mp3?_=2\" \/><a href=\"https:\/\/archive.org\/download\/audio-alvite-22-12-2022\/AUDIO%20-%20ALVITE%2022%2012%202022.mp3\">https:\/\/archive.org\/download\/audio-alvite-22-12-2022\/AUDIO%20-%20ALVITE%2022%2012%202022.mp3<\/a><\/audio>\n<div class=\"powerpress_player\" id=\"powerpress_player_5426\"><audio class=\"wp-audio-shortcode\" id=\"audio-5185-1\" preload=\"none\" style=\"width: 100%;\" controls=\"controls\"><source type=\"audio\/mpeg\" src=\"https:\/\/archive.org\/download\/audio-alvite-22-12-2022\/AUDIO%20-%20ALVITE%2022%2012%202022.mp3?_=1\" \/><a href=\"https:\/\/archive.org\/download\/audio-alvite-22-12-2022\/AUDIO%20-%20ALVITE%2022%2012%202022.mp3\">https:\/\/archive.org\/download\/audio-alvite-22-12-2022\/AUDIO%20-%20ALVITE%2022%2012%202022.mp3<\/a><\/audio><\/div><p class=\"powerpress_links powerpress_links_mp3\" style=\"margin-bottom: 1px !important;\">Podcast: <a href=\"https:\/\/archive.org\/download\/audio-alvite-22-12-2022\/AUDIO%20-%20ALVITE%2022%2012%202022.mp3\" class=\"powerpress_link_pinw\" target=\"_blank\" title=\"Reproducir en una nueva ventana\" onclick=\"return powerpress_pinw('https:\/\/fmtinkunaco.ar\/?powerpress_pinw=5185-podcast');\" rel=\"nofollow\">Reproducir en una nueva ventana<\/a> | <a href=\"https:\/\/archive.org\/download\/audio-alvite-22-12-2022\/AUDIO%20-%20ALVITE%2022%2012%202022.mp3\" class=\"powerpress_link_d\" title=\"Descargar\" rel=\"nofollow\" download=\"AUDIO%20-%20ALVITE%2022%2012%202022.mp3\">Descargar<\/a><\/p>","protected":false},"excerpt":{"rendered":"<p>Ayer por la tarde, mi\u00e9rcoles 21 de diciembre, finalizaron las obras en la estaci\u00f3n de Palermo, quedando inaugurada de manera completa. Recordamos que a pesar de las obras, el servicio segu\u00eda deteni\u00e9ndose en la estaci\u00f3n. En di\u00e1logo con la FM Tinkunaco, Alejandro Alvite, integrante del Movimiento Nacional Ferroviario y Maquinista del Tren San Mart\u00edn, se [&hellip;]<\/p>\n","protected":false},"author":1,"featured_media":4047,"comment_status":"open","ping_status":"open","sticky":false,"template":"","format":"standard","meta":{"footnotes":""},"categories":[8],"tags":[],"class_list":["post-5185","post","type-post","status-publish","format-standard","has-post-thumbnail","hentry","category-sem-categoria"],"_links":{"self":[{"href":"https:\/\/fmtinkunaco.ar\/index.php?rest_route=\/wp\/v2\/posts\/5185","targetHints":{"allow":["GET"]}}],"collection":[{"href":"https:\/\/fmtinkunaco.ar\/index.php?rest_route=\/wp\/v2\/posts"}],"about":[{"href":"https:\/\/fmtinkunaco.ar\/index.php?rest_route=\/wp\/v2\/types\/post"}],"author":[{"embeddable":true,"href":"https:\/\/fmtinkunaco.ar\/index.php?rest_route=\/wp\/v2\/users\/1"}],"replies":[{"embeddable":true,"href":"https:\/\/fmtinkunaco.ar\/index.php?rest_route=%2Fwp%2Fv2%2Fcomments&post=5185"}],"version-history":[{"count":0,"href":"https:\/\/fmtinkunaco.ar\/index.php?rest_route=\/wp\/v2\/posts\/5185\/revisions"}],"wp:featuredmedia":[{"embeddable":true,"href":"https:\/\/fmtinkunaco.ar\/index.php?rest_route=\/"}],"wp:attachment":[{"href":"https:\/\/fmtinkunaco.ar\/index.php?rest_route=%2Fwp%2Fv2%2Fmedia&parent=5185"}],"wp:term":[{"taxonomy":"category","embeddable":true,"href":"https:\/\/fmtinkunaco.ar\/index.php?rest_route=%2Fwp%2Fv2%2Fcategories&post=5185"},{"taxonomy":"post_tag","embeddable":true,"href":"https:\/\/fmtinkunaco.ar\/index.php?rest_route=%2Fwp%2Fv2%2Ftags&post=5185"}],"curies":[{"name":"wp","href":"https:\/\/api.w.org\/{rel}","templated":true}]}}