{"id":524,"date":"2011-03-11T08:46:00","date_gmt":"2011-03-11T11:46:00","guid":{"rendered":"http:\/\/fmtinkunaco.redelivre.org.br\/la-tinku-estuvo-presente-en-la-movilizacion-cultural\/"},"modified":"2011-03-11T08:46:00","modified_gmt":"2011-03-11T11:46:00","slug":"la-tinku-estuvo-presente-en-la-movilizacion-cultural","status":"publish","type":"post","link":"https:\/\/fmtinkunaco.ar\/?p=524","title":{"rendered":"La Tinku estuvo presente en la movilizaci\u00f3n cultural"},"content":{"rendered":"<p>El pasado lunes (feriado de carnaval) se realiz\u00f3 una movilizaci\u00f3n cultural en el arroyo Pinazo para unir las ciudades de Derqui, Del Viso y Jos\u00e9 C Paz a trav\u00e9s de un puente que los mismo vecinos van a construir.<\/p>\n<p>Ademas durante la jornada se propuso que este lugar sea considerado la \u00abReserva Natural Arroyo Pinazo\u00bb.<\/p>\n<p>Se dieron cita en el lugar: La Biblioteca Popular Palabras del Alma, La Biblioteca Popular Paulo Freire, La reserva natural de Pilar, La FM Del Viso, El Diario El Apogeo, El Centro Cultural Integrarte, La MEJO &#8211; Mesa de j\u00f3venes regional, ASD de Presidente Derqui, la murga Herederos de \u00datopias, entre tantos otros y otras&#8230; y por supuesto que la Tinku estuvo all\u00ed.<\/p>\n<p>Hay muchas imagenes del evento en: <a href=\"http:\/\/www.facebook.com\/album.php?aid=38549&amp;id=100000860785655\">http:\/\/www.facebook.com\/album.php?aid=38549&amp;id=100000860785655<\/a><\/p>\n","protected":false},"excerpt":{"rendered":"<p>El pasado lunes (feriado de carnaval) se realiz\u00f3 una movilizaci\u00f3n cultural en el arroyo Pinazo para unir las ciudades de Derqui, Del Viso y Jos\u00e9 C Paz a trav\u00e9s de un puente que los mismo vecinos van a construir. Ademas durante la jornada se propuso que este lugar sea considerado la \u00abReserva Natural Arroyo Pinazo\u00bb. [&hellip;]<\/p>\n","protected":false},"author":1,"featured_media":0,"comment_status":"open","ping_status":"open","sticky":false,"template":"","format":"standard","meta":{"footnotes":""},"categories":[8],"tags":[],"class_list":["post-524","post","type-post","status-publish","format-standard","hentry","category-sem-categoria"],"_links":{"self":[{"href":"https:\/\/fmtinkunaco.ar\/index.php?rest_route=\/wp\/v2\/posts\/524","targetHints":{"allow":["GET"]}}],"collection":[{"href":"https:\/\/fmtinkunaco.ar\/index.php?rest_route=\/wp\/v2\/posts"}],"about":[{"href":"https:\/\/fmtinkunaco.ar\/index.php?rest_route=\/wp\/v2\/types\/post"}],"author":[{"embeddable":true,"href":"https:\/\/fmtinkunaco.ar\/index.php?rest_route=\/wp\/v2\/users\/1"}],"replies":[{"embeddable":true,"href":"https:\/\/fmtinkunaco.ar\/index.php?rest_route=%2Fwp%2Fv2%2Fcomments&post=524"}],"version-history":[{"count":0,"href":"https:\/\/fmtinkunaco.ar\/index.php?rest_route=\/wp\/v2\/posts\/524\/revisions"}],"wp:attachment":[{"href":"https:\/\/fmtinkunaco.ar\/index.php?rest_route=%2Fwp%2Fv2%2Fmedia&parent=524"}],"wp:term":[{"taxonomy":"category","embeddable":true,"href":"https:\/\/fmtinkunaco.ar\/index.php?rest_route=%2Fwp%2Fv2%2Fcategories&post=524"},{"taxonomy":"post_tag","embeddable":true,"href":"https:\/\/fmtinkunaco.ar\/index.php?rest_route=%2Fwp%2Fv2%2Ftags&post=524"}],"curies":[{"name":"wp","href":"https:\/\/api.w.org\/{rel}","templated":true}]}}