{"id":5261,"date":"2023-03-22T10:21:03","date_gmt":"2023-03-22T13:21:03","guid":{"rendered":"http:\/\/fmtinkunaco.com.ar\/?p=5261"},"modified":"2023-03-22T10:21:03","modified_gmt":"2023-03-22T13:21:03","slug":"hospital-falcon-sigue-el-paro-de-las-y-los-profesiones-de-la-salud","status":"publish","type":"post","link":"https:\/\/fmtinkunaco.ar\/?p=5261","title":{"rendered":"Hospital Falc\u00f3n: Sigue el paro de las y los profesiones de la salud"},"content":{"rendered":"<p>El lunes 20 de marzo se realiz\u00f3 una nueva asamblea en la que se puso en evidencia la situaci\u00f3n cr\u00edtica del Hospital Pedi\u00e1trico Falc\u00f3n.<\/p>\n<p>Hasta la \u00faltima asamblea, son 19 los m\u00e9dicos y m\u00e9dicas que renunciaron ante las precarias condiciones de trabajo.<\/p>\n<p>Marcelo Regner, Secretario Adjunto de la Seccional Norte del Sindicato de M\u00e9dicos de la Asociaci\u00f3n de M\u00e9dicos de la Rep\u00fablica Argentina (AMRA), remarco la situaci\u00f3n del sector de emergencia <em>\u201cHay emergencias que hay profesionales de guardia para el sector de internaci\u00f3n que tiene 60 camas, que en este momento tiene 40 camas ocupadas, y tiene el sector de emergencia para la atenci\u00f3n de los que llegan a consultorios de guardia externa y entonces el sector de emergencia que tendr\u00eda que tener entre 4 o 5 m\u00e9dicos de guardia por d\u00eda, llega a tener 1 o 2 algunos d\u00edas. Estamos en asamblea permanente y escuchando a los profesionales preocupados porque no saben si a la noche van a tener un m\u00e9dico que lo reemplace porque la guardia est\u00e1 vacante, vac\u00eda, por los m\u00e9dicos que renunciaron porque los que renuncian son los m\u00e9dicos de guardia. Renunci\u00f3 tambi\u00e9n el Jefe de emergencia porque ante esta situaci\u00f3n lo desbordo y renuncio y tambi\u00e9n renuncio el Jefe de sala, por la misma situaci\u00f3n, \u00a0porque llega un momento que no tienen m\u00e9dicos en el sector de internaci\u00f3n para que hagan la atenci\u00f3n de los pacientes internados\u201d.<\/em><\/p>\n<p>Regner, adem\u00e1s, hizo referencia a la falta de inter\u00e9s de las autoridades municipales a la hora de dialogar <em>\u201cNo tienen intenci\u00f3n de dialogar con nosotros, el \u00fanico con el que tuvimos un momento de reuni\u00f3n y dialogo es con el director que tomo el cargo de la direcci\u00f3n hace unas semanas, el Licenciado Juan Moreira, hasta el momento nos da un aliento de que est\u00e1n pensando en mejorar la situaci\u00f3n salarial de los profesionales peor al momento de ped\u00edrselo por escrito con algo concreto y dirigido a los representantes de los profesionales que somos le sindicato, en ese momento no nos plantea algo concreto y todo queda en \u00e9l ni. <\/em><br \/>\n<em> (\u2026) Es por falta de intenci\u00f3n de convocar al dialogo por parte del Ejecutivo, del Intendente Achaval, entonces nosotros estamos siempre dispuestos y abiertos al dialogo pero no vemos esa disposici\u00f3n\u201d.<\/em><\/p>\n<p>Las y los profesionales de la salud del Hospital Municipal pedi\u00e1trico Falc\u00f3n de Pilar exigen respuestas inmediatas y concretas por parte del Ejecutivo y se mantienen en estado de asamblea permanente.<\/p>\n<p>Entrevista completa realizada en el noticiero Encuentro con las Noticias<\/p>\n<p><a href=\"https:\/\/archive.org\/details\/audio-marcelo-regner-22-03-2023\">Descargar<\/a><\/p>\n<audio class=\"wp-audio-shortcode\" id=\"audio-5261-2\" preload=\"none\" style=\"width: 100%;\" controls=\"controls\"><source type=\"audio\/mpeg\" src=\"https:\/\/archive.org\/download\/audio-marcelo-regner-22-03-2023\/AUDIO%20-%20MARCELO%20REGNER%2022%2003%202023.mp3?_=2\" \/><a href=\"https:\/\/archive.org\/download\/audio-marcelo-regner-22-03-2023\/AUDIO%20-%20MARCELO%20REGNER%2022%2003%202023.mp3\">https:\/\/archive.org\/download\/audio-marcelo-regner-22-03-2023\/AUDIO%20-%20MARCELO%20REGNER%2022%2003%202023.mp3<\/a><\/audio>\n<div class=\"powerpress_player\" id=\"powerpress_player_1399\"><audio class=\"wp-audio-shortcode\" id=\"audio-5261-1\" preload=\"none\" style=\"width: 100%;\" controls=\"controls\"><source type=\"audio\/mpeg\" src=\"https:\/\/archive.org\/download\/audio-marcelo-regner-22-03-2023\/AUDIO%20-%20MARCELO%20REGNER%2022%2003%202023.mp3?_=1\" \/><a href=\"https:\/\/archive.org\/download\/audio-marcelo-regner-22-03-2023\/AUDIO%20-%20MARCELO%20REGNER%2022%2003%202023.mp3\">https:\/\/archive.org\/download\/audio-marcelo-regner-22-03-2023\/AUDIO%20-%20MARCELO%20REGNER%2022%2003%202023.mp3<\/a><\/audio><\/div><p class=\"powerpress_links powerpress_links_mp3\" style=\"margin-bottom: 1px !important;\">Podcast: <a href=\"https:\/\/archive.org\/download\/audio-marcelo-regner-22-03-2023\/AUDIO%20-%20MARCELO%20REGNER%2022%2003%202023.mp3\" class=\"powerpress_link_pinw\" target=\"_blank\" title=\"Reproducir en una nueva ventana\" onclick=\"return powerpress_pinw('https:\/\/fmtinkunaco.ar\/?powerpress_pinw=5261-podcast');\" rel=\"nofollow\">Reproducir en una nueva ventana<\/a> | <a href=\"https:\/\/archive.org\/download\/audio-marcelo-regner-22-03-2023\/AUDIO%20-%20MARCELO%20REGNER%2022%2003%202023.mp3\" class=\"powerpress_link_d\" title=\"Descargar\" rel=\"nofollow\" download=\"AUDIO%20-%20MARCELO%20REGNER%2022%2003%202023.mp3\">Descargar<\/a><\/p>","protected":false},"excerpt":{"rendered":"<p>El lunes 20 de marzo se realiz\u00f3 una nueva asamblea en la que se puso en evidencia la situaci\u00f3n cr\u00edtica del Hospital Pedi\u00e1trico Falc\u00f3n. Hasta la \u00faltima asamblea, son 19 los m\u00e9dicos y m\u00e9dicas que renunciaron ante las precarias condiciones de trabajo. Marcelo Regner, Secretario Adjunto de la Seccional Norte del Sindicato de M\u00e9dicos de [&hellip;]<\/p>\n","protected":false},"author":1,"featured_media":5262,"comment_status":"open","ping_status":"open","sticky":false,"template":"","format":"standard","meta":{"footnotes":""},"categories":[7],"tags":[],"class_list":["post-5261","post","type-post","status-publish","format-standard","has-post-thumbnail","hentry","category-salud"],"_links":{"self":[{"href":"https:\/\/fmtinkunaco.ar\/index.php?rest_route=\/wp\/v2\/posts\/5261","targetHints":{"allow":["GET"]}}],"collection":[{"href":"https:\/\/fmtinkunaco.ar\/index.php?rest_route=\/wp\/v2\/posts"}],"about":[{"href":"https:\/\/fmtinkunaco.ar\/index.php?rest_route=\/wp\/v2\/types\/post"}],"author":[{"embeddable":true,"href":"https:\/\/fmtinkunaco.ar\/index.php?rest_route=\/wp\/v2\/users\/1"}],"replies":[{"embeddable":true,"href":"https:\/\/fmtinkunaco.ar\/index.php?rest_route=%2Fwp%2Fv2%2Fcomments&post=5261"}],"version-history":[{"count":0,"href":"https:\/\/fmtinkunaco.ar\/index.php?rest_route=\/wp\/v2\/posts\/5261\/revisions"}],"wp:featuredmedia":[{"embeddable":true,"href":"https:\/\/fmtinkunaco.ar\/index.php?rest_route=\/"}],"wp:attachment":[{"href":"https:\/\/fmtinkunaco.ar\/index.php?rest_route=%2Fwp%2Fv2%2Fmedia&parent=5261"}],"wp:term":[{"taxonomy":"category","embeddable":true,"href":"https:\/\/fmtinkunaco.ar\/index.php?rest_route=%2Fwp%2Fv2%2Fcategories&post=5261"},{"taxonomy":"post_tag","embeddable":true,"href":"https:\/\/fmtinkunaco.ar\/index.php?rest_route=%2Fwp%2Fv2%2Ftags&post=5261"}],"curies":[{"name":"wp","href":"https:\/\/api.w.org\/{rel}","templated":true}]}}