{"id":527,"date":"2011-02-23T22:17:00","date_gmt":"2011-02-24T01:17:00","guid":{"rendered":"http:\/\/fmtinkunaco.redelivre.org.br\/comienza-el-yo-si-puedo-en-jose-c-paz\/"},"modified":"2011-02-23T22:17:00","modified_gmt":"2011-02-24T01:17:00","slug":"comienza-el-yo-si-puedo-en-jose-c-paz","status":"publish","type":"post","link":"https:\/\/fmtinkunaco.ar\/?p=527","title":{"rendered":"Comienza el \u00abYo si Puedo\u00bb en Jos\u00e9 C. Paz"},"content":{"rendered":"<p>El programa de alfabetizaci\u00f3n para adultos nacido en Cuba y con presencia en Americalatina llega al barrio San Atilio.<br \/>El pr\u00f3ximo lunes 28 de Febrero comienza en la Biblioteca Popular Paulo Freire la propuesta de alfabetizaci\u00f3n para adultos \u00abYo si puedo\u00bb.<\/p>\n<p>Ya hay cinco interesados y se esta realizando la invitaci\u00f3n a los vecinos y vecinas del barrio y barrios cercanos.<\/p>\n<p>La Biblioteca Popular Paulo Freire esta ubicada en Cumana y Managua, barrio San Atilio, Jos\u00e9 C Paz.<\/p>\n<p>Contacto: bibliotecapopularpaulofreire@yahoo.com.ar<\/p>\n","protected":false},"excerpt":{"rendered":"<p>El programa de alfabetizaci\u00f3n para adultos nacido en Cuba y con presencia en Americalatina llega al barrio San Atilio.El pr\u00f3ximo lunes 28 de Febrero comienza en la Biblioteca Popular Paulo Freire la propuesta de alfabetizaci\u00f3n para adultos \u00abYo si puedo\u00bb. Ya hay cinco interesados y se esta realizando la invitaci\u00f3n a los vecinos y vecinas [&hellip;]<\/p>\n","protected":false},"author":1,"featured_media":0,"comment_status":"open","ping_status":"open","sticky":false,"template":"","format":"standard","meta":{"footnotes":""},"categories":[8],"tags":[],"class_list":["post-527","post","type-post","status-publish","format-standard","hentry","category-sem-categoria"],"_links":{"self":[{"href":"https:\/\/fmtinkunaco.ar\/index.php?rest_route=\/wp\/v2\/posts\/527","targetHints":{"allow":["GET"]}}],"collection":[{"href":"https:\/\/fmtinkunaco.ar\/index.php?rest_route=\/wp\/v2\/posts"}],"about":[{"href":"https:\/\/fmtinkunaco.ar\/index.php?rest_route=\/wp\/v2\/types\/post"}],"author":[{"embeddable":true,"href":"https:\/\/fmtinkunaco.ar\/index.php?rest_route=\/wp\/v2\/users\/1"}],"replies":[{"embeddable":true,"href":"https:\/\/fmtinkunaco.ar\/index.php?rest_route=%2Fwp%2Fv2%2Fcomments&post=527"}],"version-history":[{"count":0,"href":"https:\/\/fmtinkunaco.ar\/index.php?rest_route=\/wp\/v2\/posts\/527\/revisions"}],"wp:attachment":[{"href":"https:\/\/fmtinkunaco.ar\/index.php?rest_route=%2Fwp%2Fv2%2Fmedia&parent=527"}],"wp:term":[{"taxonomy":"category","embeddable":true,"href":"https:\/\/fmtinkunaco.ar\/index.php?rest_route=%2Fwp%2Fv2%2Fcategories&post=527"},{"taxonomy":"post_tag","embeddable":true,"href":"https:\/\/fmtinkunaco.ar\/index.php?rest_route=%2Fwp%2Fv2%2Ftags&post=527"}],"curies":[{"name":"wp","href":"https:\/\/api.w.org\/{rel}","templated":true}]}}