{"id":5271,"date":"2023-03-28T10:30:53","date_gmt":"2023-03-28T13:30:53","guid":{"rendered":"http:\/\/fmtinkunaco.com.ar\/?p=5271"},"modified":"2023-03-28T10:30:53","modified_gmt":"2023-03-28T13:30:53","slug":"la-maternidad-estela-de-carlotto-cumple-10-anos","status":"publish","type":"post","link":"https:\/\/fmtinkunaco.ar\/?p=5271","title":{"rendered":"La Maternidad Estela de Carlotto cumple 10 a\u00f1os"},"content":{"rendered":"<p>La Maternidad Estela de Carlotto de Moreno, cumple 10 a\u00f1os de trabajo en la regi\u00f3n y ya iniciaron las actividades de celebraci\u00f3n bajo la consigna \u201c10 d\u00edas para celebrar, 10 a\u00f1os de camino compartido\u201d.<\/p>\n<p>El Doctor Eduardo Fern\u00e1ndez, es Director Ejecutivo de la Maternidad Estela de Carlotto, se refiri\u00f3 a las actividades en celebraci\u00f3n de estos primeros 10 a\u00f1os de trabajo <em>\u201cEn estos 10 d\u00edas durante las ma\u00f1anas, las tardes, y a veces las noches tambi\u00e9n en la Maternidad tenemos actividades propuestas como hacer radios abiertas en el medio de la sala de espera, la primera fue en el d\u00eda de ayer, ayer hablando de derechos sexuales, reproductivos y no reproductivos. (\u2026) Y por estos d\u00edas hay programados cine debate con los trabajadores y trabajadoras de la Maternidad, otras radios abiertas con temas como vasectom\u00eda para los varones que acuden a la Maternidad. (\u2026) Realmente son una cantidad de actividades que nos enorgullecen y que tambi\u00e9n est\u00e1n de la mano de compartirlo con la comunidad\u201d.<\/em><\/p>\n<p>El Doctor Fern\u00e1ndez, tambi\u00e9n explic\u00f3 los principales pilares del modelo de atenci\u00f3n de la Maternidad <em>\u201cNaci\u00f3 en el 2013, ah\u00ed arrancamos este proyecto que cumple 10 a\u00f1os, siempre basado en algunos pilares que es darle protagonismo a las personas que se vienen a asistir y el equipo de salud acompa\u00f1ar, tratando de corrernos del sistema medico hegem\u00f3nico, tratar de ser un hospital, como siempre decimos, no solo prestador de servicios si no fundamentalmente garante de derechos\u201d.<br \/>\n<\/em><\/p>\n<p>Finalmente, el Director, describi\u00f3 la gratificaci\u00f3n personal de trabajar en el espacio <em>\u201cLa verdad que estos 10 a\u00f1os fueron duros, duros porque tuvimos que aprender una nueva modalidad, desaprender lo aprendido y aprender lo que deb\u00eda. (\u2026) Lo que si te puedo decir es que repetir\u00eda de vuelta esta experiencia, fue una experiencia en lo profesional y en lo personal trascendental, creo que esta forma de trabajar te gratifica, vale la pena hacer este paso por esta experiencia de la Maternidad\u201d.<\/em><\/p>\n<p>Las actividades en el marco de los 10 a\u00f1os comenzaron en el d\u00eda de ayer y contin\u00faan hasta el pr\u00f3ximo mi\u00e9rcoles 5 de abril. Podes informarte del cronograma haciendo <a href=\"https:\/\/www.facebook.com\/photo.php?fbid=550126150567331&amp;set=pb.100067098515537.-2207520000.&amp;type=3\"><em>click aqu\u00ed.<\/em><\/a><\/p>\n<p>Entrevista completa realizada en el noticiero Encuentro con las Noticias<\/p>\n<p><a href=\"https:\/\/archive.org\/details\/audio-eduardo-fernandez-maternidad-carlotto-28-03-2023\">Descargar<\/a><\/p>\n<audio class=\"wp-audio-shortcode\" id=\"audio-5271-2\" preload=\"none\" style=\"width: 100%;\" controls=\"controls\"><source type=\"audio\/mpeg\" src=\"https:\/\/archive.org\/download\/audio-eduardo-fernandez-maternidad-carlotto-28-03-2023\/AUDIO%20-%20EDUARDO%20FERNANDEZ%20%28MATERNIDAD%20CARLOTTO%29%2028%2003%202023.mp3?_=2\" \/><a href=\"https:\/\/archive.org\/download\/audio-eduardo-fernandez-maternidad-carlotto-28-03-2023\/AUDIO%20-%20EDUARDO%20FERNANDEZ%20%28MATERNIDAD%20CARLOTTO%29%2028%2003%202023.mp3\">https:\/\/archive.org\/download\/audio-eduardo-fernandez-maternidad-carlotto-28-03-2023\/AUDIO%20-%20EDUARDO%20FERNANDEZ%20%28MATERNIDAD%20CARLOTTO%29%2028%2003%202023.mp3<\/a><\/audio>\n<p><em>\u00a0<\/em><\/p>\n<p>&nbsp;<\/p>\n<div class=\"powerpress_player\" id=\"powerpress_player_6481\"><audio class=\"wp-audio-shortcode\" id=\"audio-5271-1\" preload=\"none\" style=\"width: 100%;\" controls=\"controls\"><source type=\"audio\/mpeg\" src=\"https:\/\/archive.org\/download\/audio-eduardo-fernandez-maternidad-carlotto-28-03-2023\/AUDIO%20-%20EDUARDO%20FERNANDEZ%20%28MATERNIDAD%20CARLOTTO%29%2028%2003%202023.mp3?_=1\" \/><a href=\"https:\/\/archive.org\/download\/audio-eduardo-fernandez-maternidad-carlotto-28-03-2023\/AUDIO%20-%20EDUARDO%20FERNANDEZ%20%28MATERNIDAD%20CARLOTTO%29%2028%2003%202023.mp3\">https:\/\/archive.org\/download\/audio-eduardo-fernandez-maternidad-carlotto-28-03-2023\/AUDIO%20-%20EDUARDO%20FERNANDEZ%20%28MATERNIDAD%20CARLOTTO%29%2028%2003%202023.mp3<\/a><\/audio><\/div><p class=\"powerpress_links powerpress_links_mp3\" style=\"margin-bottom: 1px !important;\">Podcast: <a href=\"https:\/\/archive.org\/download\/audio-eduardo-fernandez-maternidad-carlotto-28-03-2023\/AUDIO%20-%20EDUARDO%20FERNANDEZ%20%28MATERNIDAD%20CARLOTTO%29%2028%2003%202023.mp3\" class=\"powerpress_link_pinw\" target=\"_blank\" title=\"Reproducir en una nueva ventana\" onclick=\"return powerpress_pinw('https:\/\/fmtinkunaco.ar\/?powerpress_pinw=5271-podcast');\" rel=\"nofollow\">Reproducir en una nueva ventana<\/a> | <a href=\"https:\/\/archive.org\/download\/audio-eduardo-fernandez-maternidad-carlotto-28-03-2023\/AUDIO%20-%20EDUARDO%20FERNANDEZ%20%28MATERNIDAD%20CARLOTTO%29%2028%2003%202023.mp3\" class=\"powerpress_link_d\" title=\"Descargar\" rel=\"nofollow\" download=\"AUDIO%20-%20EDUARDO%20FERNANDEZ%20%28MATERNIDAD%20CARLOTTO%29%2028%2003%202023.mp3\">Descargar<\/a><\/p>","protected":false},"excerpt":{"rendered":"<p>La Maternidad Estela de Carlotto de Moreno, cumple 10 a\u00f1os de trabajo en la regi\u00f3n y ya iniciaron las actividades de celebraci\u00f3n bajo la consigna \u201c10 d\u00edas para celebrar, 10 a\u00f1os de camino compartido\u201d. El Doctor Eduardo Fern\u00e1ndez, es Director Ejecutivo de la Maternidad Estela de Carlotto, se refiri\u00f3 a las actividades en celebraci\u00f3n de [&hellip;]<\/p>\n","protected":false},"author":1,"featured_media":5272,"comment_status":"open","ping_status":"open","sticky":false,"template":"","format":"standard","meta":{"footnotes":""},"categories":[7],"tags":[],"class_list":["post-5271","post","type-post","status-publish","format-standard","has-post-thumbnail","hentry","category-salud"],"_links":{"self":[{"href":"https:\/\/fmtinkunaco.ar\/index.php?rest_route=\/wp\/v2\/posts\/5271","targetHints":{"allow":["GET"]}}],"collection":[{"href":"https:\/\/fmtinkunaco.ar\/index.php?rest_route=\/wp\/v2\/posts"}],"about":[{"href":"https:\/\/fmtinkunaco.ar\/index.php?rest_route=\/wp\/v2\/types\/post"}],"author":[{"embeddable":true,"href":"https:\/\/fmtinkunaco.ar\/index.php?rest_route=\/wp\/v2\/users\/1"}],"replies":[{"embeddable":true,"href":"https:\/\/fmtinkunaco.ar\/index.php?rest_route=%2Fwp%2Fv2%2Fcomments&post=5271"}],"version-history":[{"count":0,"href":"https:\/\/fmtinkunaco.ar\/index.php?rest_route=\/wp\/v2\/posts\/5271\/revisions"}],"wp:featuredmedia":[{"embeddable":true,"href":"https:\/\/fmtinkunaco.ar\/index.php?rest_route=\/"}],"wp:attachment":[{"href":"https:\/\/fmtinkunaco.ar\/index.php?rest_route=%2Fwp%2Fv2%2Fmedia&parent=5271"}],"wp:term":[{"taxonomy":"category","embeddable":true,"href":"https:\/\/fmtinkunaco.ar\/index.php?rest_route=%2Fwp%2Fv2%2Fcategories&post=5271"},{"taxonomy":"post_tag","embeddable":true,"href":"https:\/\/fmtinkunaco.ar\/index.php?rest_route=%2Fwp%2Fv2%2Ftags&post=5271"}],"curies":[{"name":"wp","href":"https:\/\/api.w.org\/{rel}","templated":true}]}}