{"id":531,"date":"2011-02-17T15:12:00","date_gmt":"2011-02-17T18:12:00","guid":{"rendered":"http:\/\/fmtinkunaco.redelivre.org.br\/jovenes-en-accion-16-de-febrero-del-2011\/"},"modified":"2011-02-17T15:12:00","modified_gmt":"2011-02-17T18:12:00","slug":"jovenes-en-accion-16-de-febrero-del-2011","status":"publish","type":"post","link":"https:\/\/fmtinkunaco.ar\/?p=531","title":{"rendered":"J\u00f3venes en Acci\u00f3n 16 de Febrero del 2011"},"content":{"rendered":"<p>Compartimos el programa de la mesa de j\u00f3venes regional &#8211; MEJO.<\/p>\n<p>Para descargar este programa <a href=\"http:\/\/www.archive.org\/download\/PGM_JA_16_02_2011\/PGM_JA_16_02_11.mp3\">click aca<\/a><\/p>\n","protected":false},"excerpt":{"rendered":"<p>Compartimos el programa de la mesa de j\u00f3venes regional &#8211; MEJO. Para descargar este programa click aca<\/p>\n","protected":false},"author":1,"featured_media":0,"comment_status":"open","ping_status":"open","sticky":false,"template":"","format":"standard","meta":{"footnotes":""},"categories":[8],"tags":[],"class_list":["post-531","post","type-post","status-publish","format-standard","hentry","category-sem-categoria"],"_links":{"self":[{"href":"https:\/\/fmtinkunaco.ar\/index.php?rest_route=\/wp\/v2\/posts\/531","targetHints":{"allow":["GET"]}}],"collection":[{"href":"https:\/\/fmtinkunaco.ar\/index.php?rest_route=\/wp\/v2\/posts"}],"about":[{"href":"https:\/\/fmtinkunaco.ar\/index.php?rest_route=\/wp\/v2\/types\/post"}],"author":[{"embeddable":true,"href":"https:\/\/fmtinkunaco.ar\/index.php?rest_route=\/wp\/v2\/users\/1"}],"replies":[{"embeddable":true,"href":"https:\/\/fmtinkunaco.ar\/index.php?rest_route=%2Fwp%2Fv2%2Fcomments&post=531"}],"version-history":[{"count":0,"href":"https:\/\/fmtinkunaco.ar\/index.php?rest_route=\/wp\/v2\/posts\/531\/revisions"}],"wp:attachment":[{"href":"https:\/\/fmtinkunaco.ar\/index.php?rest_route=%2Fwp%2Fv2%2Fmedia&parent=531"}],"wp:term":[{"taxonomy":"category","embeddable":true,"href":"https:\/\/fmtinkunaco.ar\/index.php?rest_route=%2Fwp%2Fv2%2Fcategories&post=531"},{"taxonomy":"post_tag","embeddable":true,"href":"https:\/\/fmtinkunaco.ar\/index.php?rest_route=%2Fwp%2Fv2%2Ftags&post=531"}],"curies":[{"name":"wp","href":"https:\/\/api.w.org\/{rel}","templated":true}]}}