{"id":5346,"date":"2023-04-18T10:28:05","date_gmt":"2023-04-18T13:28:05","guid":{"rendered":"https:\/\/fmtinkunaco.com.ar\/?p=5346"},"modified":"2023-04-18T10:28:05","modified_gmt":"2023-04-18T13:28:05","slug":"barrio-santa-rita-la-fuerza-aerea-quiere-desalojar-a-mas-de-100-familias","status":"publish","type":"post","link":"https:\/\/fmtinkunaco.ar\/?p=5346","title":{"rendered":"Barrio Santa Rita: La Fuerza A\u00e9rea quiere desalojar a m\u00e1s de 100 familias"},"content":{"rendered":"<p>La Fuerza A\u00e9rea pretende desalojar a m\u00e1s de 100 familias del Barrio Aeron\u00e1utico Santa Rita, conformado por 5 manzanas entre las calles Montes de Oca, Labarden, Wilde y Oliden de Jos\u00e9 C. Paz.<\/p>\n<p>Rodrigo Barrios, referente del espacio Encuentro Peronista, se refiri\u00f3 a la construcci\u00f3n de las casas <em>\u201cSe construy\u00f3 a trav\u00e9s del cr\u00e9dito hipotecario y plan 25 de mayo, el peronismo tenia distintos planes de construcci\u00f3n de viviendas y muchas veces se destinaban a sindicatos, bueno, este barrio era destinado para el sindicato, si no me falla la informaci\u00f3n, gastron\u00f3mico pero vino la dictadura militar y como los militares se apropiaron de muchas cosas que no les correspond\u00edan, tambi\u00e9n tomaron la posesi\u00f3n y el uso de todos los barrios que se estaban construyendo con estos cr\u00e9ditos hipotecarios y se los repartieron. A este se lo llevo la fuerza a\u00e9rea y ah\u00ed empezaron a hacer explotaci\u00f3n de este barrio. (\u2026) En este caso nosotros estamos hablando de 4\/5 manzanas que todav\u00eda est\u00e1n en uso con la fuerza\u201d.<\/em><\/p>\n<p>Barrios, adem\u00e1s, remarco <em>\u201cNo son tomas, son casas que se construyeron y nunca se les dio el uso que correspond\u00eda. Son casas que las fuerzas usaba para darle a sus soldados para que puedan vivir, en este caso muchos de la fuerza a\u00e9rea de la quinta de Moreno pero lo que pasa es que no los estaban usando, eso es lo que llama la atenci\u00f3n, ac\u00e1 ya hay generaciones que pasaron, gente que hace 20\/30 a\u00f1os que tienen estas viviendas, que su \u00faltimo contrato de alquiler con la fuerza est\u00e1 en el 2001, 2012. Por eso es importante aclarar esto, esto no es una toma, son barrios formales, casas construidas por el gobierno, no es un terreno vac\u00edo\u201d.<\/em><\/p>\n<p>Algunas familias ya tienen la orden de desalojo firmada por el juez y otras familias, que a\u00fan tienen a sus familiares desempe\u00f1\u00e1ndose a\u00fan en el ej\u00e9rcito, est\u00e1n sufriendo acoso dentro de las fuerzas.<\/p>\n<p>Situaciones similares se vivieron en la localidad de Mor\u00f3n, concret\u00e1ndose el desalojo \u00a0y en la provincia de C\u00f3rdoba un abogado logr\u00f3 detener el desalojo.<\/p>\n<p>Finalmente, Rodrigo Barrios, sostuvo que una de las pr\u00f3ximas acciones es acercarle una carta a Jorge Taiana.<\/p>\n<p>Entrevista completa realizada en el noticiero Encuentro con las Noticias<\/p>\n<p><a href=\"https:\/\/archive.org\/details\/audio-rodrigo-barrios-18-04-2023\">Descargar<\/a><\/p>\n<audio class=\"wp-audio-shortcode\" id=\"audio-5346-2\" preload=\"none\" style=\"width: 100%;\" controls=\"controls\"><source type=\"audio\/mpeg\" src=\"https:\/\/archive.org\/download\/audio-rodrigo-barrios-18-04-2023\/AUDIO%20-%20RODRIGO%20BARRIOS%2018%2004%202023%20.mp3?_=2\" \/><a href=\"https:\/\/archive.org\/download\/audio-rodrigo-barrios-18-04-2023\/AUDIO%20-%20RODRIGO%20BARRIOS%2018%2004%202023%20.mp3\">https:\/\/archive.org\/download\/audio-rodrigo-barrios-18-04-2023\/AUDIO%20-%20RODRIGO%20BARRIOS%2018%2004%202023%20.mp3<\/a><\/audio>\n<div class=\"powerpress_player\" id=\"powerpress_player_3029\"><audio class=\"wp-audio-shortcode\" id=\"audio-5346-1\" preload=\"none\" style=\"width: 100%;\" controls=\"controls\"><source type=\"audio\/mpeg\" src=\"https:\/\/archive.org\/download\/audio-rodrigo-barrios-18-04-2023\/AUDIO%20-%20RODRIGO%20BARRIOS%2018%2004%202023%20.mp3?_=1\" \/><a href=\"https:\/\/archive.org\/download\/audio-rodrigo-barrios-18-04-2023\/AUDIO%20-%20RODRIGO%20BARRIOS%2018%2004%202023%20.mp3\">https:\/\/archive.org\/download\/audio-rodrigo-barrios-18-04-2023\/AUDIO%20-%20RODRIGO%20BARRIOS%2018%2004%202023%20.mp3<\/a><\/audio><\/div><p class=\"powerpress_links powerpress_links_mp3\" style=\"margin-bottom: 1px !important;\">Podcast: <a href=\"https:\/\/archive.org\/download\/audio-rodrigo-barrios-18-04-2023\/AUDIO%20-%20RODRIGO%20BARRIOS%2018%2004%202023%20.mp3\" class=\"powerpress_link_pinw\" target=\"_blank\" title=\"Reproducir en una nueva ventana\" onclick=\"return powerpress_pinw('https:\/\/fmtinkunaco.ar\/?powerpress_pinw=5346-podcast');\" rel=\"nofollow\">Reproducir en una nueva ventana<\/a> | <a href=\"https:\/\/archive.org\/download\/audio-rodrigo-barrios-18-04-2023\/AUDIO%20-%20RODRIGO%20BARRIOS%2018%2004%202023%20.mp3\" class=\"powerpress_link_d\" title=\"Descargar\" rel=\"nofollow\" download=\"AUDIO%20-%20RODRIGO%20BARRIOS%2018%2004%202023%20.mp3\">Descargar<\/a><\/p>","protected":false},"excerpt":{"rendered":"<p>La Fuerza A\u00e9rea pretende desalojar a m\u00e1s de 100 familias del Barrio Aeron\u00e1utico Santa Rita, conformado por 5 manzanas entre las calles Montes de Oca, Labarden, Wilde y Oliden de Jos\u00e9 C. Paz. Rodrigo Barrios, referente del espacio Encuentro Peronista, se refiri\u00f3 a la construcci\u00f3n de las casas \u201cSe construy\u00f3 a trav\u00e9s del cr\u00e9dito hipotecario [&hellip;]<\/p>\n","protected":false},"author":1,"featured_media":5347,"comment_status":"open","ping_status":"open","sticky":false,"template":"","format":"standard","meta":{"footnotes":""},"categories":[4,9],"tags":[],"class_list":["post-5346","post","type-post","status-publish","format-standard","has-post-thumbnail","hentry","category-derechos-humanos","category-sociedad"],"_links":{"self":[{"href":"https:\/\/fmtinkunaco.ar\/index.php?rest_route=\/wp\/v2\/posts\/5346","targetHints":{"allow":["GET"]}}],"collection":[{"href":"https:\/\/fmtinkunaco.ar\/index.php?rest_route=\/wp\/v2\/posts"}],"about":[{"href":"https:\/\/fmtinkunaco.ar\/index.php?rest_route=\/wp\/v2\/types\/post"}],"author":[{"embeddable":true,"href":"https:\/\/fmtinkunaco.ar\/index.php?rest_route=\/wp\/v2\/users\/1"}],"replies":[{"embeddable":true,"href":"https:\/\/fmtinkunaco.ar\/index.php?rest_route=%2Fwp%2Fv2%2Fcomments&post=5346"}],"version-history":[{"count":0,"href":"https:\/\/fmtinkunaco.ar\/index.php?rest_route=\/wp\/v2\/posts\/5346\/revisions"}],"wp:featuredmedia":[{"embeddable":true,"href":"https:\/\/fmtinkunaco.ar\/index.php?rest_route=\/"}],"wp:attachment":[{"href":"https:\/\/fmtinkunaco.ar\/index.php?rest_route=%2Fwp%2Fv2%2Fmedia&parent=5346"}],"wp:term":[{"taxonomy":"category","embeddable":true,"href":"https:\/\/fmtinkunaco.ar\/index.php?rest_route=%2Fwp%2Fv2%2Fcategories&post=5346"},{"taxonomy":"post_tag","embeddable":true,"href":"https:\/\/fmtinkunaco.ar\/index.php?rest_route=%2Fwp%2Fv2%2Ftags&post=5346"}],"curies":[{"name":"wp","href":"https:\/\/api.w.org\/{rel}","templated":true}]}}