{"id":5356,"date":"2023-04-19T13:27:13","date_gmt":"2023-04-19T16:27:13","guid":{"rendered":"https:\/\/fmtinkunaco.com.ar\/?p=5356"},"modified":"2023-04-19T13:27:13","modified_gmt":"2023-04-19T16:27:13","slug":"san-miguel-el-refugio-transitorio-candelaria-realiza-un-pedido-de-donaciones","status":"publish","type":"post","link":"https:\/\/fmtinkunaco.ar\/?p=5356","title":{"rendered":"San Miguel: El Refugio Transitorio Candelaria realiza un pedido de donaciones"},"content":{"rendered":"<p>El Refugio Transitorio Candelaria, que alberga a m\u00e1s de 250 perros, se encuentra pidiendo donaciones principalmente de alimento para poder mantener y solventar el cuidado de los animales.<\/p>\n<p>Candelaria alberga a perros adultos que se encuentran vacunados, desparasitados, castrados y se encuentra ubicado en Malnatti en 1874.<\/p>\n<p>M\u00f3nica Macri, es la referente del Refugio Candelaria, explic\u00f3 que la cantidad de perros se debe a que en pandemia dejaron muchos perros en la calle <em>\u201cTiraron muchos animales, much\u00edsimos, en pandemia fue terrible la cantidad de animales que tiraron y se fueron levantando. Ac\u00e1 en San Miguel soy el \u00fanico refugio, despu\u00e9s esta Malvinas, Jos\u00e9. C. Paz pero ac\u00e1 en San Miguel soy yo, as\u00ed que todos los animales esta ac\u00e1 casi\u201d.<\/em><\/p>\n<p>M\u00f3nica, adem\u00e1s, se refiri\u00f3 a las principales necesidades del espacio <em>\u201cAhora estamos muy complicados con el alimento porque el alimento aumento much\u00edsimo, son 5 mil pesos una bolsa de alimento, con 300 animales se est\u00e1n comiendo 3 bolsas por d\u00eda porque comen al mediod\u00eda y a la tarde, as\u00ed que es muy complicado, estamos muy complicados con el alimento de los animales. (\u2026) Vamos comprando y algunas donaciones llegan, hay gente que nos ayuda con los alimentos todos los meses pero es poca gente\u201d.<\/em><\/p>\n<p>Adem\u00e1s del pedido de alimentos, el refugio necesita art\u00edculos de limpieza.<\/p>\n<p>Para colaborar podes hacerlo mediante Mercado Pago:<\/p>\n<p><strong>Monica Isabel Macri <\/strong><br \/>\n<strong> CVU: 0000003100054717174040 <\/strong><br \/>\n<strong> Alias: agobia.surf.calma.mp<\/strong><\/p>\n<p>Entrevista completa realizada en el noticiero Encuentro con las Noticias<\/p>\n<p><a href=\"https:\/\/archive.org\/details\/audio-monica-macri-19-04-2023\">Descargar<\/a><\/p>\n<audio class=\"wp-audio-shortcode\" id=\"audio-5356-2\" preload=\"none\" style=\"width: 100%;\" controls=\"controls\"><source type=\"audio\/mpeg\" src=\"https:\/\/archive.org\/download\/audio-monica-macri-19-04-2023\/AUDIO%20-%20MONICA%20MACRI%2019%2004%202023.mp3?_=2\" \/><a href=\"https:\/\/archive.org\/download\/audio-monica-macri-19-04-2023\/AUDIO%20-%20MONICA%20MACRI%2019%2004%202023.mp3\">https:\/\/archive.org\/download\/audio-monica-macri-19-04-2023\/AUDIO%20-%20MONICA%20MACRI%2019%2004%202023.mp3<\/a><\/audio>\n<div class=\"powerpress_player\" id=\"powerpress_player_6353\"><audio class=\"wp-audio-shortcode\" id=\"audio-5356-1\" preload=\"none\" style=\"width: 100%;\" controls=\"controls\"><source type=\"audio\/mpeg\" src=\"https:\/\/archive.org\/download\/audio-monica-macri-19-04-2023\/AUDIO%20-%20MONICA%20MACRI%2019%2004%202023.mp3?_=1\" \/><a href=\"https:\/\/archive.org\/download\/audio-monica-macri-19-04-2023\/AUDIO%20-%20MONICA%20MACRI%2019%2004%202023.mp3\">https:\/\/archive.org\/download\/audio-monica-macri-19-04-2023\/AUDIO%20-%20MONICA%20MACRI%2019%2004%202023.mp3<\/a><\/audio><\/div><p class=\"powerpress_links powerpress_links_mp3\" style=\"margin-bottom: 1px !important;\">Podcast: <a href=\"https:\/\/archive.org\/download\/audio-monica-macri-19-04-2023\/AUDIO%20-%20MONICA%20MACRI%2019%2004%202023.mp3\" class=\"powerpress_link_pinw\" target=\"_blank\" title=\"Reproducir en una nueva ventana\" onclick=\"return powerpress_pinw('https:\/\/fmtinkunaco.ar\/?powerpress_pinw=5356-podcast');\" rel=\"nofollow\">Reproducir en una nueva ventana<\/a> | <a href=\"https:\/\/archive.org\/download\/audio-monica-macri-19-04-2023\/AUDIO%20-%20MONICA%20MACRI%2019%2004%202023.mp3\" class=\"powerpress_link_d\" title=\"Descargar\" rel=\"nofollow\" download=\"AUDIO%20-%20MONICA%20MACRI%2019%2004%202023.mp3\">Descargar<\/a><\/p>","protected":false},"excerpt":{"rendered":"<p>El Refugio Transitorio Candelaria, que alberga a m\u00e1s de 250 perros, se encuentra pidiendo donaciones principalmente de alimento para poder mantener y solventar el cuidado de los animales. Candelaria alberga a perros adultos que se encuentran vacunados, desparasitados, castrados y se encuentra ubicado en Malnatti en 1874. M\u00f3nica Macri, es la referente del Refugio Candelaria, [&hellip;]<\/p>\n","protected":false},"author":1,"featured_media":5357,"comment_status":"open","ping_status":"open","sticky":false,"template":"","format":"standard","meta":{"footnotes":""},"categories":[9],"tags":[],"class_list":["post-5356","post","type-post","status-publish","format-standard","has-post-thumbnail","hentry","category-sociedad"],"_links":{"self":[{"href":"https:\/\/fmtinkunaco.ar\/index.php?rest_route=\/wp\/v2\/posts\/5356","targetHints":{"allow":["GET"]}}],"collection":[{"href":"https:\/\/fmtinkunaco.ar\/index.php?rest_route=\/wp\/v2\/posts"}],"about":[{"href":"https:\/\/fmtinkunaco.ar\/index.php?rest_route=\/wp\/v2\/types\/post"}],"author":[{"embeddable":true,"href":"https:\/\/fmtinkunaco.ar\/index.php?rest_route=\/wp\/v2\/users\/1"}],"replies":[{"embeddable":true,"href":"https:\/\/fmtinkunaco.ar\/index.php?rest_route=%2Fwp%2Fv2%2Fcomments&post=5356"}],"version-history":[{"count":0,"href":"https:\/\/fmtinkunaco.ar\/index.php?rest_route=\/wp\/v2\/posts\/5356\/revisions"}],"wp:featuredmedia":[{"embeddable":true,"href":"https:\/\/fmtinkunaco.ar\/index.php?rest_route=\/"}],"wp:attachment":[{"href":"https:\/\/fmtinkunaco.ar\/index.php?rest_route=%2Fwp%2Fv2%2Fmedia&parent=5356"}],"wp:term":[{"taxonomy":"category","embeddable":true,"href":"https:\/\/fmtinkunaco.ar\/index.php?rest_route=%2Fwp%2Fv2%2Fcategories&post=5356"},{"taxonomy":"post_tag","embeddable":true,"href":"https:\/\/fmtinkunaco.ar\/index.php?rest_route=%2Fwp%2Fv2%2Ftags&post=5356"}],"curies":[{"name":"wp","href":"https:\/\/api.w.org\/{rel}","templated":true}]}}