{"id":5374,"date":"2023-04-25T10:33:22","date_gmt":"2023-04-25T13:33:22","guid":{"rendered":"https:\/\/fmtinkunaco.com.ar\/?p=5374"},"modified":"2023-04-25T10:33:22","modified_gmt":"2023-04-25T13:33:22","slug":"moreno-negociaciones-paritarias-en-cuarto-intermedio-hasta-el-viernes","status":"publish","type":"post","link":"https:\/\/fmtinkunaco.ar\/?p=5374","title":{"rendered":"Moreno: Negociaciones paritarias en cuarto intermedio hasta el viernes"},"content":{"rendered":"<p>Ayer se concret\u00f3 una nueva reuni\u00f3n paritaria entre las y los trabajadores municipales de Moreno y el Ejecutivo, que derivo en cuarto intermedio.<\/p>\n<p>Ra\u00fal Soria, Delegado de la Junta Interna de las trabajadoras y los trabajadores de ATE Moreno, describi\u00f3 la oferta del Ejecutivo <em>\u201cEl Ejecutivo lo que ha tra\u00eddo es un 30% dividido en tres tramos acumulativos pero no deja de ser insuficiente, 10 % en junio, 10% en agosto y 10% en octubre\u201d.<\/em><\/p>\n<p>Soria, adem\u00e1s, remarco <em>\u201cRealmente en insuficiente, teniendo en cuenta la perdida que venimos llevando adelante en estos tres a\u00f1os, teniendo en cuenta la p\u00e9rdida de poder adquisitivo que tuvimos el a\u00f1o pasado y el gran problema que tenemos a nivel nacional, no poder controlar la inflaci\u00f3n, el no poder generar alternativas y obviamente con el anuncio del presidente que se dispar\u00f3 nuevamente el d\u00f3lar, es un panorama m\u00e1s que complejo\u201d.<\/em><\/p>\n<p>Finalmente, Ra\u00fal Soria, explic\u00f3 que la oferta del Ejecutivo fue rechazada por los gremios y que las expectativas est\u00e1n puestas en la pr\u00f3xima mesa paritaria del d\u00eda viernes <em>\u201cNosotros esperamos que el Ejecutivo, tenemos fe de que el Ejecutivo, entienda toda esta problem\u00e1tica y que nos inyecte algo m\u00e1s de dinero. (\u2026) La gran mayor\u00eda est\u00e1 cerrando en 70, 80 o 90 porciento a octubre, nosotros entendemos que ese es el camino, que esa ser\u00eda una recomposici\u00f3n salarial que es necesaria y apelamos a que el Ejecutivo la otorgue\u201d.<\/em><\/p>\n<p>Entrevista completa realizada en el noticiero Encuentro con las Noticias<\/p>\n<p><a href=\"https:\/\/archive.org\/details\/audio-raul-soria-25-04-2023\">Descargar<\/a><\/p>\n<audio class=\"wp-audio-shortcode\" id=\"audio-5374-2\" preload=\"none\" style=\"width: 100%;\" controls=\"controls\"><source type=\"audio\/mpeg\" src=\"https:\/\/archive.org\/download\/audio-raul-soria-25-04-2023\/AUDIO%20-%20RAUL%20SORIA%2025%2004%202023.mp3?_=2\" \/><a href=\"https:\/\/archive.org\/download\/audio-raul-soria-25-04-2023\/AUDIO%20-%20RAUL%20SORIA%2025%2004%202023.mp3\">https:\/\/archive.org\/download\/audio-raul-soria-25-04-2023\/AUDIO%20-%20RAUL%20SORIA%2025%2004%202023.mp3<\/a><\/audio>\n<div class=\"powerpress_player\" id=\"powerpress_player_7834\"><audio class=\"wp-audio-shortcode\" id=\"audio-5374-1\" preload=\"none\" style=\"width: 100%;\" controls=\"controls\"><source type=\"audio\/mpeg\" src=\"https:\/\/archive.org\/download\/audio-raul-soria-25-04-2023\/AUDIO%20-%20RAUL%20SORIA%2025%2004%202023.mp3?_=1\" \/><a href=\"https:\/\/archive.org\/download\/audio-raul-soria-25-04-2023\/AUDIO%20-%20RAUL%20SORIA%2025%2004%202023.mp3\">https:\/\/archive.org\/download\/audio-raul-soria-25-04-2023\/AUDIO%20-%20RAUL%20SORIA%2025%2004%202023.mp3<\/a><\/audio><\/div><p class=\"powerpress_links powerpress_links_mp3\" style=\"margin-bottom: 1px !important;\">Podcast: <a href=\"https:\/\/archive.org\/download\/audio-raul-soria-25-04-2023\/AUDIO%20-%20RAUL%20SORIA%2025%2004%202023.mp3\" class=\"powerpress_link_pinw\" target=\"_blank\" title=\"Reproducir en una nueva ventana\" onclick=\"return powerpress_pinw('https:\/\/fmtinkunaco.ar\/?powerpress_pinw=5374-podcast');\" rel=\"nofollow\">Reproducir en una nueva ventana<\/a> | <a href=\"https:\/\/archive.org\/download\/audio-raul-soria-25-04-2023\/AUDIO%20-%20RAUL%20SORIA%2025%2004%202023.mp3\" class=\"powerpress_link_d\" title=\"Descargar\" rel=\"nofollow\" download=\"AUDIO%20-%20RAUL%20SORIA%2025%2004%202023.mp3\">Descargar<\/a><\/p>","protected":false},"excerpt":{"rendered":"<p>Ayer se concret\u00f3 una nueva reuni\u00f3n paritaria entre las y los trabajadores municipales de Moreno y el Ejecutivo, que derivo en cuarto intermedio. Ra\u00fal Soria, Delegado de la Junta Interna de las trabajadoras y los trabajadores de ATE Moreno, describi\u00f3 la oferta del Ejecutivo \u201cEl Ejecutivo lo que ha tra\u00eddo es un 30% dividido en [&hellip;]<\/p>\n","protected":false},"author":1,"featured_media":5375,"comment_status":"open","ping_status":"open","sticky":false,"template":"","format":"standard","meta":{"footnotes":""},"categories":[9],"tags":[],"class_list":["post-5374","post","type-post","status-publish","format-standard","has-post-thumbnail","hentry","category-sociedad"],"_links":{"self":[{"href":"https:\/\/fmtinkunaco.ar\/index.php?rest_route=\/wp\/v2\/posts\/5374","targetHints":{"allow":["GET"]}}],"collection":[{"href":"https:\/\/fmtinkunaco.ar\/index.php?rest_route=\/wp\/v2\/posts"}],"about":[{"href":"https:\/\/fmtinkunaco.ar\/index.php?rest_route=\/wp\/v2\/types\/post"}],"author":[{"embeddable":true,"href":"https:\/\/fmtinkunaco.ar\/index.php?rest_route=\/wp\/v2\/users\/1"}],"replies":[{"embeddable":true,"href":"https:\/\/fmtinkunaco.ar\/index.php?rest_route=%2Fwp%2Fv2%2Fcomments&post=5374"}],"version-history":[{"count":0,"href":"https:\/\/fmtinkunaco.ar\/index.php?rest_route=\/wp\/v2\/posts\/5374\/revisions"}],"wp:featuredmedia":[{"embeddable":true,"href":"https:\/\/fmtinkunaco.ar\/index.php?rest_route=\/"}],"wp:attachment":[{"href":"https:\/\/fmtinkunaco.ar\/index.php?rest_route=%2Fwp%2Fv2%2Fmedia&parent=5374"}],"wp:term":[{"taxonomy":"category","embeddable":true,"href":"https:\/\/fmtinkunaco.ar\/index.php?rest_route=%2Fwp%2Fv2%2Fcategories&post=5374"},{"taxonomy":"post_tag","embeddable":true,"href":"https:\/\/fmtinkunaco.ar\/index.php?rest_route=%2Fwp%2Fv2%2Ftags&post=5374"}],"curies":[{"name":"wp","href":"https:\/\/api.w.org\/{rel}","templated":true}]}}