{"id":5384,"date":"2023-04-26T14:01:17","date_gmt":"2023-04-26T17:01:17","guid":{"rendered":"https:\/\/fmtinkunaco.com.ar\/?p=5384"},"modified":"2023-04-26T14:01:17","modified_gmt":"2023-04-26T17:01:17","slug":"pilar-familiares-exigen-justicia-por-sofia-fernandez","status":"publish","type":"post","link":"https:\/\/fmtinkunaco.ar\/?p=5384","title":{"rendered":"Pilar: Familiares exigen Justicia por Sof\u00eda Fern\u00e1ndez"},"content":{"rendered":"<p>Sof\u00eda Fern\u00e1ndez era una mujer trans de 39 a\u00f1os, que fue detenida en la comisar\u00eda 5ta de Presidente Derqui (Pilar) el d\u00eda s\u00e1bado 8 de abril y el 10 de abril la polic\u00eda informa sobre su fallecimiento dentro del destacamento.<\/p>\n<p>Desde ese momento, la familia tiene muchos interrogantes y pocas respuestas por parte de las autoridades sobre la muerte de Sof\u00eda.<\/p>\n<p>Vanesa Valdez, sobrina de Sof\u00eda, se refiri\u00f3 al hecho <em>\u201cLa detienen el s\u00e1bado 8, no sabemos le horario, ese s\u00e1bado se hace presente en el domicilio un patrullero con dos polic\u00edas aproximadamente a las 2, 3 de la tarde; Sof\u00ed viv\u00eda en el mismo terreno con la hermana pero en casas diferentes. Se hace presente el patrullero, informando que la hab\u00edan encontrado como perdida en la calle y que la hab\u00edan llevado a la comisaria para averiguaci\u00f3n de antecedentes. El otro de los polic\u00edas le dice que no, que hab\u00eda sido por un supuesto robo, que iba a quedar detenida y que hab\u00eda que esperar que hable con el Fiscal.<\/em><br \/>\n<em> El domingo no hubo comunicaci\u00f3n, no se pudo contactar con Sofi ni tampoco pudieron ir a verla; el lunes llama la hermana otra vez a la comisaria, se comunica, y le dicen que iba a quedar detenida por un robo. (\u2026) El martes a la madrugada, a las dos de la madrugada, aparece en el domicilio gendarmer\u00eda con una psic\u00f3loga del partido de Pilar informando que la encontraron sin vida en la celda que pudo haber sido muerte s\u00fabita o un paro cardiorrespiratorio\u201d.<\/em><\/p>\n<p>Valdez, adem\u00e1s, sostuvo <em>\u201cNunca se comunicaron desde la Comisar\u00eda para ir a reconocer el cuerpo, no sab\u00edamos el estado en el que se encontraba. No hubo un contacto, no hubo absolutamente nada, ni una llamada, nada. A nosotros nos informa esta psic\u00f3loga que hab\u00eda fallecido a las 5 de la tarde cuando lo que es en el expediente figura a las 11.05. Hay muchas cosas raras en el medio que no sabemos, todav\u00eda ni la familia ni la abogada pudo acceder a lo que es la causa, as\u00ed que estamos en la nada todav\u00eda\u201d.<\/em><\/p>\n<p>La causa est\u00e1 en la UFI N\u00b0 4 de Pilar y ni su familia, ni la abogada aun tuvieron acceso al expediente. Sus familiares quieren tener acceso y un primer acercamiento al expediente para poder organizarse y movilizarse.<\/p>\n<p>Entrevista completa realizada en el noticiero Encuentro con las Noticias<\/p>\n<p><a href=\"https:\/\/archive.org\/details\/audio-vanesa-vazdez-justicia-por-sofi-fernandez-26-04-2023\">Descargar<\/a><\/p>\n<audio class=\"wp-audio-shortcode\" id=\"audio-5384-2\" preload=\"none\" style=\"width: 100%;\" controls=\"controls\"><source type=\"audio\/mpeg\" src=\"https:\/\/archive.org\/download\/audio-vanesa-vazdez-justicia-por-sofi-fernandez-26-04-2023\/AUDIO%20-%20VANESA%20VAZDEZ%20%28JUSTICIA%20POR%20SOFI%20FERNANDEZ%29%2026%2004%202023.mp3?_=2\" \/><a href=\"https:\/\/archive.org\/download\/audio-vanesa-vazdez-justicia-por-sofi-fernandez-26-04-2023\/AUDIO%20-%20VANESA%20VAZDEZ%20%28JUSTICIA%20POR%20SOFI%20FERNANDEZ%29%2026%2004%202023.mp3\">https:\/\/archive.org\/download\/audio-vanesa-vazdez-justicia-por-sofi-fernandez-26-04-2023\/AUDIO%20-%20VANESA%20VAZDEZ%20%28JUSTICIA%20POR%20SOFI%20FERNANDEZ%29%2026%2004%202023.mp3<\/a><\/audio>\n<div class=\"powerpress_player\" id=\"powerpress_player_300\"><audio class=\"wp-audio-shortcode\" id=\"audio-5384-1\" preload=\"none\" style=\"width: 100%;\" controls=\"controls\"><source type=\"audio\/mpeg\" src=\"https:\/\/archive.org\/download\/audio-vanesa-vazdez-justicia-por-sofi-fernandez-26-04-2023\/AUDIO%20-%20VANESA%20VAZDEZ%20%28JUSTICIA%20POR%20SOFI%20FERNANDEZ%29%2026%2004%202023.mp3?_=1\" \/><a href=\"https:\/\/archive.org\/download\/audio-vanesa-vazdez-justicia-por-sofi-fernandez-26-04-2023\/AUDIO%20-%20VANESA%20VAZDEZ%20%28JUSTICIA%20POR%20SOFI%20FERNANDEZ%29%2026%2004%202023.mp3\">https:\/\/archive.org\/download\/audio-vanesa-vazdez-justicia-por-sofi-fernandez-26-04-2023\/AUDIO%20-%20VANESA%20VAZDEZ%20%28JUSTICIA%20POR%20SOFI%20FERNANDEZ%29%2026%2004%202023.mp3<\/a><\/audio><\/div><p class=\"powerpress_links powerpress_links_mp3\" style=\"margin-bottom: 1px !important;\">Podcast: <a href=\"https:\/\/archive.org\/download\/audio-vanesa-vazdez-justicia-por-sofi-fernandez-26-04-2023\/AUDIO%20-%20VANESA%20VAZDEZ%20%28JUSTICIA%20POR%20SOFI%20FERNANDEZ%29%2026%2004%202023.mp3\" class=\"powerpress_link_pinw\" target=\"_blank\" title=\"Reproducir en una nueva ventana\" onclick=\"return powerpress_pinw('https:\/\/fmtinkunaco.ar\/?powerpress_pinw=5384-podcast');\" rel=\"nofollow\">Reproducir en una nueva ventana<\/a> | <a href=\"https:\/\/archive.org\/download\/audio-vanesa-vazdez-justicia-por-sofi-fernandez-26-04-2023\/AUDIO%20-%20VANESA%20VAZDEZ%20%28JUSTICIA%20POR%20SOFI%20FERNANDEZ%29%2026%2004%202023.mp3\" class=\"powerpress_link_d\" title=\"Descargar\" rel=\"nofollow\" download=\"AUDIO%20-%20VANESA%20VAZDEZ%20%28JUSTICIA%20POR%20SOFI%20FERNANDEZ%29%2026%2004%202023.mp3\">Descargar<\/a><\/p>","protected":false},"excerpt":{"rendered":"<p>Sof\u00eda Fern\u00e1ndez era una mujer trans de 39 a\u00f1os, que fue detenida en la comisar\u00eda 5ta de Presidente Derqui (Pilar) el d\u00eda s\u00e1bado 8 de abril y el 10 de abril la polic\u00eda informa sobre su fallecimiento dentro del destacamento. Desde ese momento, la familia tiene muchos interrogantes y pocas respuestas por parte de las [&hellip;]<\/p>\n","protected":false},"author":1,"featured_media":5385,"comment_status":"open","ping_status":"open","sticky":false,"template":"","format":"standard","meta":{"footnotes":""},"categories":[6],"tags":[],"class_list":["post-5384","post","type-post","status-publish","format-standard","has-post-thumbnail","hentry","category-genero"],"_links":{"self":[{"href":"https:\/\/fmtinkunaco.ar\/index.php?rest_route=\/wp\/v2\/posts\/5384","targetHints":{"allow":["GET"]}}],"collection":[{"href":"https:\/\/fmtinkunaco.ar\/index.php?rest_route=\/wp\/v2\/posts"}],"about":[{"href":"https:\/\/fmtinkunaco.ar\/index.php?rest_route=\/wp\/v2\/types\/post"}],"author":[{"embeddable":true,"href":"https:\/\/fmtinkunaco.ar\/index.php?rest_route=\/wp\/v2\/users\/1"}],"replies":[{"embeddable":true,"href":"https:\/\/fmtinkunaco.ar\/index.php?rest_route=%2Fwp%2Fv2%2Fcomments&post=5384"}],"version-history":[{"count":0,"href":"https:\/\/fmtinkunaco.ar\/index.php?rest_route=\/wp\/v2\/posts\/5384\/revisions"}],"wp:featuredmedia":[{"embeddable":true,"href":"https:\/\/fmtinkunaco.ar\/index.php?rest_route=\/"}],"wp:attachment":[{"href":"https:\/\/fmtinkunaco.ar\/index.php?rest_route=%2Fwp%2Fv2%2Fmedia&parent=5384"}],"wp:term":[{"taxonomy":"category","embeddable":true,"href":"https:\/\/fmtinkunaco.ar\/index.php?rest_route=%2Fwp%2Fv2%2Fcategories&post=5384"},{"taxonomy":"post_tag","embeddable":true,"href":"https:\/\/fmtinkunaco.ar\/index.php?rest_route=%2Fwp%2Fv2%2Ftags&post=5384"}],"curies":[{"name":"wp","href":"https:\/\/api.w.org\/{rel}","templated":true}]}}