{"id":5387,"date":"2023-04-27T10:47:18","date_gmt":"2023-04-27T13:47:18","guid":{"rendered":"https:\/\/fmtinkunaco.com.ar\/?p=5387"},"modified":"2023-04-27T10:47:18","modified_gmt":"2023-04-27T13:47:18","slug":"se-encuentran-abiertas-las-inscripciones-para-el-taller-abortar-es-ley-conoce-tus-derechos","status":"publish","type":"post","link":"https:\/\/fmtinkunaco.ar\/?p=5387","title":{"rendered":"Se encuentran abiertas las inscripciones para el taller \u201cAbortar es Ley. Conoce tus derechos\u201d"},"content":{"rendered":"<p>La Campa\u00f1a Nacional por el Derecho al Aborto Legal, Seguro y Gratuito regionales norte y noroeste realizaran el taller \u201cAbortar es Ley. Conoce tus derechos\u201d el pr\u00f3ximo s\u00e1bado 29 de abril en la Cooperativo Espacio de G\u00e9neros Integral \u201cFrida Kahlo\u201d a partir de las 14hs.<\/p>\n<p>Yamila Picasso, es integrante de la Campa\u00f1a Nacional por el Derecho al Aborto Legal, Seguro y Gratuito zona norte, se refiri\u00f3 a la importancia de esta propuesta <em>\u201cNosotros consideramos que en estos municipios y en estas regiones falta mucho la informaci\u00f3n sobre todo de que tenemos el derecho a interrumpir voluntariamente el embarazo entonces armamos este taller que es abierto a toda la comunidad que justamente busca primero conocer la ley 27.610 de acceso a la interrupci\u00f3n voluntaria y legal del embarazo, (\u2026) cu\u00e1l es el marco normativo que tenemos en Argentina vigente, no solamente la ley 27.610 si no todas las leyes que hacen a todo los que son los derechos sexuales y reproductivos y despu\u00e9s c\u00f3mo acceder a esos derechos\u201d.<\/em><\/p>\n<p>Picasso, adem\u00e1s, afirm\u00f3 que las personas gestantes no tienen la informaci\u00f3n suficiente sobre sus derechos <em>\u201cLo que sucede es que no tenemos esta informaci\u00f3n disponible en algunos municipios, como el caso de San Miguel. Que San Miguel no solamente no difunde la ley 27.610 y no tiene sectores que garanticen las interrupciones del embarazo, sino que adem\u00e1s promueve y castiga a quien aborta y promueve no abortar. No considerarlo como una decisi\u00f3n que pueden tomar las personas si no que va en contra de ella\u201d.<\/em><\/p>\n<p>Finalmente, Yamila sostuvo <em>\u201cEsto es para tambi\u00e9n exigir porque el municipio no puede fingir demencia, no puede estar a exenci\u00f3n de cumplir una normativa nacional, entonces hay que poder poner el ojo ah\u00ed y salir a difundir y que todo el mundo sepa que tiene derecho a abortar, que hay una ley nacional que as\u00ed lo indica, que las obras sociales y prepagas tambi\u00e9n est\u00e1n obligadas a cumplir, a garantizar los insumos, el tratamiento y todo de manera completamente gratuita, es importante que sepamos que hay una ley\u201d.<\/em><\/p>\n<p>El taller es presencial, con entrada libre y gratuita; al finalizar la jornada se brindara un certificado. Para participar, debes inscribirte haciendo clic <a href=\"https:\/\/docs.google.com\/forms\/d\/177U6nUMsNbNM4f3PWygYECYgaPxix4SejAhAZllNDE8\/viewform?fbclid=IwAR1QIpTLKksF370EUGbnCDIIOr9XVvQZByIETb2EMLyVszTMThja1ESQnKQ&amp;edit_requested=true\">aqu\u00ed<\/a>.<\/p>\n<p>Entrevista completa realizada en el noticiero Encuentro con las Noticias<\/p>\n<p><a href=\"https:\/\/archive.org\/details\/audio-yamila-picasso-campana-nacional-zona-norte\">Descargar<\/a><\/p>\n<audio class=\"wp-audio-shortcode\" id=\"audio-5387-2\" preload=\"none\" style=\"width: 100%;\" controls=\"controls\"><source type=\"audio\/mpeg\" src=\"https:\/\/archive.org\/download\/audio-yamila-picasso-campana-nacional-zona-norte\/AUDIO%20-%20YAMILA%20PICASSO%20%28CAMPANA%20NACIONAL%20ZONA%20NORTE%29.mp3?_=2\" \/><a href=\"https:\/\/archive.org\/download\/audio-yamila-picasso-campana-nacional-zona-norte\/AUDIO%20-%20YAMILA%20PICASSO%20%28CAMPANA%20NACIONAL%20ZONA%20NORTE%29.mp3\">https:\/\/archive.org\/download\/audio-yamila-picasso-campana-nacional-zona-norte\/AUDIO%20-%20YAMILA%20PICASSO%20%28CAMPANA%20NACIONAL%20ZONA%20NORTE%29.mp3<\/a><\/audio>\n<div class=\"powerpress_player\" id=\"powerpress_player_3572\"><audio class=\"wp-audio-shortcode\" id=\"audio-5387-1\" preload=\"none\" style=\"width: 100%;\" controls=\"controls\"><source type=\"audio\/mpeg\" src=\"https:\/\/archive.org\/download\/audio-yamila-picasso-campana-nacional-zona-norte\/AUDIO%20-%20YAMILA%20PICASSO%20%28CAMPANA%20NACIONAL%20ZONA%20NORTE%29.mp3?_=1\" \/><a href=\"https:\/\/archive.org\/download\/audio-yamila-picasso-campana-nacional-zona-norte\/AUDIO%20-%20YAMILA%20PICASSO%20%28CAMPANA%20NACIONAL%20ZONA%20NORTE%29.mp3\">https:\/\/archive.org\/download\/audio-yamila-picasso-campana-nacional-zona-norte\/AUDIO%20-%20YAMILA%20PICASSO%20%28CAMPANA%20NACIONAL%20ZONA%20NORTE%29.mp3<\/a><\/audio><\/div><p class=\"powerpress_links powerpress_links_mp3\" style=\"margin-bottom: 1px !important;\">Podcast: <a href=\"https:\/\/archive.org\/download\/audio-yamila-picasso-campana-nacional-zona-norte\/AUDIO%20-%20YAMILA%20PICASSO%20%28CAMPANA%20NACIONAL%20ZONA%20NORTE%29.mp3\" class=\"powerpress_link_pinw\" target=\"_blank\" title=\"Reproducir en una nueva ventana\" onclick=\"return powerpress_pinw('https:\/\/fmtinkunaco.ar\/?powerpress_pinw=5387-podcast');\" rel=\"nofollow\">Reproducir en una nueva ventana<\/a> | <a href=\"https:\/\/archive.org\/download\/audio-yamila-picasso-campana-nacional-zona-norte\/AUDIO%20-%20YAMILA%20PICASSO%20%28CAMPANA%20NACIONAL%20ZONA%20NORTE%29.mp3\" class=\"powerpress_link_d\" title=\"Descargar\" rel=\"nofollow\" download=\"AUDIO%20-%20YAMILA%20PICASSO%20%28CAMPANA%20NACIONAL%20ZONA%20NORTE%29.mp3\">Descargar<\/a><\/p>","protected":false},"excerpt":{"rendered":"<p>La Campa\u00f1a Nacional por el Derecho al Aborto Legal, Seguro y Gratuito regionales norte y noroeste realizaran el taller \u201cAbortar es Ley. Conoce tus derechos\u201d el pr\u00f3ximo s\u00e1bado 29 de abril en la Cooperativo Espacio de G\u00e9neros Integral \u201cFrida Kahlo\u201d a partir de las 14hs. Yamila Picasso, es integrante de la Campa\u00f1a Nacional por el [&hellip;]<\/p>\n","protected":false},"author":1,"featured_media":5388,"comment_status":"open","ping_status":"open","sticky":false,"template":"","format":"standard","meta":{"footnotes":""},"categories":[6],"tags":[],"class_list":["post-5387","post","type-post","status-publish","format-standard","has-post-thumbnail","hentry","category-genero"],"_links":{"self":[{"href":"https:\/\/fmtinkunaco.ar\/index.php?rest_route=\/wp\/v2\/posts\/5387","targetHints":{"allow":["GET"]}}],"collection":[{"href":"https:\/\/fmtinkunaco.ar\/index.php?rest_route=\/wp\/v2\/posts"}],"about":[{"href":"https:\/\/fmtinkunaco.ar\/index.php?rest_route=\/wp\/v2\/types\/post"}],"author":[{"embeddable":true,"href":"https:\/\/fmtinkunaco.ar\/index.php?rest_route=\/wp\/v2\/users\/1"}],"replies":[{"embeddable":true,"href":"https:\/\/fmtinkunaco.ar\/index.php?rest_route=%2Fwp%2Fv2%2Fcomments&post=5387"}],"version-history":[{"count":0,"href":"https:\/\/fmtinkunaco.ar\/index.php?rest_route=\/wp\/v2\/posts\/5387\/revisions"}],"wp:featuredmedia":[{"embeddable":true,"href":"https:\/\/fmtinkunaco.ar\/index.php?rest_route=\/"}],"wp:attachment":[{"href":"https:\/\/fmtinkunaco.ar\/index.php?rest_route=%2Fwp%2Fv2%2Fmedia&parent=5387"}],"wp:term":[{"taxonomy":"category","embeddable":true,"href":"https:\/\/fmtinkunaco.ar\/index.php?rest_route=%2Fwp%2Fv2%2Fcategories&post=5387"},{"taxonomy":"post_tag","embeddable":true,"href":"https:\/\/fmtinkunaco.ar\/index.php?rest_route=%2Fwp%2Fv2%2Ftags&post=5387"}],"curies":[{"name":"wp","href":"https:\/\/api.w.org\/{rel}","templated":true}]}}