{"id":5424,"date":"2023-05-09T10:37:20","date_gmt":"2023-05-09T13:37:20","guid":{"rendered":"https:\/\/fmtinkunaco.com.ar\/?p=5424"},"modified":"2023-05-09T10:37:20","modified_gmt":"2023-05-09T13:37:20","slug":"pilar-conciliacion-obligatoria-entre-unilever-y-trabajadores-de-knorr-y-hellmanns","status":"publish","type":"post","link":"https:\/\/fmtinkunaco.ar\/?p=5424","title":{"rendered":"Pilar: Conciliaci\u00f3n obligatoria entre Unilever y trabajadores de Knorr y Hellmann\u2019s"},"content":{"rendered":"<p>Trabajadores de las plantas Knorr y Hellmann\u2019s integrantes de la Multinacional Unilever, ubicada en el Parque Industrial de Pilar, exigen que sus reclamos respecto a la reducci\u00f3n de sus d\u00edas laborables sean escuchadas.<\/p>\n<p>Pablo Busch, es trabajador de Unilever, y realiz\u00f3 un breve recorrido por este hist\u00f3rico reclamo <em>\u201cNosotros venimos de una planta de Florida, que se mud\u00f3 a Pilar, que trabajaba seis d\u00edas a la semana con un d\u00eda de descanso en turnos rotativos. Este r\u00e9gimen de trabajo fue siempre muy duro de sobrellevar para los trabajadores porque adem\u00e1s el rotativo hace que el descanso se acorte para un lado y entonces pr\u00e1cticamente el derecho de fin de semana no se gozaba era solamente un d\u00eda, trabaj\u00e1bamos s\u00e1bados a la tarde, domingos a la noche. En el a\u00f1o 2014 se hizo un reclamo por el s\u00e1bado a la tarde que deriv\u00f3 en una medida de fuerza y pasamos a trabajar rotativos pero de lunes a viernes cuando estamos de tarde. En 2016 se hizo una medida para no trabajar m\u00e1s los domingos a la noche y se logr\u00f3 trabajar 5 d\u00edas cuando est\u00e1bamos de noche y de tarde, y quedo el descanso del s\u00e1bado a la ma\u00f1ana, es decir ahora hay tres turnos, en dos se trabaja cinco d\u00edas y en un turno se trabajan seis d\u00edas\u201d.<\/em><\/p>\n<p>Busch, adem\u00e1s, explic\u00f3 que en el \u00faltimo a\u00f1o Unilever oficializ\u00f3 la noticia de su reducci\u00f3n laboral a sus empleados pero solo alcanzo a trabajadores administrativos <em>\u201cUnilever anuncio que iba a iniciar en Argentina un programa que ellos llevan adelante a nivel mundial que es un programa de reducci\u00f3n de la jornada semanal de trabajo para los trabajadores. Sali\u00f3 en todos lados una gran campa\u00f1a de marketing en donde anunciaban que pasaba a trabajar un sector de trabajadores de cinco d\u00edas semanales a cuatro, este beneficio alcanzo solo al personal administrativo, jer\u00e1rquico, algunos sectores de la empresa y despert\u00f3 una gran agitaci\u00f3n entre los trabajadores de producci\u00f3n por el reclamo hist\u00f3rico que hab\u00eda quedado pendiente y adem\u00e1s viendo que ellos se promocionan como una empresa que dice buscar el equilibrio entre la vida personal y el trabajo\u201d.<\/em><\/p>\n<p>Hace dos meses se realiz\u00f3 una votaci\u00f3n en Hellman\u2019s y Knorr para sacar el s\u00e1bado por la ma\u00f1ana. Gan\u00f3 con 75 por ciento en Knorr y 90 por ciento en Hellman\u2019s, los delegados realizaron el pedido pero no tuvieron respuestas. Frente a esto realizaron una medida de fuerza que tuvo como resultado la conciliaci\u00f3n obligatoria.<\/p>\n<p>Los trabajadores esperan que en el marco de la conciliaci\u00f3n, la multinacional, presente una oferta que responda a sus demandas.<\/p>\n<p>Adem\u00e1s, de la reducci\u00f3n horaria, los m\u00e1s de 600 trabajadores exigen el reconocimiento del d\u00eda por familiar enfermo, un bono de fin de a\u00f1o atado a paritarias y mejora en obra social en cobertura de implantes dentales.<\/p>\n<p>Entrevista completa realizada en el noticiero Encuentro con las Noticias<\/p>\n<p><a href=\"https:\/\/archive.org\/details\/audio-pablo-busch-unilever-09-05-2023\">Descargar<\/a><\/p>\n<audio class=\"wp-audio-shortcode\" id=\"audio-5424-2\" preload=\"none\" style=\"width: 100%;\" controls=\"controls\"><source type=\"audio\/mpeg\" src=\"https:\/\/archive.org\/download\/audio-pablo-busch-unilever-09-05-2023\/AUDIO%20-%20PABLO%20BUSCH%20%28UNILEVER%29%2009%2005%202023.mp3?_=2\" \/><a href=\"https:\/\/archive.org\/download\/audio-pablo-busch-unilever-09-05-2023\/AUDIO%20-%20PABLO%20BUSCH%20%28UNILEVER%29%2009%2005%202023.mp3\">https:\/\/archive.org\/download\/audio-pablo-busch-unilever-09-05-2023\/AUDIO%20-%20PABLO%20BUSCH%20%28UNILEVER%29%2009%2005%202023.mp3<\/a><\/audio>\n<div class=\"powerpress_player\" id=\"powerpress_player_5400\"><audio class=\"wp-audio-shortcode\" id=\"audio-5424-1\" preload=\"none\" style=\"width: 100%;\" controls=\"controls\"><source type=\"audio\/mpeg\" src=\"https:\/\/archive.org\/download\/audio-pablo-busch-unilever-09-05-2023\/AUDIO%20-%20PABLO%20BUSCH%20%28UNILEVER%29%2009%2005%202023.mp3?_=1\" \/><a href=\"https:\/\/archive.org\/download\/audio-pablo-busch-unilever-09-05-2023\/AUDIO%20-%20PABLO%20BUSCH%20%28UNILEVER%29%2009%2005%202023.mp3\">https:\/\/archive.org\/download\/audio-pablo-busch-unilever-09-05-2023\/AUDIO%20-%20PABLO%20BUSCH%20%28UNILEVER%29%2009%2005%202023.mp3<\/a><\/audio><\/div><p class=\"powerpress_links powerpress_links_mp3\" style=\"margin-bottom: 1px !important;\">Podcast: <a href=\"https:\/\/archive.org\/download\/audio-pablo-busch-unilever-09-05-2023\/AUDIO%20-%20PABLO%20BUSCH%20%28UNILEVER%29%2009%2005%202023.mp3\" class=\"powerpress_link_pinw\" target=\"_blank\" title=\"Reproducir en una nueva ventana\" onclick=\"return powerpress_pinw('https:\/\/fmtinkunaco.ar\/?powerpress_pinw=5424-podcast');\" rel=\"nofollow\">Reproducir en una nueva ventana<\/a> | <a href=\"https:\/\/archive.org\/download\/audio-pablo-busch-unilever-09-05-2023\/AUDIO%20-%20PABLO%20BUSCH%20%28UNILEVER%29%2009%2005%202023.mp3\" class=\"powerpress_link_d\" title=\"Descargar\" rel=\"nofollow\" download=\"AUDIO%20-%20PABLO%20BUSCH%20%28UNILEVER%29%2009%2005%202023.mp3\">Descargar<\/a><\/p>","protected":false},"excerpt":{"rendered":"<p>Trabajadores de las plantas Knorr y Hellmann\u2019s integrantes de la Multinacional Unilever, ubicada en el Parque Industrial de Pilar, exigen que sus reclamos respecto a la reducci\u00f3n de sus d\u00edas laborables sean escuchadas. Pablo Busch, es trabajador de Unilever, y realiz\u00f3 un breve recorrido por este hist\u00f3rico reclamo \u201cNosotros venimos de una planta de Florida, [&hellip;]<\/p>\n","protected":false},"author":1,"featured_media":5425,"comment_status":"open","ping_status":"open","sticky":false,"template":"","format":"standard","meta":{"footnotes":""},"categories":[9],"tags":[],"class_list":["post-5424","post","type-post","status-publish","format-standard","has-post-thumbnail","hentry","category-sociedad"],"_links":{"self":[{"href":"https:\/\/fmtinkunaco.ar\/index.php?rest_route=\/wp\/v2\/posts\/5424","targetHints":{"allow":["GET"]}}],"collection":[{"href":"https:\/\/fmtinkunaco.ar\/index.php?rest_route=\/wp\/v2\/posts"}],"about":[{"href":"https:\/\/fmtinkunaco.ar\/index.php?rest_route=\/wp\/v2\/types\/post"}],"author":[{"embeddable":true,"href":"https:\/\/fmtinkunaco.ar\/index.php?rest_route=\/wp\/v2\/users\/1"}],"replies":[{"embeddable":true,"href":"https:\/\/fmtinkunaco.ar\/index.php?rest_route=%2Fwp%2Fv2%2Fcomments&post=5424"}],"version-history":[{"count":0,"href":"https:\/\/fmtinkunaco.ar\/index.php?rest_route=\/wp\/v2\/posts\/5424\/revisions"}],"wp:featuredmedia":[{"embeddable":true,"href":"https:\/\/fmtinkunaco.ar\/index.php?rest_route=\/"}],"wp:attachment":[{"href":"https:\/\/fmtinkunaco.ar\/index.php?rest_route=%2Fwp%2Fv2%2Fmedia&parent=5424"}],"wp:term":[{"taxonomy":"category","embeddable":true,"href":"https:\/\/fmtinkunaco.ar\/index.php?rest_route=%2Fwp%2Fv2%2Fcategories&post=5424"},{"taxonomy":"post_tag","embeddable":true,"href":"https:\/\/fmtinkunaco.ar\/index.php?rest_route=%2Fwp%2Fv2%2Ftags&post=5424"}],"curies":[{"name":"wp","href":"https:\/\/api.w.org\/{rel}","templated":true}]}}