{"id":5451,"date":"2023-05-16T10:31:56","date_gmt":"2023-05-16T13:31:56","guid":{"rendered":"https:\/\/fmtinkunaco.com.ar\/?p=5451"},"modified":"2023-05-16T10:31:56","modified_gmt":"2023-05-16T13:31:56","slug":"semana-del-parto-respetado-en-la-maternidad-estela-de-carlotto","status":"publish","type":"post","link":"https:\/\/fmtinkunaco.ar\/?p=5451","title":{"rendered":"Semana del Parto Respetado en la Maternidad Estela de Carlotto"},"content":{"rendered":"<p>La Semana del Parto Respetado, se lleva adelante este a\u00f1o del 15 al 21 de mayo y tiene por objetivo visibilizar los derechos \u00a0de las personas gestantes y sus beb\u00e9s al momento del parto y el puerperio.<\/p>\n<p>Melina Vincenti, es Coordinadora de Obstetricia de la Maternidad Estela de Carlotto del Partido de Moreno, y remarc\u00f3 la importancia de esta semana as\u00ed como el trabajo que viene realizando la maternidad desde sus comienzos <em>\u201cComo todos los a\u00f1os, nosotros celebramos esta semana porque la verdad que somos, de alguna forma, una pionera en poder respetarle los derechos a las mujeres, en estas situaciones de nacimientos y salud sexual integral. Y el lema de este a\u00f1o es Cuidar el nacimientos tambi\u00e9n es cuidar a las familias y tambi\u00e9n el lema provincial es Salud es parir sin violencia. Y la verdad es que es muy amplio pero tenemos que abordarlo m\u00e1s integral y por eso pensamos en una semana con esas caracter\u00edsticas. Poder ofrecer muchos m\u00e1s recursos a los equipos, estuvimos contact\u00e1ndonos tambi\u00e9n con un mont\u00f3n de gente de afuera para que puedan aportar sus sabidur\u00edas, sus experiencias y as\u00ed poder ir de alguna forma teniendo m\u00e1s recursos y herramientas para poder abordar estas situaciones y que puedan tener una experiencia positiva de su nacimiento\u201d.<\/em><\/p>\n<p>Vincenti, adem\u00e1s, cont\u00f3 las actividades con las que arranc\u00f3 esta semana en la maternidad de Moreno <em>\u201cAyer arrancamos la semana con un conversatorio de violencia, la verdad que hablar de violencia obst\u00e9trica da mucho para reflexionar, para pensar y est\u00e1 bueno arrancar la semana de esa forma porque tiene que ver con esto, con lo que podemos hacer nosotros desde los equipos de salud, que es repensar mucho las practicas, ya no es lo mismo que se ven\u00eda haciendo si no que hay que repensar justamente esas pr\u00e1cticas porque si no impactan en eso, impactan en las mujeres, en las familias en situaciones desfavorables de violencia obst\u00e9trica. As\u00ed que ayer, estuvo muy bueno, compartimos un encuentro hermoso, donde presentaron una investigaci\u00f3n, una de las parteras de la maternidad que fue muy interesante\u201d.<\/em><\/p>\n<p>Otras de las actividades de la semana, se relaciona a la elongaci\u00f3n y flexibilidad para embarazo y parto, medicina tradicional china aplicada a la salud perinatal, homeopat\u00eda aplicada a la obstetricia\/parter\u00eda, acompa\u00f1amiento de trabajo de parto y parto desde la reflexolog\u00eda, entre otras.<\/p>\n<p>Melina Vincenti, adem\u00e1s explic\u00f3 porque si se puede garantizar estos derechos en la maternidad y no en otros hospitales o cl\u00ednicas <em>\u201cTiene que ver con quienes toman las decisiones, no es solo que una mujer enfrente todo este cambio o una partera enfrente todo este cambio, si no que tenemos que estar acompa\u00f1ados por pol\u00edticas de salud, que tanto el municipio, como la provincia, como tambi\u00e9n naci\u00f3n, pueden poner en agenda la importancia de garantizar estos derechos\u201d.<\/em><\/p>\n<p>Para poder acceder a todas las actividades de esta semana en la Maternidad Estela de Carlotto, hacer clic <a href=\"https:\/\/www.facebook.com\/photo?fbid=574951868084759&amp;set=a.453816583531622\">aqu\u00ed<\/a>.<\/p>\n<p>Entrevista completa realizada en el noticiero Encuentro con las Noticias<\/p>\n<p><a href=\"https:\/\/archive.org\/details\/audio-melina-vincentin-maternidad-carlotto-16-05-2023\">Descargar<\/a><\/p>\n<audio class=\"wp-audio-shortcode\" id=\"audio-5451-2\" preload=\"none\" style=\"width: 100%;\" controls=\"controls\"><source type=\"audio\/mpeg\" src=\"https:\/\/archive.org\/download\/audio-melina-vincentin-maternidad-carlotto-16-05-2023\/AUDIO%20-%20MELINA%20VINCENTIN%20%28MATERNIDAD%20CARLOTTO%29%2016%2005%202023.mp3?_=2\" \/><a href=\"https:\/\/archive.org\/download\/audio-melina-vincentin-maternidad-carlotto-16-05-2023\/AUDIO%20-%20MELINA%20VINCENTIN%20%28MATERNIDAD%20CARLOTTO%29%2016%2005%202023.mp3\">https:\/\/archive.org\/download\/audio-melina-vincentin-maternidad-carlotto-16-05-2023\/AUDIO%20-%20MELINA%20VINCENTIN%20%28MATERNIDAD%20CARLOTTO%29%2016%2005%202023.mp3<\/a><\/audio>\n<div class=\"powerpress_player\" id=\"powerpress_player_3313\"><audio class=\"wp-audio-shortcode\" id=\"audio-5451-1\" preload=\"none\" style=\"width: 100%;\" controls=\"controls\"><source type=\"audio\/mpeg\" src=\"https:\/\/archive.org\/download\/audio-melina-vincentin-maternidad-carlotto-16-05-2023\/AUDIO%20-%20MELINA%20VINCENTIN%20%28MATERNIDAD%20CARLOTTO%29%2016%2005%202023.mp3?_=1\" \/><a href=\"https:\/\/archive.org\/download\/audio-melina-vincentin-maternidad-carlotto-16-05-2023\/AUDIO%20-%20MELINA%20VINCENTIN%20%28MATERNIDAD%20CARLOTTO%29%2016%2005%202023.mp3\">https:\/\/archive.org\/download\/audio-melina-vincentin-maternidad-carlotto-16-05-2023\/AUDIO%20-%20MELINA%20VINCENTIN%20%28MATERNIDAD%20CARLOTTO%29%2016%2005%202023.mp3<\/a><\/audio><\/div><p class=\"powerpress_links powerpress_links_mp3\" style=\"margin-bottom: 1px !important;\">Podcast: <a href=\"https:\/\/archive.org\/download\/audio-melina-vincentin-maternidad-carlotto-16-05-2023\/AUDIO%20-%20MELINA%20VINCENTIN%20%28MATERNIDAD%20CARLOTTO%29%2016%2005%202023.mp3\" class=\"powerpress_link_pinw\" target=\"_blank\" title=\"Reproducir en una nueva ventana\" onclick=\"return powerpress_pinw('https:\/\/fmtinkunaco.ar\/?powerpress_pinw=5451-podcast');\" rel=\"nofollow\">Reproducir en una nueva ventana<\/a> | <a href=\"https:\/\/archive.org\/download\/audio-melina-vincentin-maternidad-carlotto-16-05-2023\/AUDIO%20-%20MELINA%20VINCENTIN%20%28MATERNIDAD%20CARLOTTO%29%2016%2005%202023.mp3\" class=\"powerpress_link_d\" title=\"Descargar\" rel=\"nofollow\" download=\"AUDIO%20-%20MELINA%20VINCENTIN%20%28MATERNIDAD%20CARLOTTO%29%2016%2005%202023.mp3\">Descargar<\/a><\/p>","protected":false},"excerpt":{"rendered":"<p>La Semana del Parto Respetado, se lleva adelante este a\u00f1o del 15 al 21 de mayo y tiene por objetivo visibilizar los derechos \u00a0de las personas gestantes y sus beb\u00e9s al momento del parto y el puerperio. Melina Vincenti, es Coordinadora de Obstetricia de la Maternidad Estela de Carlotto del Partido de Moreno, y remarc\u00f3 [&hellip;]<\/p>\n","protected":false},"author":1,"featured_media":5452,"comment_status":"open","ping_status":"open","sticky":false,"template":"","format":"standard","meta":{"footnotes":""},"categories":[7],"tags":[],"class_list":["post-5451","post","type-post","status-publish","format-standard","has-post-thumbnail","hentry","category-salud"],"_links":{"self":[{"href":"https:\/\/fmtinkunaco.ar\/index.php?rest_route=\/wp\/v2\/posts\/5451","targetHints":{"allow":["GET"]}}],"collection":[{"href":"https:\/\/fmtinkunaco.ar\/index.php?rest_route=\/wp\/v2\/posts"}],"about":[{"href":"https:\/\/fmtinkunaco.ar\/index.php?rest_route=\/wp\/v2\/types\/post"}],"author":[{"embeddable":true,"href":"https:\/\/fmtinkunaco.ar\/index.php?rest_route=\/wp\/v2\/users\/1"}],"replies":[{"embeddable":true,"href":"https:\/\/fmtinkunaco.ar\/index.php?rest_route=%2Fwp%2Fv2%2Fcomments&post=5451"}],"version-history":[{"count":0,"href":"https:\/\/fmtinkunaco.ar\/index.php?rest_route=\/wp\/v2\/posts\/5451\/revisions"}],"wp:featuredmedia":[{"embeddable":true,"href":"https:\/\/fmtinkunaco.ar\/index.php?rest_route=\/"}],"wp:attachment":[{"href":"https:\/\/fmtinkunaco.ar\/index.php?rest_route=%2Fwp%2Fv2%2Fmedia&parent=5451"}],"wp:term":[{"taxonomy":"category","embeddable":true,"href":"https:\/\/fmtinkunaco.ar\/index.php?rest_route=%2Fwp%2Fv2%2Fcategories&post=5451"},{"taxonomy":"post_tag","embeddable":true,"href":"https:\/\/fmtinkunaco.ar\/index.php?rest_route=%2Fwp%2Fv2%2Ftags&post=5451"}],"curies":[{"name":"wp","href":"https:\/\/api.w.org\/{rel}","templated":true}]}}