{"id":5470,"date":"2023-05-18T14:17:05","date_gmt":"2023-05-18T17:17:05","guid":{"rendered":"https:\/\/fmtinkunaco.com.ar\/?p=5470"},"modified":"2023-05-18T14:17:05","modified_gmt":"2023-05-18T17:17:05","slug":"la-asociacion-movimiento-ecologico-y-trabajo-ambiental-metram-y-su-trabajo-en-el-arroyo-pinazo","status":"publish","type":"post","link":"https:\/\/fmtinkunaco.ar\/?p=5470","title":{"rendered":"La Asociaci\u00f3n Movimiento Ecol\u00f3gico y Trabajo Ambiental METRAM y su trabajo en el Arroyo Pinazo"},"content":{"rendered":"<p>La Asociaci\u00f3n Movimiento Ecol\u00f3gico y Trabajo Ambiental METRAM se encuentra acompa\u00f1ando recorridos y exploraciones, por el Arrayo Pinazo.<\/p>\n<p>El objetivo es la realizaci\u00f3n de un diagn\u00f3stico socio-ambiental que ayude a poner en valor este bien natural y as\u00ed solicitar una Reserva Natural e Hist\u00f3rica para toda la Regi\u00f3n.<\/p>\n<p>Nelson Fern\u00e1ndez, es referente de la Asociaci\u00f3n Movimiento Ecol\u00f3gico y Trabajo Ambiental, se refiri\u00f3 a estos recorridos <em>\u201cEs una observaci\u00f3n colectiva, desde la cuenca alta de San Atilio y la cuenca baja que es la cuenca hist\u00f3rica y es una actividad que metram promueve para que cada espacio pol\u00edtico, partidario del distrito pueda comprobar con sus propios ojos como se encuentra el Arroyo Pinazo. Esta observaci\u00f3n le permitir\u00e1 a cada espacio pol\u00edtico tener elementos para abordar la tem\u00e1tica ecol\u00f3gica y ambiental del distrito y por otro lado METRAM necesita socializar el pedido que se realiz\u00f3 en noviembre pasado sobre la demarcaci\u00f3n de la l\u00ednea de ribera\u201d.<\/em><\/p>\n<p>Adem\u00e1s, Fern\u00e1ndez, hizo hincapi\u00e9 en una de las pr\u00f3ximas actividades importantes que es la presentaci\u00f3n del diagn\u00f3stico ambiental <em>\u201cLa Universidad de General Sarmiento eligi\u00f3 el barrio San Atilio para dar el diagnostico socio ambiental y ser\u00e1 el d\u00eda 24 de junio\u201d.<\/em><\/p>\n<p>Entrevista completa realizada en el noticiero Encuentro con las Noticias<\/p>\n<p><a href=\"https:\/\/archive.org\/details\/audio-nelson-fernandez-metram-18-05\">Descargar<\/a><\/p>\n","protected":false},"excerpt":{"rendered":"<p>La Asociaci\u00f3n Movimiento Ecol\u00f3gico y Trabajo Ambiental METRAM se encuentra acompa\u00f1ando recorridos y exploraciones, por el Arrayo Pinazo. El objetivo es la realizaci\u00f3n de un diagn\u00f3stico socio-ambiental que ayude a poner en valor este bien natural y as\u00ed solicitar una Reserva Natural e Hist\u00f3rica para toda la Regi\u00f3n. Nelson Fern\u00e1ndez, es referente de la Asociaci\u00f3n [&hellip;]<\/p>\n","protected":false},"author":1,"featured_media":5471,"comment_status":"open","ping_status":"open","sticky":false,"template":"","format":"standard","meta":{"footnotes":""},"categories":[2],"tags":[],"class_list":["post-5470","post","type-post","status-publish","format-standard","has-post-thumbnail","hentry","category-ambiente"],"_links":{"self":[{"href":"https:\/\/fmtinkunaco.ar\/index.php?rest_route=\/wp\/v2\/posts\/5470","targetHints":{"allow":["GET"]}}],"collection":[{"href":"https:\/\/fmtinkunaco.ar\/index.php?rest_route=\/wp\/v2\/posts"}],"about":[{"href":"https:\/\/fmtinkunaco.ar\/index.php?rest_route=\/wp\/v2\/types\/post"}],"author":[{"embeddable":true,"href":"https:\/\/fmtinkunaco.ar\/index.php?rest_route=\/wp\/v2\/users\/1"}],"replies":[{"embeddable":true,"href":"https:\/\/fmtinkunaco.ar\/index.php?rest_route=%2Fwp%2Fv2%2Fcomments&post=5470"}],"version-history":[{"count":0,"href":"https:\/\/fmtinkunaco.ar\/index.php?rest_route=\/wp\/v2\/posts\/5470\/revisions"}],"wp:featuredmedia":[{"embeddable":true,"href":"https:\/\/fmtinkunaco.ar\/index.php?rest_route=\/"}],"wp:attachment":[{"href":"https:\/\/fmtinkunaco.ar\/index.php?rest_route=%2Fwp%2Fv2%2Fmedia&parent=5470"}],"wp:term":[{"taxonomy":"category","embeddable":true,"href":"https:\/\/fmtinkunaco.ar\/index.php?rest_route=%2Fwp%2Fv2%2Fcategories&post=5470"},{"taxonomy":"post_tag","embeddable":true,"href":"https:\/\/fmtinkunaco.ar\/index.php?rest_route=%2Fwp%2Fv2%2Ftags&post=5470"}],"curies":[{"name":"wp","href":"https:\/\/api.w.org\/{rel}","templated":true}]}}