{"id":5476,"date":"2023-05-22T15:02:29","date_gmt":"2023-05-22T18:02:29","guid":{"rendered":"https:\/\/fmtinkunaco.com.ar\/?p=5476"},"modified":"2023-05-22T15:02:29","modified_gmt":"2023-05-22T18:02:29","slug":"san-miguel-movilizacion-del-polo-obrero-a-la-municipalidad","status":"publish","type":"post","link":"https:\/\/fmtinkunaco.ar\/?p=5476","title":{"rendered":"San Miguel: Movilizaci\u00f3n del Polo Obrero a la municipalidad"},"content":{"rendered":"<p>El Polo Obrero de San Miguel moviliz\u00f3 a m\u00e1s de 100 vecinos y vecinas desde la Av. Balb\u00edn y Gelly Obes hasta la Plaza San Miguel donde concentraron frente a la municipalidad de San Miguel reclamando asistencia para comedores y merenderos.<\/p>\n<p>Alexis Ballejos, militante del Polo Obrero, se refiri\u00f3 a las exigencias <em>\u201cEn un contexto donde la crisis social aprieta y mucho a todos los vecinos de San Miguel nos estamos encontrando de distintos barrios, barrio La Estrella, Santa Mar\u00eda, Maril\u00f3 tambi\u00e9n, del fondo de Bella Vista, de barrio Obligado, barrio Barrufaldi, barrio Mitre y otros barrios que nos estamos congregando, y pidiendo la asistencia social que deber\u00eda brindar el municipio\u201d.<\/em><\/p>\n<p>Ballejos, adem\u00e1s, se refiri\u00f3 a la ayuda que brinda <em>\u201cEl Polo Obrero de San Miguel es un Polo Obrero relativamente nuevo, hace un par de a\u00f1os que venimos construyendo y tenemos aproximadamente 10 comedores, entre comedores y merenderos, y de distintas zonas de San Miguel y que no tiene ning\u00fan tipo de asistencia\u201d.<\/em><\/p>\n<p>El Polo Obrero denuncia que Jaime M\u00e9ndez, Intendente de San Miguel, le es indiferente al hambre de los sanmiguelinos.<\/p>\n<p>Entrevista completa realizada en el noticiero Encuentro con las Noticias<\/p>\n<p><a href=\"https:\/\/archive.org\/details\/audio-alexis-ballejos-polo-obrero-22-05-2023\">Descargar<\/a><\/p>\n<audio class=\"wp-audio-shortcode\" id=\"audio-5476-2\" preload=\"none\" style=\"width: 100%;\" controls=\"controls\"><source type=\"audio\/mpeg\" src=\"https:\/\/archive.org\/download\/audio-alexis-ballejos-polo-obrero-22-05-2023\/AUDIO%20-%20ALEXIS%20BALLEJOS%20%28POLO%20OBRERO%29%2022%2005%202023%20.mp3?_=2\" \/><a href=\"https:\/\/archive.org\/download\/audio-alexis-ballejos-polo-obrero-22-05-2023\/AUDIO%20-%20ALEXIS%20BALLEJOS%20%28POLO%20OBRERO%29%2022%2005%202023%20.mp3\">https:\/\/archive.org\/download\/audio-alexis-ballejos-polo-obrero-22-05-2023\/AUDIO%20-%20ALEXIS%20BALLEJOS%20%28POLO%20OBRERO%29%2022%2005%202023%20.mp3<\/a><\/audio>\n<div class=\"powerpress_player\" id=\"powerpress_player_3044\"><audio class=\"wp-audio-shortcode\" id=\"audio-5476-1\" preload=\"none\" style=\"width: 100%;\" controls=\"controls\"><source type=\"audio\/mpeg\" src=\"https:\/\/archive.org\/download\/audio-alexis-ballejos-polo-obrero-22-05-2023\/AUDIO%20-%20ALEXIS%20BALLEJOS%20%28POLO%20OBRERO%29%2022%2005%202023%20.mp3?_=1\" \/><a href=\"https:\/\/archive.org\/download\/audio-alexis-ballejos-polo-obrero-22-05-2023\/AUDIO%20-%20ALEXIS%20BALLEJOS%20%28POLO%20OBRERO%29%2022%2005%202023%20.mp3\">https:\/\/archive.org\/download\/audio-alexis-ballejos-polo-obrero-22-05-2023\/AUDIO%20-%20ALEXIS%20BALLEJOS%20%28POLO%20OBRERO%29%2022%2005%202023%20.mp3<\/a><\/audio><\/div><p class=\"powerpress_links powerpress_links_mp3\" style=\"margin-bottom: 1px !important;\">Podcast: <a href=\"https:\/\/archive.org\/download\/audio-alexis-ballejos-polo-obrero-22-05-2023\/AUDIO%20-%20ALEXIS%20BALLEJOS%20%28POLO%20OBRERO%29%2022%2005%202023%20.mp3\" class=\"powerpress_link_pinw\" target=\"_blank\" title=\"Reproducir en una nueva ventana\" onclick=\"return powerpress_pinw('https:\/\/fmtinkunaco.ar\/?powerpress_pinw=5476-podcast');\" rel=\"nofollow\">Reproducir en una nueva ventana<\/a> | <a href=\"https:\/\/archive.org\/download\/audio-alexis-ballejos-polo-obrero-22-05-2023\/AUDIO%20-%20ALEXIS%20BALLEJOS%20%28POLO%20OBRERO%29%2022%2005%202023%20.mp3\" class=\"powerpress_link_d\" title=\"Descargar\" rel=\"nofollow\" download=\"AUDIO%20-%20ALEXIS%20BALLEJOS%20%28POLO%20OBRERO%29%2022%2005%202023%20.mp3\">Descargar<\/a><\/p>","protected":false},"excerpt":{"rendered":"<p>El Polo Obrero de San Miguel moviliz\u00f3 a m\u00e1s de 100 vecinos y vecinas desde la Av. Balb\u00edn y Gelly Obes hasta la Plaza San Miguel donde concentraron frente a la municipalidad de San Miguel reclamando asistencia para comedores y merenderos. Alexis Ballejos, militante del Polo Obrero, se refiri\u00f3 a las exigencias \u201cEn un contexto [&hellip;]<\/p>\n","protected":false},"author":1,"featured_media":5477,"comment_status":"open","ping_status":"open","sticky":false,"template":"","format":"standard","meta":{"footnotes":""},"categories":[9],"tags":[],"class_list":["post-5476","post","type-post","status-publish","format-standard","has-post-thumbnail","hentry","category-sociedad"],"_links":{"self":[{"href":"https:\/\/fmtinkunaco.ar\/index.php?rest_route=\/wp\/v2\/posts\/5476","targetHints":{"allow":["GET"]}}],"collection":[{"href":"https:\/\/fmtinkunaco.ar\/index.php?rest_route=\/wp\/v2\/posts"}],"about":[{"href":"https:\/\/fmtinkunaco.ar\/index.php?rest_route=\/wp\/v2\/types\/post"}],"author":[{"embeddable":true,"href":"https:\/\/fmtinkunaco.ar\/index.php?rest_route=\/wp\/v2\/users\/1"}],"replies":[{"embeddable":true,"href":"https:\/\/fmtinkunaco.ar\/index.php?rest_route=%2Fwp%2Fv2%2Fcomments&post=5476"}],"version-history":[{"count":0,"href":"https:\/\/fmtinkunaco.ar\/index.php?rest_route=\/wp\/v2\/posts\/5476\/revisions"}],"wp:featuredmedia":[{"embeddable":true,"href":"https:\/\/fmtinkunaco.ar\/index.php?rest_route=\/"}],"wp:attachment":[{"href":"https:\/\/fmtinkunaco.ar\/index.php?rest_route=%2Fwp%2Fv2%2Fmedia&parent=5476"}],"wp:term":[{"taxonomy":"category","embeddable":true,"href":"https:\/\/fmtinkunaco.ar\/index.php?rest_route=%2Fwp%2Fv2%2Fcategories&post=5476"},{"taxonomy":"post_tag","embeddable":true,"href":"https:\/\/fmtinkunaco.ar\/index.php?rest_route=%2Fwp%2Fv2%2Ftags&post=5476"}],"curies":[{"name":"wp","href":"https:\/\/api.w.org\/{rel}","templated":true}]}}