{"id":5488,"date":"2023-05-24T11:10:42","date_gmt":"2023-05-24T14:10:42","guid":{"rendered":"https:\/\/fmtinkunaco.com.ar\/?p=5488"},"modified":"2023-05-24T11:10:42","modified_gmt":"2023-05-24T14:10:42","slug":"jornada-de-lucha-a-10-anos-del-femicidio-de-laura-iglesias","status":"publish","type":"post","link":"https:\/\/fmtinkunaco.ar\/?p=5488","title":{"rendered":"Jornada de Lucha: A 10 a\u00f1os del femicidio de Laura Iglesias"},"content":{"rendered":"<p>El pr\u00f3ximo lunes 29 de mayo se cumplen 10 a\u00f1os del femicidio de Laura Iglesias, Trabajadora Social del Patronato de Liberados, quien fue violada y asesina en Miramar mientras desarrollaba trabajo de campo.<\/p>\n<p>En el marco de este nuevo aniversario, sus compa\u00f1eros y compa\u00f1eras del Patronato convocan a una jornada de paro, con radio abierta y clase publica en la Sede Central del Patronato en La Plata.<\/p>\n<p>Hip\u00f3lito Demo, Delegado gremial de ATE en la Delegaci\u00f3n Ensenada del Patronato de Liberados Bonaerense, afirm\u00f3 que Laura se convirti\u00f3 en una bandera de lucha <em>\u201cSe convirti\u00f3 en una bandera de lucha Laura porque lamentablemente esas condiciones (precarias de trabajo) llevaron al femicidio de Laura. Por un lado, el reclamo de justicia porque hubo un juicio en el cual se conden\u00f3 al \u00fanico imputado pero hubo toda una lucha por las pericias, por lograr una pericia independiente de la polic\u00eda y esa segunda pericia indico que hab\u00eda m\u00e1s participes en el crimen y fuertemente sospechas sobre la polic\u00eda de Miramar, que ya tiene el triste antecedente de Natalia Mellman. Entonces esa fue una pericia, que al d\u00eda de hoy, sigue siendo cajoneada por la Fiscal\u00eda de Mar del Plata y entonces, bueno, seguimos exigiendo que se sepa toda la verdad, que haya justicia y que tambi\u00e9n sobre los responsables pol\u00edticos que entendemos que tanto Daniel Scioli, Ricardo Casal y Alejandra L\u00f3pez en tanto garantes de esa precarizaci\u00f3n laboral facilitaron las condiciones de este femicidio\u201d.<\/em><\/p>\n<p>Demo, adem\u00e1s, remarc\u00f3 que las condiciones de trabajo actuales son id\u00e9nticas a las de hace 10 a\u00f1os, <em>\u201cEl paro en tanto reclamo de la modificaci\u00f3n de estas condiciones laborales que no se han modificado; el paro y la jornada del lunes es una jornada de trabajador3es, no de la gesti\u00f3n, y tiene como objetivo denunciar esta situaci\u00f3n. Por ejemplo, las tareas de campo se sigue haciendo en las mismas condiciones que se hac\u00eda, el Tribunal Oral en lo Criminal 3 de Mar del Plata estableci\u00f3, claramente, en su fall\u00f3 y exhort\u00f3 al organismo, digamos al Ministerio y al Patronato, a dise\u00f1ar una pol\u00edtica p\u00fablica que tenga en cuenta la composici\u00f3n de genero de las trabajadoras del patronato. La mayor\u00eda de las compa\u00f1eras del patronato son mujeres y digamos, no solo para las mujeres, pero en la composici\u00f3n de las trabajadoras sociales, de las psic\u00f3logas, abogadas y administrativas, no hay ning\u00fan tipo de medida de cuidado para la trabajadora cuando sale al campo\u201d.<\/em><\/p>\n<p>Finalmente, Hip\u00f3lito Demo, record\u00f3 a Laura Iglesias <em>\u201cLaura fue un ejemplo, para muchos que en ese momento est\u00e1bamos inici\u00e1ndonos en la militancia gremial, siempre participando en los plenarios, en las asambleas, en el colegio de Trabajo Social, acompa\u00f1ando a madres del gatillo f\u00e1cil, fue una compa\u00f1era muy comprometida, as\u00ed que tiene un significado muy profundo la jornada\u201d.<\/em><\/p>\n<p>La jornada de exigencia de justicia por Laura Iglesias, a 10 a\u00f1os de su femicidio y de visibilizaci\u00f3n de las condiciones de trabajo, se realizar\u00e1 el lunes 29 de mayo a partir de las 10 de la ma\u00f1ana en la Sede Central del Patronato en la ciudad de La Plata \u2013 calle 72 entre 121 y 122.<\/p>\n<p>Entrevista completa realizada en el noticiero Encuentro con las Noticias<\/p>\n<p><a href=\"https:\/\/archive.org\/details\/audio-hipolito-demo-patronato-de-liberados-24-05-2023\">Descargar<\/a><\/p>\n<audio class=\"wp-audio-shortcode\" id=\"audio-5488-2\" preload=\"none\" style=\"width: 100%;\" controls=\"controls\"><source type=\"audio\/mpeg\" src=\"https:\/\/archive.org\/download\/audio-hipolito-demo-patronato-de-liberados-24-05-2023\/AUDIO%20-%20HIPOLITO%20DEMO%20%28PATRONATO%20DE%20LIBERADOS%29%2024%2005%202023.mp3?_=2\" \/><a href=\"https:\/\/archive.org\/download\/audio-hipolito-demo-patronato-de-liberados-24-05-2023\/AUDIO%20-%20HIPOLITO%20DEMO%20%28PATRONATO%20DE%20LIBERADOS%29%2024%2005%202023.mp3\">https:\/\/archive.org\/download\/audio-hipolito-demo-patronato-de-liberados-24-05-2023\/AUDIO%20-%20HIPOLITO%20DEMO%20%28PATRONATO%20DE%20LIBERADOS%29%2024%2005%202023.mp3<\/a><\/audio>\n<div class=\"powerpress_player\" id=\"powerpress_player_441\"><audio class=\"wp-audio-shortcode\" id=\"audio-5488-1\" preload=\"none\" style=\"width: 100%;\" controls=\"controls\"><source type=\"audio\/mpeg\" src=\"https:\/\/archive.org\/download\/audio-hipolito-demo-patronato-de-liberados-24-05-2023\/AUDIO%20-%20HIPOLITO%20DEMO%20%28PATRONATO%20DE%20LIBERADOS%29%2024%2005%202023.mp3?_=1\" \/><a href=\"https:\/\/archive.org\/download\/audio-hipolito-demo-patronato-de-liberados-24-05-2023\/AUDIO%20-%20HIPOLITO%20DEMO%20%28PATRONATO%20DE%20LIBERADOS%29%2024%2005%202023.mp3\">https:\/\/archive.org\/download\/audio-hipolito-demo-patronato-de-liberados-24-05-2023\/AUDIO%20-%20HIPOLITO%20DEMO%20%28PATRONATO%20DE%20LIBERADOS%29%2024%2005%202023.mp3<\/a><\/audio><\/div><p class=\"powerpress_links powerpress_links_mp3\" style=\"margin-bottom: 1px !important;\">Podcast: <a href=\"https:\/\/archive.org\/download\/audio-hipolito-demo-patronato-de-liberados-24-05-2023\/AUDIO%20-%20HIPOLITO%20DEMO%20%28PATRONATO%20DE%20LIBERADOS%29%2024%2005%202023.mp3\" class=\"powerpress_link_pinw\" target=\"_blank\" title=\"Reproducir en una nueva ventana\" onclick=\"return powerpress_pinw('https:\/\/fmtinkunaco.ar\/?powerpress_pinw=5488-podcast');\" rel=\"nofollow\">Reproducir en una nueva ventana<\/a> | <a href=\"https:\/\/archive.org\/download\/audio-hipolito-demo-patronato-de-liberados-24-05-2023\/AUDIO%20-%20HIPOLITO%20DEMO%20%28PATRONATO%20DE%20LIBERADOS%29%2024%2005%202023.mp3\" class=\"powerpress_link_d\" title=\"Descargar\" rel=\"nofollow\" download=\"AUDIO%20-%20HIPOLITO%20DEMO%20%28PATRONATO%20DE%20LIBERADOS%29%2024%2005%202023.mp3\">Descargar<\/a><\/p>","protected":false},"excerpt":{"rendered":"<p>El pr\u00f3ximo lunes 29 de mayo se cumplen 10 a\u00f1os del femicidio de Laura Iglesias, Trabajadora Social del Patronato de Liberados, quien fue violada y asesina en Miramar mientras desarrollaba trabajo de campo. En el marco de este nuevo aniversario, sus compa\u00f1eros y compa\u00f1eras del Patronato convocan a una jornada de paro, con radio abierta [&hellip;]<\/p>\n","protected":false},"author":1,"featured_media":5489,"comment_status":"open","ping_status":"open","sticky":false,"template":"","format":"standard","meta":{"footnotes":""},"categories":[6],"tags":[],"class_list":["post-5488","post","type-post","status-publish","format-standard","has-post-thumbnail","hentry","category-genero"],"_links":{"self":[{"href":"https:\/\/fmtinkunaco.ar\/index.php?rest_route=\/wp\/v2\/posts\/5488","targetHints":{"allow":["GET"]}}],"collection":[{"href":"https:\/\/fmtinkunaco.ar\/index.php?rest_route=\/wp\/v2\/posts"}],"about":[{"href":"https:\/\/fmtinkunaco.ar\/index.php?rest_route=\/wp\/v2\/types\/post"}],"author":[{"embeddable":true,"href":"https:\/\/fmtinkunaco.ar\/index.php?rest_route=\/wp\/v2\/users\/1"}],"replies":[{"embeddable":true,"href":"https:\/\/fmtinkunaco.ar\/index.php?rest_route=%2Fwp%2Fv2%2Fcomments&post=5488"}],"version-history":[{"count":0,"href":"https:\/\/fmtinkunaco.ar\/index.php?rest_route=\/wp\/v2\/posts\/5488\/revisions"}],"wp:featuredmedia":[{"embeddable":true,"href":"https:\/\/fmtinkunaco.ar\/index.php?rest_route=\/"}],"wp:attachment":[{"href":"https:\/\/fmtinkunaco.ar\/index.php?rest_route=%2Fwp%2Fv2%2Fmedia&parent=5488"}],"wp:term":[{"taxonomy":"category","embeddable":true,"href":"https:\/\/fmtinkunaco.ar\/index.php?rest_route=%2Fwp%2Fv2%2Fcategories&post=5488"},{"taxonomy":"post_tag","embeddable":true,"href":"https:\/\/fmtinkunaco.ar\/index.php?rest_route=%2Fwp%2Fv2%2Ftags&post=5488"}],"curies":[{"name":"wp","href":"https:\/\/api.w.org\/{rel}","templated":true}]}}