{"id":5493,"date":"2023-05-30T10:50:00","date_gmt":"2023-05-30T13:50:00","guid":{"rendered":"https:\/\/fmtinkunaco.com.ar\/?p=5493"},"modified":"2023-05-30T10:50:00","modified_gmt":"2023-05-30T13:50:00","slug":"las-asambleas-ciudadanas-de-jose-c-paz-volvieron-a-reunirse-para-coordinar-acciones","status":"publish","type":"post","link":"https:\/\/fmtinkunaco.ar\/?p=5493","title":{"rendered":"Las asambleas ciudadanas de Jos\u00e9. C. Paz volvieron a reunirse para coordinar acciones"},"content":{"rendered":"<p>Las asambleas ciudadanas pace\u00f1as volvieron a reunirse, como cada segundo s\u00e1bado del mes, para coordinar acciones que respondan a las principales problem\u00e1ticas que se reconocen en cada uno de los encuentros.<\/p>\n<p>Los principales ejes de trabajo son la salud p\u00fablica, el ambiente, la educaci\u00f3n, la situaci\u00f3n de las ni\u00f1as y ni\u00f1os y las problem\u00e1ticas de g\u00e9nero, entre otras.<\/p>\n<p>Marcelo Ochoa, integrante de las Asambleas Ciudadanas, se refiri\u00f3 a esta nueva reuni\u00f3n y al objetivo principal de este espacio <em>\u201cUna de las cosas que llev\u00f3 a conformar este espacio es poder darle una cierta trascendencia, incluso hablamos de la posibilidad de armar instancias de formaci\u00f3n para las militancias, para las barriadas, porque lo que necesitamos es profundizar la democracia que tenemos y profundizar c\u00f3mo problematizamos nuestra realidad cotidiana porque en caso contrario lo que se lleva la atenci\u00f3n p\u00fablica son las discusiones de las internas, quien tiene m\u00e1s experiencia o menos experiencia de gesti\u00f3n y los problemas estructurales que tiene Jos\u00e9. C. Paz. (\u2026) Entonces Asambleas Ciudadanas intenta ser un espacio donde poder reflexionar con tiempo, al calor siempre de la coyuntura pero no solamente bajo ese ritmo; qu\u00e9 soluciones a largo plazo podemos encontrar y consensuar con nuestras clases dirigentes pol\u00edticas pero sobretodo y fundamentalmente con las organizaciones que est\u00e1n sosteniendo siempre a pesar de la contingencia de las divisiones pol\u00edticas, siempre sostienen la olla, sostienen un taller, sostienen un encuentro, un palabra, una organizaci\u00f3n, una defensa de derechos, entonces es eso lo que nos importa a largo plazo\u201d.<\/em><\/p>\n<p>Adem\u00e1s, Ochoa, explic\u00f3 cu\u00e1les fueron los principales temas <em>\u201cEsta reuni\u00f3n comenz\u00f3 haciendo un repaso de lo que hab\u00eda sucedido d\u00edas antes es la escuela 34, la escuela primaria donde hubo algunos casos de violencia, de agresi\u00f3n al personal docente por situaciones de enfrentamiento y que eso despu\u00e9s devino en movilizaciones, en patos locales, entonces nos empezamos a hacer eco de la situaci\u00f3n actual del sistema educativo. \u00a0(\u2026) Y tambi\u00e9n le dimos lugar a los temas que vienen proponiendo las organizaciones que participan como la demarcaci\u00f3n de la ribera del Arroyo Pinazo, Vecinos Unidos de San Atilio est\u00e1 promoviendo la creaci\u00f3n de un corredor aer\u00f3bico, la mesa territorial de los derechos de ni\u00f1as, ni\u00f1os y adolescentes sigue trabajando en pos de su reconocimiento y de la creaci\u00f3n del Consejo Local\u201d. \u00a0<\/em><\/p>\n<p>Las asambleas ciudadanas tienen la intenci\u00f3n de organizar y concretar una jornada que invite a reflexionar sobre los desaf\u00edos de los 40 a\u00f1os de democracia en el territorio.<\/p>\n<p>Entrevista completa realizada en el noticiero Encuentro con las Noticias<\/p>\n<p><a href=\"https:\/\/archive.org\/details\/audio-marcelo-ochoa-30-05-2023\">Descargar<\/a><\/p>\n<audio class=\"wp-audio-shortcode\" id=\"audio-5493-2\" preload=\"none\" style=\"width: 100%;\" controls=\"controls\"><source type=\"audio\/mpeg\" src=\"https:\/\/archive.org\/download\/audio-marcelo-ochoa-30-05-2023\/AUDIO%20-%20MARCELO%20OCHOA%2030%2005%202023.mp3?_=2\" \/><a href=\"https:\/\/archive.org\/download\/audio-marcelo-ochoa-30-05-2023\/AUDIO%20-%20MARCELO%20OCHOA%2030%2005%202023.mp3\">https:\/\/archive.org\/download\/audio-marcelo-ochoa-30-05-2023\/AUDIO%20-%20MARCELO%20OCHOA%2030%2005%202023.mp3<\/a><\/audio>\n<div class=\"powerpress_player\" id=\"powerpress_player_72\"><audio class=\"wp-audio-shortcode\" id=\"audio-5493-1\" preload=\"none\" style=\"width: 100%;\" controls=\"controls\"><source type=\"audio\/mpeg\" src=\"https:\/\/archive.org\/download\/audio-marcelo-ochoa-30-05-2023\/AUDIO%20-%20MARCELO%20OCHOA%2030%2005%202023.mp3?_=1\" \/><a href=\"https:\/\/archive.org\/download\/audio-marcelo-ochoa-30-05-2023\/AUDIO%20-%20MARCELO%20OCHOA%2030%2005%202023.mp3\">https:\/\/archive.org\/download\/audio-marcelo-ochoa-30-05-2023\/AUDIO%20-%20MARCELO%20OCHOA%2030%2005%202023.mp3<\/a><\/audio><\/div><p class=\"powerpress_links powerpress_links_mp3\" style=\"margin-bottom: 1px !important;\">Podcast: <a href=\"https:\/\/archive.org\/download\/audio-marcelo-ochoa-30-05-2023\/AUDIO%20-%20MARCELO%20OCHOA%2030%2005%202023.mp3\" class=\"powerpress_link_pinw\" target=\"_blank\" title=\"Reproducir en una nueva ventana\" onclick=\"return powerpress_pinw('https:\/\/fmtinkunaco.ar\/?powerpress_pinw=5493-podcast');\" rel=\"nofollow\">Reproducir en una nueva ventana<\/a> | <a href=\"https:\/\/archive.org\/download\/audio-marcelo-ochoa-30-05-2023\/AUDIO%20-%20MARCELO%20OCHOA%2030%2005%202023.mp3\" class=\"powerpress_link_d\" title=\"Descargar\" rel=\"nofollow\" download=\"AUDIO%20-%20MARCELO%20OCHOA%2030%2005%202023.mp3\">Descargar<\/a><\/p>","protected":false},"excerpt":{"rendered":"<p>Las asambleas ciudadanas pace\u00f1as volvieron a reunirse, como cada segundo s\u00e1bado del mes, para coordinar acciones que respondan a las principales problem\u00e1ticas que se reconocen en cada uno de los encuentros. Los principales ejes de trabajo son la salud p\u00fablica, el ambiente, la educaci\u00f3n, la situaci\u00f3n de las ni\u00f1as y ni\u00f1os y las problem\u00e1ticas de [&hellip;]<\/p>\n","protected":false},"author":1,"featured_media":5494,"comment_status":"open","ping_status":"open","sticky":false,"template":"","format":"standard","meta":{"footnotes":""},"categories":[9],"tags":[],"class_list":["post-5493","post","type-post","status-publish","format-standard","has-post-thumbnail","hentry","category-sociedad"],"_links":{"self":[{"href":"https:\/\/fmtinkunaco.ar\/index.php?rest_route=\/wp\/v2\/posts\/5493","targetHints":{"allow":["GET"]}}],"collection":[{"href":"https:\/\/fmtinkunaco.ar\/index.php?rest_route=\/wp\/v2\/posts"}],"about":[{"href":"https:\/\/fmtinkunaco.ar\/index.php?rest_route=\/wp\/v2\/types\/post"}],"author":[{"embeddable":true,"href":"https:\/\/fmtinkunaco.ar\/index.php?rest_route=\/wp\/v2\/users\/1"}],"replies":[{"embeddable":true,"href":"https:\/\/fmtinkunaco.ar\/index.php?rest_route=%2Fwp%2Fv2%2Fcomments&post=5493"}],"version-history":[{"count":0,"href":"https:\/\/fmtinkunaco.ar\/index.php?rest_route=\/wp\/v2\/posts\/5493\/revisions"}],"wp:featuredmedia":[{"embeddable":true,"href":"https:\/\/fmtinkunaco.ar\/index.php?rest_route=\/"}],"wp:attachment":[{"href":"https:\/\/fmtinkunaco.ar\/index.php?rest_route=%2Fwp%2Fv2%2Fmedia&parent=5493"}],"wp:term":[{"taxonomy":"category","embeddable":true,"href":"https:\/\/fmtinkunaco.ar\/index.php?rest_route=%2Fwp%2Fv2%2Fcategories&post=5493"},{"taxonomy":"post_tag","embeddable":true,"href":"https:\/\/fmtinkunaco.ar\/index.php?rest_route=%2Fwp%2Fv2%2Ftags&post=5493"}],"curies":[{"name":"wp","href":"https:\/\/api.w.org\/{rel}","templated":true}]}}