{"id":5496,"date":"2023-05-30T14:18:45","date_gmt":"2023-05-30T17:18:45","guid":{"rendered":"https:\/\/fmtinkunaco.com.ar\/?p=5496"},"modified":"2023-05-30T14:18:45","modified_gmt":"2023-05-30T17:18:45","slug":"la-casa-joven-diana-sacayan-como-punto-de-recepcion-de-denuncias-de-la-comision-provincial-de-la-memoria","status":"publish","type":"post","link":"https:\/\/fmtinkunaco.ar\/?p=5496","title":{"rendered":"La Casa Joven Diana Sacay\u00e1n como punto de recepci\u00f3n de denuncias de la Comisi\u00f3n Provincial por la Memoria"},"content":{"rendered":"<p><a href=\"https:\/\/www.comisionporlamemoria.org\/la-cpm-lanza-el-programa-punto-denuncia-torturas-para-ampliar-la-recepcion-de-denuncias\/\"><em>\u201cPunto Denuncia Torturas\u201d<\/em><\/a> es un Programa lanzado por la Comisi\u00f3n Provincial por la Memoria (CPM) para profundizar la capacidad de intervenci\u00f3n frente a las violaciones a los derechos humanos en el sistema penal.<\/p>\n<p>En el municipio de Moreno, la Casa Joven Diana Sacay\u00e1n, es uno de los puntos de recepci\u00f3n de denuncias.<\/p>\n<p>Carina Leguizam\u00f3n, referente de Casa Joven Diana Sacay\u00e1n, explic\u00f3 que denuncias abarca el Punto Denuncia Torturas <em>\u201cNo solamente es territorio y c\u00e1rceles, tambi\u00e9n es en centros de rehabilitaciones, en espacio o lugares de abrigo de ni\u00f1eces, abarca todo lo que tenga que ver con instituciones. Venimos haciendo un trabajo arduo porque tenemos cuatro tel\u00e9fonos y esos cuatro tel\u00e9fonos no paran de sonar y la verdad es que no tenemos horarios porque tenemos un compromiso que es salvar la vida de cada ser humano\u201d.<\/em><\/p>\n<p>Adem\u00e1s, Leguizam\u00f3n remarc\u00f3 la importancia de la existencia de estos espacios en el territorio<em> \u201cTener esa herramienta, para nosotros, es como saber que no estamos solos y solas ac\u00e1 en el territorio cuando pasan situaciones como estas, que se llevan detenidos a pibes ilegalmente, todo lo que nos llega a nuestros tel\u00e9fonos son abordadas por la Comisi\u00f3n Provincial por la Memoria y la verdad que es un gran acompa\u00f1amiento y un gran orgullo, tambi\u00e9n, a la vez porque sabemos que esas situaciones est\u00e1n siendo acompa\u00f1adas\u201d.<\/em><\/p>\n<p>La Casa Joven hace dos a\u00f1os que recepciona denuncias y Carina Leguizam\u00f3n fue explicita en los n\u00fameros que vienen manejando<em> \u201cLas estad\u00edsticas que tenemos de recepciones de denuncias del a\u00f1o pasado, porque todav\u00eda no cerramos este a\u00f1o, fueron 15 mil denuncias abordadas desde la Comisi\u00f3n Provincial por la Memoria\u201d.<\/em><\/p>\n<p>El programa se lanz\u00f3 el 26 de junio de 2020 y se desarrolla en el marco de las actividades que la CPM despliega en calidad de Mecanismo Local de Prevenci\u00f3n de la Tortura, que contempla la articulaci\u00f3n con organizaciones de familiares y de la sociedad civil para el monitoreo, prevenci\u00f3n y asistencia de la tortura en la provincia de Buenos Aires.<\/p>\n<p>Para la realizaci\u00f3n de denuncias comunicarse a los siguientes n\u00fameros: 221-5898613 (Carina), 1139235567 (Ayel\u00e9n), 1162089446 (Geraldine) y 1141967605 (Luna).<\/p>\n<p>Entrevista completa realizada en el noticiero Encuentro con las Noticias<\/p>\n<p><a href=\"https:\/\/archive.org\/details\/audio-carina-leguizamon-30-05-2023\">Descargar<\/a><\/p>\n<audio class=\"wp-audio-shortcode\" id=\"audio-5496-2\" preload=\"none\" style=\"width: 100%;\" controls=\"controls\"><source type=\"audio\/mpeg\" src=\"https:\/\/archive.org\/download\/audio-carina-leguizamon-30-05-2023\/AUDIO%20-%20CARINA%20LEGUIZAMON%2030%2005%202023.mp3?_=2\" \/><a href=\"https:\/\/archive.org\/download\/audio-carina-leguizamon-30-05-2023\/AUDIO%20-%20CARINA%20LEGUIZAMON%2030%2005%202023.mp3\">https:\/\/archive.org\/download\/audio-carina-leguizamon-30-05-2023\/AUDIO%20-%20CARINA%20LEGUIZAMON%2030%2005%202023.mp3<\/a><\/audio>\n<div class=\"powerpress_player\" id=\"powerpress_player_9881\"><audio class=\"wp-audio-shortcode\" id=\"audio-5496-1\" preload=\"none\" style=\"width: 100%;\" controls=\"controls\"><source type=\"audio\/mpeg\" src=\"https:\/\/archive.org\/download\/audio-carina-leguizamon-30-05-2023\/AUDIO%20-%20CARINA%20LEGUIZAMON%2030%2005%202023.mp3?_=1\" \/><a href=\"https:\/\/archive.org\/download\/audio-carina-leguizamon-30-05-2023\/AUDIO%20-%20CARINA%20LEGUIZAMON%2030%2005%202023.mp3\">https:\/\/archive.org\/download\/audio-carina-leguizamon-30-05-2023\/AUDIO%20-%20CARINA%20LEGUIZAMON%2030%2005%202023.mp3<\/a><\/audio><\/div><p class=\"powerpress_links powerpress_links_mp3\" style=\"margin-bottom: 1px !important;\">Podcast: <a href=\"https:\/\/archive.org\/download\/audio-carina-leguizamon-30-05-2023\/AUDIO%20-%20CARINA%20LEGUIZAMON%2030%2005%202023.mp3\" class=\"powerpress_link_pinw\" target=\"_blank\" title=\"Reproducir en una nueva ventana\" onclick=\"return powerpress_pinw('https:\/\/fmtinkunaco.ar\/?powerpress_pinw=5496-podcast');\" rel=\"nofollow\">Reproducir en una nueva ventana<\/a> | <a href=\"https:\/\/archive.org\/download\/audio-carina-leguizamon-30-05-2023\/AUDIO%20-%20CARINA%20LEGUIZAMON%2030%2005%202023.mp3\" class=\"powerpress_link_d\" title=\"Descargar\" rel=\"nofollow\" download=\"AUDIO%20-%20CARINA%20LEGUIZAMON%2030%2005%202023.mp3\">Descargar<\/a><\/p>","protected":false},"excerpt":{"rendered":"<p>\u201cPunto Denuncia Torturas\u201d es un Programa lanzado por la Comisi\u00f3n Provincial por la Memoria (CPM) para profundizar la capacidad de intervenci\u00f3n frente a las violaciones a los derechos humanos en el sistema penal. En el municipio de Moreno, la Casa Joven Diana Sacay\u00e1n, es uno de los puntos de recepci\u00f3n de denuncias. Carina Leguizam\u00f3n, referente [&hellip;]<\/p>\n","protected":false},"author":1,"featured_media":5497,"comment_status":"open","ping_status":"open","sticky":false,"template":"","format":"standard","meta":{"footnotes":""},"categories":[4],"tags":[],"class_list":["post-5496","post","type-post","status-publish","format-standard","has-post-thumbnail","hentry","category-derechos-humanos"],"_links":{"self":[{"href":"https:\/\/fmtinkunaco.ar\/index.php?rest_route=\/wp\/v2\/posts\/5496","targetHints":{"allow":["GET"]}}],"collection":[{"href":"https:\/\/fmtinkunaco.ar\/index.php?rest_route=\/wp\/v2\/posts"}],"about":[{"href":"https:\/\/fmtinkunaco.ar\/index.php?rest_route=\/wp\/v2\/types\/post"}],"author":[{"embeddable":true,"href":"https:\/\/fmtinkunaco.ar\/index.php?rest_route=\/wp\/v2\/users\/1"}],"replies":[{"embeddable":true,"href":"https:\/\/fmtinkunaco.ar\/index.php?rest_route=%2Fwp%2Fv2%2Fcomments&post=5496"}],"version-history":[{"count":0,"href":"https:\/\/fmtinkunaco.ar\/index.php?rest_route=\/wp\/v2\/posts\/5496\/revisions"}],"wp:featuredmedia":[{"embeddable":true,"href":"https:\/\/fmtinkunaco.ar\/index.php?rest_route=\/"}],"wp:attachment":[{"href":"https:\/\/fmtinkunaco.ar\/index.php?rest_route=%2Fwp%2Fv2%2Fmedia&parent=5496"}],"wp:term":[{"taxonomy":"category","embeddable":true,"href":"https:\/\/fmtinkunaco.ar\/index.php?rest_route=%2Fwp%2Fv2%2Fcategories&post=5496"},{"taxonomy":"post_tag","embeddable":true,"href":"https:\/\/fmtinkunaco.ar\/index.php?rest_route=%2Fwp%2Fv2%2Ftags&post=5496"}],"curies":[{"name":"wp","href":"https:\/\/api.w.org\/{rel}","templated":true}]}}