{"id":5500,"date":"2023-05-31T11:07:53","date_gmt":"2023-05-31T14:07:53","guid":{"rendered":"https:\/\/fmtinkunaco.com.ar\/?p=5500"},"modified":"2023-05-31T11:07:53","modified_gmt":"2023-05-31T14:07:53","slug":"cicop-declara-el-estado-de-alerta-del-area-de-pediatria","status":"publish","type":"post","link":"https:\/\/fmtinkunaco.ar\/?p=5500","title":{"rendered":"CICOP declara el estado de alerta del \u00e1rea de pediatr\u00eda"},"content":{"rendered":"<p>Desde la Asociaci\u00f3n Sindical de Profesionales de la Salud de la Provincia de Buenos Aires (CICOP)\u00a0declaran su preocupaci\u00f3n por la crisis que viene atravesando el \u00e1rea de pediatr\u00eda.<\/p>\n<p>Adem\u00e1s, explican que el aumento de cargos vacantes en las residencias y de renuncias en los planteles estables hoy ponen en peligro la atenci\u00f3n de las infancias.<\/p>\n<p>Esto se da, en el marco de una epidemia de bronquiolitis, con alarmantes n\u00fameros en comparaci\u00f3n de otros a\u00f1os.<\/p>\n<p>An\u00edbal Artistizabal, Secretario General de la Asociaci\u00f3n de CICOP, se refiri\u00f3 particularmente a la situaci\u00f3n actual en el Hospital del Ni\u00f1o de San Justo, La Matanza <em>\u201cHay compa\u00f1eras y compa\u00f1eros pediatras en conflicto que me est\u00e1n planteando que tienen un salario b\u00e1sico de 30 mil pesos y sobre esos 30 mil pesos hay sumas no remunerativas o no bonificables que en total llegan a sumar un salario 160 mil pesos y al mismo tiempo hay en el hospital cargos que est\u00e1n en los 500 mil pesos que por supuesto son monotributistas, no tienen aportes, no tienen derechos laborales de ning\u00fan tipo pero el salto salarial es tan grande que genera un \u00e9xodo de profesionales del sector municipal\u201d.<\/em><\/p>\n<p>Adem\u00e1s de visibilizar la situaci\u00f3n del \u00e1rea de pediatr\u00eda, CICOP mantiene la exigencia de una Paritaria Nacional de Salud que resuelva la emergencia salarial del sector y Por medidas urgentes para resolver la profunda crisis de Pediatr\u00eda, Salud Mental y el Primer Nivel de Atenci\u00f3n, entre otras.<\/p>\n<p>En este contexto, CICOP se suma a la jornada nacional de lucha convocada por la Federaci\u00f3n Sindical Nacional de Trabajadores y Trabajadoras de la Salud, de la que forma parte, para el pr\u00f3ximo 8 de junio.<br \/>\nAs\u00ed lo remarc\u00f3 Aristizabal <em>\u201cNosotros estamos yendo hacia una jornada nacional desde la Federaci\u00f3n Sindical Nacional de Trabajadores y Trabajadoras de la Salud que es la FESINTRAS, el 8 vamos a hacer una jornada nacional. Esta semana haremos asambleas en los hospitales para nuestro Congreso del viernes 2 y analizaremos que forma va a tomar\u00a0 la jornada nacional en la provincia de Buenos Aires pero yo entiendo que la jornada nacional en provincia de Buenos Aires tiene que tener un fuerte \u00e9nfasis en la denuncia del abandono del primer nivel de atenci\u00f3n en particular del sub sector de las compa\u00f1eras y los compa\u00f1eros municipales que est\u00e1n con situaciones salariales y situaciones de trabajo que son insostenibles, el caso testigo es el de La Matanza\u201d.<\/em><\/p>\n<p>Entrevista completa realizada en el noticiero Encuentro con las Noticias<\/p>\n<p><a href=\"https:\/\/archive.org\/details\/audio-anibal-aristizabal-31-05-2023\">Descargar<\/a><\/p>\n<audio class=\"wp-audio-shortcode\" id=\"audio-5500-2\" preload=\"none\" style=\"width: 100%;\" controls=\"controls\"><source type=\"audio\/mpeg\" src=\"https:\/\/archive.org\/download\/audio-anibal-aristizabal-31-05-2023\/AUDIO%20-%20ANIBAL%20ARISTIZABAL%2031%2005%202023.mp3?_=2\" \/><a href=\"https:\/\/archive.org\/download\/audio-anibal-aristizabal-31-05-2023\/AUDIO%20-%20ANIBAL%20ARISTIZABAL%2031%2005%202023.mp3\">https:\/\/archive.org\/download\/audio-anibal-aristizabal-31-05-2023\/AUDIO%20-%20ANIBAL%20ARISTIZABAL%2031%2005%202023.mp3<\/a><\/audio>\n<div class=\"powerpress_player\" id=\"powerpress_player_4847\"><audio class=\"wp-audio-shortcode\" id=\"audio-5500-1\" preload=\"none\" style=\"width: 100%;\" controls=\"controls\"><source type=\"audio\/mpeg\" src=\"https:\/\/archive.org\/download\/audio-anibal-aristizabal-31-05-2023\/AUDIO%20-%20ANIBAL%20ARISTIZABAL%2031%2005%202023.mp3?_=1\" \/><a href=\"https:\/\/archive.org\/download\/audio-anibal-aristizabal-31-05-2023\/AUDIO%20-%20ANIBAL%20ARISTIZABAL%2031%2005%202023.mp3\">https:\/\/archive.org\/download\/audio-anibal-aristizabal-31-05-2023\/AUDIO%20-%20ANIBAL%20ARISTIZABAL%2031%2005%202023.mp3<\/a><\/audio><\/div><p class=\"powerpress_links powerpress_links_mp3\" style=\"margin-bottom: 1px !important;\">Podcast: <a href=\"https:\/\/archive.org\/download\/audio-anibal-aristizabal-31-05-2023\/AUDIO%20-%20ANIBAL%20ARISTIZABAL%2031%2005%202023.mp3\" class=\"powerpress_link_pinw\" target=\"_blank\" title=\"Reproducir en una nueva ventana\" onclick=\"return powerpress_pinw('https:\/\/fmtinkunaco.ar\/?powerpress_pinw=5500-podcast');\" rel=\"nofollow\">Reproducir en una nueva ventana<\/a> | <a href=\"https:\/\/archive.org\/download\/audio-anibal-aristizabal-31-05-2023\/AUDIO%20-%20ANIBAL%20ARISTIZABAL%2031%2005%202023.mp3\" class=\"powerpress_link_d\" title=\"Descargar\" rel=\"nofollow\" download=\"AUDIO%20-%20ANIBAL%20ARISTIZABAL%2031%2005%202023.mp3\">Descargar<\/a><\/p>","protected":false},"excerpt":{"rendered":"<p>Desde la Asociaci\u00f3n Sindical de Profesionales de la Salud de la Provincia de Buenos Aires (CICOP)\u00a0declaran su preocupaci\u00f3n por la crisis que viene atravesando el \u00e1rea de pediatr\u00eda. Adem\u00e1s, explican que el aumento de cargos vacantes en las residencias y de renuncias en los planteles estables hoy ponen en peligro la atenci\u00f3n de las infancias. [&hellip;]<\/p>\n","protected":false},"author":1,"featured_media":5409,"comment_status":"open","ping_status":"open","sticky":false,"template":"","format":"standard","meta":{"footnotes":""},"categories":[7],"tags":[],"class_list":["post-5500","post","type-post","status-publish","format-standard","has-post-thumbnail","hentry","category-salud"],"_links":{"self":[{"href":"https:\/\/fmtinkunaco.ar\/index.php?rest_route=\/wp\/v2\/posts\/5500","targetHints":{"allow":["GET"]}}],"collection":[{"href":"https:\/\/fmtinkunaco.ar\/index.php?rest_route=\/wp\/v2\/posts"}],"about":[{"href":"https:\/\/fmtinkunaco.ar\/index.php?rest_route=\/wp\/v2\/types\/post"}],"author":[{"embeddable":true,"href":"https:\/\/fmtinkunaco.ar\/index.php?rest_route=\/wp\/v2\/users\/1"}],"replies":[{"embeddable":true,"href":"https:\/\/fmtinkunaco.ar\/index.php?rest_route=%2Fwp%2Fv2%2Fcomments&post=5500"}],"version-history":[{"count":0,"href":"https:\/\/fmtinkunaco.ar\/index.php?rest_route=\/wp\/v2\/posts\/5500\/revisions"}],"wp:featuredmedia":[{"embeddable":true,"href":"https:\/\/fmtinkunaco.ar\/index.php?rest_route=\/"}],"wp:attachment":[{"href":"https:\/\/fmtinkunaco.ar\/index.php?rest_route=%2Fwp%2Fv2%2Fmedia&parent=5500"}],"wp:term":[{"taxonomy":"category","embeddable":true,"href":"https:\/\/fmtinkunaco.ar\/index.php?rest_route=%2Fwp%2Fv2%2Fcategories&post=5500"},{"taxonomy":"post_tag","embeddable":true,"href":"https:\/\/fmtinkunaco.ar\/index.php?rest_route=%2Fwp%2Fv2%2Ftags&post=5500"}],"curies":[{"name":"wp","href":"https:\/\/api.w.org\/{rel}","templated":true}]}}