{"id":5502,"date":"2023-05-31T15:06:32","date_gmt":"2023-05-31T18:06:32","guid":{"rendered":"https:\/\/fmtinkunaco.com.ar\/?p=5502"},"modified":"2023-05-31T15:06:32","modified_gmt":"2023-05-31T18:06:32","slug":"el-centro-comunitario-lagarto-juancho-cumplio-25-anos","status":"publish","type":"post","link":"https:\/\/fmtinkunaco.ar\/?p=5502","title":{"rendered":"El Centro Comunitario Lagarto Juancho cumpli\u00f3 25 a\u00f1os"},"content":{"rendered":"<p>El Centro Comunitario Lagarto Juancho cumpli\u00f3 25 a\u00f1os el pasado 25 de mayo y lo celebrar\u00e1 el pr\u00f3ximo s\u00e1bado 3 de junio, el festejo quedo suspendido por el mal clima.<\/p>\n<p>Luc\u00eda Esp\u00edndola, es coordinadora del Centro Comunitario Lagarto Juancho, se refiri\u00f3 a la emoci\u00f3n por estos 25 a\u00f1os de trabajo con las infancias y adolescencias \u201cMuy emocionada todo el mes porque es mucho recuerdo las fotos, los videos, los momentos que cada quien comparte por las redes. (\u2026) Es mucha emoci\u00f3n, crecieron mis hijos, yo pude terminar el secundario, llegu\u00e9 a la puerta de la universidad y recibir a los estudiantes de la UNPAZ en el Lagarto, tambi\u00e9n me da mucha emoci\u00f3n. Empezamos poquitos y fuimos creciendo un mont\u00f3n, llegar a los 25 a\u00f1os realmente fue un logro para todos los que participamos\u201d.<\/p>\n<p>Luc\u00eda, adem\u00e1s, se refiri\u00f3 a lo organizado para el cumplea\u00f1os \u201cTenemos un mont\u00f3n de cosas que ven\u00edamos preparando, hay un bingo com\u00fan con muchos premios, una merienda, por supuesto est\u00e1 el locro, y cosas que prepararon los pibes y las pibas del centro, los educadores est\u00e1n haciendo cosas, el micr\u00f3fono va a estar abierto, para quien quiera venir y cantar. (\u2026) Nosotros estamos muy emocionados con la fiesta porque es un compartir y un reencuentro porque es la oportunidad de que otros centros nos visiten, que vean lo grande que esta el Lagarto, es ese momento lindo de decir cumplimos 25 y que fue una construcci\u00f3n entre todos\u201d.<\/p>\n<p>La invitaci\u00f3n es a partir de las 13.30hs, el pr\u00f3ximo s\u00e1bado 3 de junio, en el Centro Comunitario Lagarto Juancho ubicado en Colonia 4730, barrio Vucetich.<\/p>\n<p>Entrevista completa realizada en el noticiero Encuentro con las Noticias<\/p>\n<p><a href=\"https:\/\/archive.org\/details\/audio-lucia-espindola-31-05-2023\">Descargar<\/a><\/p>\n<audio class=\"wp-audio-shortcode\" id=\"audio-5502-2\" preload=\"none\" style=\"width: 100%;\" controls=\"controls\"><source type=\"audio\/mpeg\" src=\"https:\/\/archive.org\/download\/audio-lucia-espindola-31-05-2023\/AUDIO%20-%20LUCIA%20ESPINDOLA%2031%2005%202023.mp3?_=2\" \/><a href=\"https:\/\/archive.org\/download\/audio-lucia-espindola-31-05-2023\/AUDIO%20-%20LUCIA%20ESPINDOLA%2031%2005%202023.mp3\">https:\/\/archive.org\/download\/audio-lucia-espindola-31-05-2023\/AUDIO%20-%20LUCIA%20ESPINDOLA%2031%2005%202023.mp3<\/a><\/audio>\n<div class=\"powerpress_player\" id=\"powerpress_player_4702\"><audio class=\"wp-audio-shortcode\" id=\"audio-5502-1\" preload=\"none\" style=\"width: 100%;\" controls=\"controls\"><source type=\"audio\/mpeg\" src=\"https:\/\/archive.org\/download\/audio-lucia-espindola-31-05-2023\/AUDIO%20-%20LUCIA%20ESPINDOLA%2031%2005%202023.mp3?_=1\" \/><a href=\"https:\/\/archive.org\/download\/audio-lucia-espindola-31-05-2023\/AUDIO%20-%20LUCIA%20ESPINDOLA%2031%2005%202023.mp3\">https:\/\/archive.org\/download\/audio-lucia-espindola-31-05-2023\/AUDIO%20-%20LUCIA%20ESPINDOLA%2031%2005%202023.mp3<\/a><\/audio><\/div><p class=\"powerpress_links powerpress_links_mp3\" style=\"margin-bottom: 1px !important;\">Podcast: <a href=\"https:\/\/archive.org\/download\/audio-lucia-espindola-31-05-2023\/AUDIO%20-%20LUCIA%20ESPINDOLA%2031%2005%202023.mp3\" class=\"powerpress_link_pinw\" target=\"_blank\" title=\"Reproducir en una nueva ventana\" onclick=\"return powerpress_pinw('https:\/\/fmtinkunaco.ar\/?powerpress_pinw=5502-podcast');\" rel=\"nofollow\">Reproducir en una nueva ventana<\/a> | <a href=\"https:\/\/archive.org\/download\/audio-lucia-espindola-31-05-2023\/AUDIO%20-%20LUCIA%20ESPINDOLA%2031%2005%202023.mp3\" class=\"powerpress_link_d\" title=\"Descargar\" rel=\"nofollow\" download=\"AUDIO%20-%20LUCIA%20ESPINDOLA%2031%2005%202023.mp3\">Descargar<\/a><\/p>","protected":false},"excerpt":{"rendered":"<p>El Centro Comunitario Lagarto Juancho cumpli\u00f3 25 a\u00f1os el pasado 25 de mayo y lo celebrar\u00e1 el pr\u00f3ximo s\u00e1bado 3 de junio, el festejo quedo suspendido por el mal clima. Luc\u00eda Esp\u00edndola, es coordinadora del Centro Comunitario Lagarto Juancho, se refiri\u00f3 a la emoci\u00f3n por estos 25 a\u00f1os de trabajo con las infancias y adolescencias [&hellip;]<\/p>\n","protected":false},"author":1,"featured_media":5504,"comment_status":"open","ping_status":"open","sticky":false,"template":"","format":"standard","meta":{"footnotes":""},"categories":[9],"tags":[],"class_list":["post-5502","post","type-post","status-publish","format-standard","has-post-thumbnail","hentry","category-sociedad"],"_links":{"self":[{"href":"https:\/\/fmtinkunaco.ar\/index.php?rest_route=\/wp\/v2\/posts\/5502","targetHints":{"allow":["GET"]}}],"collection":[{"href":"https:\/\/fmtinkunaco.ar\/index.php?rest_route=\/wp\/v2\/posts"}],"about":[{"href":"https:\/\/fmtinkunaco.ar\/index.php?rest_route=\/wp\/v2\/types\/post"}],"author":[{"embeddable":true,"href":"https:\/\/fmtinkunaco.ar\/index.php?rest_route=\/wp\/v2\/users\/1"}],"replies":[{"embeddable":true,"href":"https:\/\/fmtinkunaco.ar\/index.php?rest_route=%2Fwp%2Fv2%2Fcomments&post=5502"}],"version-history":[{"count":0,"href":"https:\/\/fmtinkunaco.ar\/index.php?rest_route=\/wp\/v2\/posts\/5502\/revisions"}],"wp:featuredmedia":[{"embeddable":true,"href":"https:\/\/fmtinkunaco.ar\/index.php?rest_route=\/"}],"wp:attachment":[{"href":"https:\/\/fmtinkunaco.ar\/index.php?rest_route=%2Fwp%2Fv2%2Fmedia&parent=5502"}],"wp:term":[{"taxonomy":"category","embeddable":true,"href":"https:\/\/fmtinkunaco.ar\/index.php?rest_route=%2Fwp%2Fv2%2Fcategories&post=5502"},{"taxonomy":"post_tag","embeddable":true,"href":"https:\/\/fmtinkunaco.ar\/index.php?rest_route=%2Fwp%2Fv2%2Ftags&post=5502"}],"curies":[{"name":"wp","href":"https:\/\/api.w.org\/{rel}","templated":true}]}}