{"id":5506,"date":"2023-06-01T13:37:54","date_gmt":"2023-06-01T16:37:54","guid":{"rendered":"https:\/\/fmtinkunaco.com.ar\/?p=5506"},"modified":"2023-06-01T13:37:54","modified_gmt":"2023-06-01T16:37:54","slug":"el-frente-de-mujeres-y-disidencias-convoca-al-3j-ni-una-menos-en-el-partido-de-pilar","status":"publish","type":"post","link":"https:\/\/fmtinkunaco.ar\/?p=5506","title":{"rendered":"El Frente de Mujeres y Disidencias en Lucha convoca al 3J \u2013 Ni Una Menos en el Partido de Pilar"},"content":{"rendered":"<p>El Frente de Mujeres y Disidencias del Partido de Pilar convoca a participar de la concentraci\u00f3n frente a la municipalidad que se realizar\u00e1 ma\u00f1ana, viernes 2 de junio, en el marco de un nuevo Ni Una Menos.<\/p>\n<p>Fernanda Ludue\u00f1a, integrante del Frente de Mujeres y Disidencias, se refiri\u00f3 a la propuesta frente a un nuevo 3J, <em>\u201cEstamos tratando de que, como siempre, sea una intervenci\u00f3n de impacto, que sirva, que podamos visibilizar, que podamos tambi\u00e9n dar una mano porque a veces los espacios no son visibles y hay muchas mujeres que necesitan acercarse; entonces en estos momentos en que estamos en las calles, se acercan, preguntan, piden un tel\u00e9fono, y podemos darles una mano. Es una forma de acercarnos con una acci\u00f3n en las calles as\u00ed que esperamos que ma\u00f1ana sea un d\u00eda fuerte. Yo no quiero que sea lindo, si no que sea de impacto y fuerte\u201d.<\/em><\/p>\n<p>Ludue\u00f1a, adem\u00e1s, hizo hincapi\u00e9 en el lema de la convocar\u00eda <strong>\u201cDerribando los Ministerios y la Secretarias de cart\u00f3n\u201d<\/strong>, <em>\u201cMuchas mujeres est\u00e1n como sinti\u00e9ndose derrotadas, por eso lo habl\u00e1bamos con los compa\u00f1eres, salir pero que sea algo realmente fuerte, que podamos ser la voz de muchas mujeres y disidencias. Creo que esto que siento es as\u00ed, como que se quedan y ya est\u00e1 en no poder hacer nada, yo doy talleres y tambi\u00e9n siento muchas mujeres que sienten eso. No creo que haya mejorado nada, esto que pusimos de derribar las secretarias y ministerios de cart\u00f3n, creo que hay unas figuras impresionantes que parece que hablan de un feminismo que resolvi\u00f3 todo desde el poder, desde all\u00e1 arriba pero hay otra lucha que sigue ocurriendo en las calles que es muy opuesta a lo que nos venden\u201d.<\/em><\/p>\n<p>La convocatoria es el pr\u00f3ximo viernes 2 de junio, a partir de las 15.30hs, frente a la municipalidad de Pilar.<\/p>\n<p>Entrevista completa realizada en el noticiero Encuentro con las Noticias<\/p>\n<p><a href=\"https:\/\/archive.org\/details\/audio-fernanda-luduen-a-01-06-2023\">Descargar<\/a><\/p>\n<audio class=\"wp-audio-shortcode\" id=\"audio-5506-2\" preload=\"none\" style=\"width: 100%;\" controls=\"controls\"><source type=\"audio\/mpeg\" src=\"https:\/\/archive.org\/download\/audio-fernanda-luduen-a-01-06-2023\/AUDIO%20-%20FERNANDA%20LUDUE%C3%91A%2001%2006%202023.mp3?_=2\" \/><a href=\"https:\/\/archive.org\/download\/audio-fernanda-luduen-a-01-06-2023\/AUDIO%20-%20FERNANDA%20LUDUE%C3%91A%2001%2006%202023.mp3\">https:\/\/archive.org\/download\/audio-fernanda-luduen-a-01-06-2023\/AUDIO%20-%20FERNANDA%20LUDUE%C3%91A%2001%2006%202023.mp3<\/a><\/audio>\n<div class=\"powerpress_player\" id=\"powerpress_player_5655\"><audio class=\"wp-audio-shortcode\" id=\"audio-5506-1\" preload=\"none\" style=\"width: 100%;\" controls=\"controls\"><source type=\"audio\/mpeg\" src=\"https:\/\/archive.org\/download\/audio-fernanda-luduen-a-01-06-2023\/AUDIO%20-%20FERNANDA%20LUDUE%C3%91A%2001%2006%202023.mp3?_=1\" \/><a href=\"https:\/\/archive.org\/download\/audio-fernanda-luduen-a-01-06-2023\/AUDIO%20-%20FERNANDA%20LUDUE%C3%91A%2001%2006%202023.mp3\">https:\/\/archive.org\/download\/audio-fernanda-luduen-a-01-06-2023\/AUDIO%20-%20FERNANDA%20LUDUE%C3%91A%2001%2006%202023.mp3<\/a><\/audio><\/div><p class=\"powerpress_links powerpress_links_mp3\" style=\"margin-bottom: 1px !important;\">Podcast: <a href=\"https:\/\/archive.org\/download\/audio-fernanda-luduen-a-01-06-2023\/AUDIO%20-%20FERNANDA%20LUDUE%C3%91A%2001%2006%202023.mp3\" class=\"powerpress_link_pinw\" target=\"_blank\" title=\"Reproducir en una nueva ventana\" onclick=\"return powerpress_pinw('https:\/\/fmtinkunaco.ar\/?powerpress_pinw=5506-podcast');\" rel=\"nofollow\">Reproducir en una nueva ventana<\/a> | <a href=\"https:\/\/archive.org\/download\/audio-fernanda-luduen-a-01-06-2023\/AUDIO%20-%20FERNANDA%20LUDUE%C3%91A%2001%2006%202023.mp3\" class=\"powerpress_link_d\" title=\"Descargar\" rel=\"nofollow\" download=\"AUDIO%20-%20FERNANDA%20LUDUE%C3%91A%2001%2006%202023.mp3\">Descargar<\/a><\/p>","protected":false},"excerpt":{"rendered":"<p>El Frente de Mujeres y Disidencias del Partido de Pilar convoca a participar de la concentraci\u00f3n frente a la municipalidad que se realizar\u00e1 ma\u00f1ana, viernes 2 de junio, en el marco de un nuevo Ni Una Menos. Fernanda Ludue\u00f1a, integrante del Frente de Mujeres y Disidencias, se refiri\u00f3 a la propuesta frente a un nuevo [&hellip;]<\/p>\n","protected":false},"author":1,"featured_media":5507,"comment_status":"open","ping_status":"open","sticky":false,"template":"","format":"standard","meta":{"footnotes":""},"categories":[6],"tags":[],"class_list":["post-5506","post","type-post","status-publish","format-standard","has-post-thumbnail","hentry","category-genero"],"_links":{"self":[{"href":"https:\/\/fmtinkunaco.ar\/index.php?rest_route=\/wp\/v2\/posts\/5506","targetHints":{"allow":["GET"]}}],"collection":[{"href":"https:\/\/fmtinkunaco.ar\/index.php?rest_route=\/wp\/v2\/posts"}],"about":[{"href":"https:\/\/fmtinkunaco.ar\/index.php?rest_route=\/wp\/v2\/types\/post"}],"author":[{"embeddable":true,"href":"https:\/\/fmtinkunaco.ar\/index.php?rest_route=\/wp\/v2\/users\/1"}],"replies":[{"embeddable":true,"href":"https:\/\/fmtinkunaco.ar\/index.php?rest_route=%2Fwp%2Fv2%2Fcomments&post=5506"}],"version-history":[{"count":0,"href":"https:\/\/fmtinkunaco.ar\/index.php?rest_route=\/wp\/v2\/posts\/5506\/revisions"}],"wp:featuredmedia":[{"embeddable":true,"href":"https:\/\/fmtinkunaco.ar\/index.php?rest_route=\/"}],"wp:attachment":[{"href":"https:\/\/fmtinkunaco.ar\/index.php?rest_route=%2Fwp%2Fv2%2Fmedia&parent=5506"}],"wp:term":[{"taxonomy":"category","embeddable":true,"href":"https:\/\/fmtinkunaco.ar\/index.php?rest_route=%2Fwp%2Fv2%2Fcategories&post=5506"},{"taxonomy":"post_tag","embeddable":true,"href":"https:\/\/fmtinkunaco.ar\/index.php?rest_route=%2Fwp%2Fv2%2Ftags&post=5506"}],"curies":[{"name":"wp","href":"https:\/\/api.w.org\/{rel}","templated":true}]}}