{"id":5515,"date":"2023-06-06T11:11:17","date_gmt":"2023-06-06T14:11:17","guid":{"rendered":"https:\/\/fmtinkunaco.com.ar\/?p=5515"},"modified":"2023-06-06T11:11:17","modified_gmt":"2023-06-06T14:11:17","slug":"pilar-la-justicia-ordeno-la-reincorporacion-del-trabajador-despedido-de-jumbo","status":"publish","type":"post","link":"https:\/\/fmtinkunaco.ar\/?p=5515","title":{"rendered":"Pilar: La justicia orden\u00f3 la reincorporaci\u00f3n del trabajador despedido de Jumbo"},"content":{"rendered":"<p>La justicia orden\u00f3 que la empresa CENCOSUD reincorpore a<a href=\"https:\/\/fmtinkunaco.com.ar\/pilar-federico-borda-denuncia-haber-sido-despedido-por-su-actividad-gremial-en-jumbo\/\"> Federico Borda<\/a>, trabajador que a principio de a\u00f1o denuncio haber sido despedido por su actividad gremial en la empresa Jumbo ubicada en Palmas de Pilar.<\/p>\n<p>Federico Borda, ex delegado de Jumbo y empleado durante 17 a\u00f1os de la empresa, se refiri\u00f3 a esta medida cautelar <em>\u201cHace dos semanas me sali\u00f3 la cautelar, en primera instancia a favor, en la reincorporaci\u00f3n que Jumbo tiene que devolverme mi puesto de trabajo; as\u00ed que estamos muy contentos por eso, obviamente que sigue \u00a0una lucha. Jumbo notifico el 31 de mayo y tendremos noticias si apelan o no el 8 de junio\u201d.<\/em><\/p>\n<p>En caso de que Jumbo no apele, la reincorporaci\u00f3n de Borda se concretar\u00eda el d\u00eda viernes 9 de junio o el lunes 12 de junio, en el mismo puesto de trabajo. Pero el trabajador sostiene que la empresa apelar\u00e1 el fallo en primera instancia de la justicia.<\/p>\n<p>Adem\u00e1s de Borda, alrededor de 10 personas fueron despedidas este a\u00f1o de la sucursal de Jumbo Pilar.<\/p>\n<p>Federico Borda fue despedido dos d\u00edas despu\u00e9s de vencerse los fueros gremiales, ya que fue delegado de los trabajadores, entre el 2019 y 2022.<\/p>\n<p>Entrevista completa realizada en el noticiero Encuentro con las Noticias<\/p>\n<p><a href=\"https:\/\/archive.org\/details\/audio-federico-borda-06-06-2023\">Descargar<\/a><\/p>\n","protected":false},"excerpt":{"rendered":"<p>La justicia orden\u00f3 que la empresa CENCOSUD reincorpore a Federico Borda, trabajador que a principio de a\u00f1o denuncio haber sido despedido por su actividad gremial en la empresa Jumbo ubicada en Palmas de Pilar. Federico Borda, ex delegado de Jumbo y empleado durante 17 a\u00f1os de la empresa, se refiri\u00f3 a esta medida cautelar \u201cHace [&hellip;]<\/p>\n","protected":false},"author":1,"featured_media":5516,"comment_status":"open","ping_status":"open","sticky":false,"template":"","format":"standard","meta":{"footnotes":""},"categories":[4,9],"tags":[],"class_list":["post-5515","post","type-post","status-publish","format-standard","has-post-thumbnail","hentry","category-derechos-humanos","category-sociedad"],"_links":{"self":[{"href":"https:\/\/fmtinkunaco.ar\/index.php?rest_route=\/wp\/v2\/posts\/5515","targetHints":{"allow":["GET"]}}],"collection":[{"href":"https:\/\/fmtinkunaco.ar\/index.php?rest_route=\/wp\/v2\/posts"}],"about":[{"href":"https:\/\/fmtinkunaco.ar\/index.php?rest_route=\/wp\/v2\/types\/post"}],"author":[{"embeddable":true,"href":"https:\/\/fmtinkunaco.ar\/index.php?rest_route=\/wp\/v2\/users\/1"}],"replies":[{"embeddable":true,"href":"https:\/\/fmtinkunaco.ar\/index.php?rest_route=%2Fwp%2Fv2%2Fcomments&post=5515"}],"version-history":[{"count":0,"href":"https:\/\/fmtinkunaco.ar\/index.php?rest_route=\/wp\/v2\/posts\/5515\/revisions"}],"wp:featuredmedia":[{"embeddable":true,"href":"https:\/\/fmtinkunaco.ar\/index.php?rest_route=\/"}],"wp:attachment":[{"href":"https:\/\/fmtinkunaco.ar\/index.php?rest_route=%2Fwp%2Fv2%2Fmedia&parent=5515"}],"wp:term":[{"taxonomy":"category","embeddable":true,"href":"https:\/\/fmtinkunaco.ar\/index.php?rest_route=%2Fwp%2Fv2%2Fcategories&post=5515"},{"taxonomy":"post_tag","embeddable":true,"href":"https:\/\/fmtinkunaco.ar\/index.php?rest_route=%2Fwp%2Fv2%2Ftags&post=5515"}],"curies":[{"name":"wp","href":"https:\/\/api.w.org\/{rel}","templated":true}]}}