{"id":5521,"date":"2023-06-07T11:34:33","date_gmt":"2023-06-07T14:34:33","guid":{"rendered":"https:\/\/fmtinkunaco.com.ar\/?p=5521"},"modified":"2023-06-07T11:34:33","modified_gmt":"2023-06-07T14:34:33","slug":"continua-el-pedido-de-justicia-por-sofia-fernandez","status":"publish","type":"post","link":"https:\/\/fmtinkunaco.ar\/?p=5521","title":{"rendered":"Contin\u00faa el pedido de justicia por Sof\u00eda Fern\u00e1ndez"},"content":{"rendered":"<p>Contin\u00faa el pedido de<a href=\"https:\/\/fmtinkunaco.com.ar\/pilar-familiares-exigen-justicia-por-sofia-fernandez\/\"> justicia por Sof\u00eda Fern\u00e1ndez<\/a>, quien era una mujer trans de 39 a\u00f1os, que fue detenida en la comisar\u00eda 5ta de Presidente Derqui (Pilar) el d\u00eda s\u00e1bado 8 de abril y el 10 de abril la polic\u00eda informa sobre su fallecimiento dentro del destacamento.<\/p>\n<p>M\u00f3nica Aguirre, integrante de Libre Diversidad del MST frente del FIT Unidad, se refiri\u00f3 a la situaci\u00f3n actual del caso <em>\u201cTodav\u00eda no hay una claridad sobre el caso, lo \u00fanico que sabemos es que hay 10 polic\u00edas imputados pero imputados por mal desempe\u00f1o en su cargo p\u00fablico pero no imputados por la muerte de Sof\u00eda y ellos todav\u00eda siguen en actividad dentro de la comisaria\u201d.<\/em><\/p>\n<p>Aguirre, adem\u00e1s, cont\u00f3 que ya se comenzaron a reunir para la organizaci\u00f3n del 28 de junio, D\u00eda Internacional del Orgullo LGBTIQ+ donde, entre otras cosas, se promueve la protecci\u00f3n de los derechos de las diversas identidades y Justicia por Sof\u00eda Fern\u00e1ndez ser\u00e1 una de las banderas <em>\u201cAhora se est\u00e1 gestando el 28J que es donde nosotros salimos a gritar basta de travesticidios y transfemicidios; se est\u00e1 gestando, ya llevamos la primer reuni\u00f3n organizadora, ahora viene las comisiones, y este a\u00f1o se comenta salir con la consigna <strong>justicia por Sof\u00eda Fern\u00e1ndez<\/strong>\u201d.<\/em><\/p>\n<p>Entrevista completa realizada en el noticiero Encuentro con las Noticias<\/p>\n<p><a href=\"https:\/\/archive.org\/details\/audio-monica-aguirre-07-06-2023\">Descargar<\/a><\/p>\n<audio class=\"wp-audio-shortcode\" id=\"audio-5521-2\" preload=\"none\" style=\"width: 100%;\" controls=\"controls\"><source type=\"audio\/mpeg\" src=\"https:\/\/archive.org\/download\/audio-monica-aguirre-07-06-2023\/AUDIO%20-%20MONICA%20AGUIRRE%2007%2006%202023.mp3?_=2\" \/><a href=\"https:\/\/archive.org\/download\/audio-monica-aguirre-07-06-2023\/AUDIO%20-%20MONICA%20AGUIRRE%2007%2006%202023.mp3\">https:\/\/archive.org\/download\/audio-monica-aguirre-07-06-2023\/AUDIO%20-%20MONICA%20AGUIRRE%2007%2006%202023.mp3<\/a><\/audio>\n<div class=\"powerpress_player\" id=\"powerpress_player_8490\"><audio class=\"wp-audio-shortcode\" id=\"audio-5521-1\" preload=\"none\" style=\"width: 100%;\" controls=\"controls\"><source type=\"audio\/mpeg\" src=\"https:\/\/archive.org\/download\/audio-monica-aguirre-07-06-2023\/AUDIO%20-%20MONICA%20AGUIRRE%2007%2006%202023.mp3?_=1\" \/><a href=\"https:\/\/archive.org\/download\/audio-monica-aguirre-07-06-2023\/AUDIO%20-%20MONICA%20AGUIRRE%2007%2006%202023.mp3\">https:\/\/archive.org\/download\/audio-monica-aguirre-07-06-2023\/AUDIO%20-%20MONICA%20AGUIRRE%2007%2006%202023.mp3<\/a><\/audio><\/div><p class=\"powerpress_links powerpress_links_mp3\" style=\"margin-bottom: 1px !important;\">Podcast: <a href=\"https:\/\/archive.org\/download\/audio-monica-aguirre-07-06-2023\/AUDIO%20-%20MONICA%20AGUIRRE%2007%2006%202023.mp3\" class=\"powerpress_link_pinw\" target=\"_blank\" title=\"Reproducir en una nueva ventana\" onclick=\"return powerpress_pinw('https:\/\/fmtinkunaco.ar\/?powerpress_pinw=5521-podcast');\" rel=\"nofollow\">Reproducir en una nueva ventana<\/a> | <a href=\"https:\/\/archive.org\/download\/audio-monica-aguirre-07-06-2023\/AUDIO%20-%20MONICA%20AGUIRRE%2007%2006%202023.mp3\" class=\"powerpress_link_d\" title=\"Descargar\" rel=\"nofollow\" download=\"AUDIO%20-%20MONICA%20AGUIRRE%2007%2006%202023.mp3\">Descargar<\/a><\/p>","protected":false},"excerpt":{"rendered":"<p>Contin\u00faa el pedido de justicia por Sof\u00eda Fern\u00e1ndez, quien era una mujer trans de 39 a\u00f1os, que fue detenida en la comisar\u00eda 5ta de Presidente Derqui (Pilar) el d\u00eda s\u00e1bado 8 de abril y el 10 de abril la polic\u00eda informa sobre su fallecimiento dentro del destacamento. M\u00f3nica Aguirre, integrante de Libre Diversidad del MST [&hellip;]<\/p>\n","protected":false},"author":1,"featured_media":5522,"comment_status":"open","ping_status":"open","sticky":false,"template":"","format":"standard","meta":{"footnotes":""},"categories":[6],"tags":[],"class_list":["post-5521","post","type-post","status-publish","format-standard","has-post-thumbnail","hentry","category-genero"],"_links":{"self":[{"href":"https:\/\/fmtinkunaco.ar\/index.php?rest_route=\/wp\/v2\/posts\/5521","targetHints":{"allow":["GET"]}}],"collection":[{"href":"https:\/\/fmtinkunaco.ar\/index.php?rest_route=\/wp\/v2\/posts"}],"about":[{"href":"https:\/\/fmtinkunaco.ar\/index.php?rest_route=\/wp\/v2\/types\/post"}],"author":[{"embeddable":true,"href":"https:\/\/fmtinkunaco.ar\/index.php?rest_route=\/wp\/v2\/users\/1"}],"replies":[{"embeddable":true,"href":"https:\/\/fmtinkunaco.ar\/index.php?rest_route=%2Fwp%2Fv2%2Fcomments&post=5521"}],"version-history":[{"count":0,"href":"https:\/\/fmtinkunaco.ar\/index.php?rest_route=\/wp\/v2\/posts\/5521\/revisions"}],"wp:featuredmedia":[{"embeddable":true,"href":"https:\/\/fmtinkunaco.ar\/index.php?rest_route=\/"}],"wp:attachment":[{"href":"https:\/\/fmtinkunaco.ar\/index.php?rest_route=%2Fwp%2Fv2%2Fmedia&parent=5521"}],"wp:term":[{"taxonomy":"category","embeddable":true,"href":"https:\/\/fmtinkunaco.ar\/index.php?rest_route=%2Fwp%2Fv2%2Fcategories&post=5521"},{"taxonomy":"post_tag","embeddable":true,"href":"https:\/\/fmtinkunaco.ar\/index.php?rest_route=%2Fwp%2Fv2%2Ftags&post=5521"}],"curies":[{"name":"wp","href":"https:\/\/api.w.org\/{rel}","templated":true}]}}