{"id":5533,"date":"2023-06-08T14:38:57","date_gmt":"2023-06-08T17:38:57","guid":{"rendered":"https:\/\/fmtinkunaco.com.ar\/?p=5533"},"modified":"2023-06-08T14:38:57","modified_gmt":"2023-06-08T17:38:57","slug":"erica-hahn-el-municipio-de-pilar-tiene-mucho-deficit-en-cuanto-a-materia-ambiental","status":"publish","type":"post","link":"https:\/\/fmtinkunaco.ar\/?p=5533","title":{"rendered":"Erica Hahn: \u201cEl municipio de Pilar tiene mucho d\u00e9ficit en cuanto a materia ambiental\u201d"},"content":{"rendered":"<p>En los \u00faltimos d\u00edas se dieron a conocer los resultados del relevamiento, realizado por la consultora privada GACH, en las 135 comunas bonaerenses sobre las pol\u00edticas ambientales.<\/p>\n<p>El relevamiento aprob\u00f3 \u00fanicamente la gesti\u00f3n ambiental de 27 partidos entre los que se encuentra el partido de Pilar. \u00a0En esta l\u00ednea, vecinos y vecinos integrantes de organizaciones ambientales explicaron que esos resultados no reflejan la realidad.<\/p>\n<p>Erica Hahn, integrante de la Organizaci\u00f3n Ambientalistas Autoconvocados, explic\u00f3 que al enterarse de estos resultados se comunic\u00f3 con la consultora <em>\u201cLlamamos por tel\u00e9fono a la consultora, y me comunique directamente con la persona encargada de hacer esto y le pregunte cuales eran los par\u00e1metros que estaban usando para llegar a esto. (\u2026) Le dije ahora yo te voy a mandar fotos de cu\u00e1l es la realidad de Pilar, no solamente con los basurales si no tambi\u00e9n con otros temas, entonces les mande algunos videos, les mande fotos y me dijo ay pero todo esto yo no lo sab\u00eda y le digo s\u00ed, pero vos aprobaste al municipio y me dice s\u00ed, pero aprob\u00f3 raspando\u201d.<\/em><\/p>\n<p>Hahn, adem\u00e1s, sostuvo <em>\u201cLas personas que caminamos el territorio sabemos muy bien que el municipio de Pilar tiene mucho d\u00e9ficit en cuanto a material ambiental. (\u2026) Es indignante para uno que camina y que ve que cada vez est\u00e1 peor estas notas la verdad te indignan\u201d.<\/em><\/p>\n<p>Entrevista completa realizada en el noticiero Encuentro con las Noticias<\/p>\n<p><a href=\"https:\/\/archive.org\/details\/audio-erica-hahn-08-06\">Descargar<\/a><\/p>\n<audio class=\"wp-audio-shortcode\" id=\"audio-5533-2\" preload=\"none\" style=\"width: 100%;\" controls=\"controls\"><source type=\"audio\/mpeg\" src=\"https:\/\/archive.org\/download\/audio-erica-hahn-08-06\/AUDIO%20-%20ERICA%20HAHN%2008%2006%20.mp3?_=2\" \/><a href=\"https:\/\/archive.org\/download\/audio-erica-hahn-08-06\/AUDIO%20-%20ERICA%20HAHN%2008%2006%20.mp3\">https:\/\/archive.org\/download\/audio-erica-hahn-08-06\/AUDIO%20-%20ERICA%20HAHN%2008%2006%20.mp3<\/a><\/audio>\n<div class=\"powerpress_player\" id=\"powerpress_player_5883\"><audio class=\"wp-audio-shortcode\" id=\"audio-5533-1\" preload=\"none\" style=\"width: 100%;\" controls=\"controls\"><source type=\"audio\/mpeg\" src=\"https:\/\/archive.org\/download\/audio-erica-hahn-08-06\/AUDIO%20-%20ERICA%20HAHN%2008%2006%20.mp3?_=1\" \/><a href=\"https:\/\/archive.org\/download\/audio-erica-hahn-08-06\/AUDIO%20-%20ERICA%20HAHN%2008%2006%20.mp3\">https:\/\/archive.org\/download\/audio-erica-hahn-08-06\/AUDIO%20-%20ERICA%20HAHN%2008%2006%20.mp3<\/a><\/audio><\/div><p class=\"powerpress_links powerpress_links_mp3\" style=\"margin-bottom: 1px !important;\">Podcast: <a href=\"https:\/\/archive.org\/download\/audio-erica-hahn-08-06\/AUDIO%20-%20ERICA%20HAHN%2008%2006%20.mp3\" class=\"powerpress_link_pinw\" target=\"_blank\" title=\"Reproducir en una nueva ventana\" onclick=\"return powerpress_pinw('https:\/\/fmtinkunaco.ar\/?powerpress_pinw=5533-podcast');\" rel=\"nofollow\">Reproducir en una nueva ventana<\/a> | <a href=\"https:\/\/archive.org\/download\/audio-erica-hahn-08-06\/AUDIO%20-%20ERICA%20HAHN%2008%2006%20.mp3\" class=\"powerpress_link_d\" title=\"Descargar\" rel=\"nofollow\" download=\"AUDIO%20-%20ERICA%20HAHN%2008%2006%20.mp3\">Descargar<\/a><\/p>","protected":false},"excerpt":{"rendered":"<p>En los \u00faltimos d\u00edas se dieron a conocer los resultados del relevamiento, realizado por la consultora privada GACH, en las 135 comunas bonaerenses sobre las pol\u00edticas ambientales. El relevamiento aprob\u00f3 \u00fanicamente la gesti\u00f3n ambiental de 27 partidos entre los que se encuentra el partido de Pilar. \u00a0En esta l\u00ednea, vecinos y vecinos integrantes de organizaciones [&hellip;]<\/p>\n","protected":false},"author":1,"featured_media":5534,"comment_status":"open","ping_status":"open","sticky":false,"template":"","format":"standard","meta":{"footnotes":""},"categories":[2],"tags":[],"class_list":["post-5533","post","type-post","status-publish","format-standard","has-post-thumbnail","hentry","category-ambiente"],"_links":{"self":[{"href":"https:\/\/fmtinkunaco.ar\/index.php?rest_route=\/wp\/v2\/posts\/5533","targetHints":{"allow":["GET"]}}],"collection":[{"href":"https:\/\/fmtinkunaco.ar\/index.php?rest_route=\/wp\/v2\/posts"}],"about":[{"href":"https:\/\/fmtinkunaco.ar\/index.php?rest_route=\/wp\/v2\/types\/post"}],"author":[{"embeddable":true,"href":"https:\/\/fmtinkunaco.ar\/index.php?rest_route=\/wp\/v2\/users\/1"}],"replies":[{"embeddable":true,"href":"https:\/\/fmtinkunaco.ar\/index.php?rest_route=%2Fwp%2Fv2%2Fcomments&post=5533"}],"version-history":[{"count":0,"href":"https:\/\/fmtinkunaco.ar\/index.php?rest_route=\/wp\/v2\/posts\/5533\/revisions"}],"wp:featuredmedia":[{"embeddable":true,"href":"https:\/\/fmtinkunaco.ar\/index.php?rest_route=\/"}],"wp:attachment":[{"href":"https:\/\/fmtinkunaco.ar\/index.php?rest_route=%2Fwp%2Fv2%2Fmedia&parent=5533"}],"wp:term":[{"taxonomy":"category","embeddable":true,"href":"https:\/\/fmtinkunaco.ar\/index.php?rest_route=%2Fwp%2Fv2%2Fcategories&post=5533"},{"taxonomy":"post_tag","embeddable":true,"href":"https:\/\/fmtinkunaco.ar\/index.php?rest_route=%2Fwp%2Fv2%2Ftags&post=5533"}],"curies":[{"name":"wp","href":"https:\/\/api.w.org\/{rel}","templated":true}]}}