{"id":5551,"date":"2023-06-14T14:04:49","date_gmt":"2023-06-14T17:04:49","guid":{"rendered":"https:\/\/fmtinkunaco.com.ar\/?p=5551"},"modified":"2023-06-14T14:04:49","modified_gmt":"2023-06-14T17:04:49","slug":"jose-c-paz-el-frio-y-la-situacion-de-las-escuelas","status":"publish","type":"post","link":"https:\/\/fmtinkunaco.ar\/?p=5551","title":{"rendered":"Jos\u00e9. C. Paz: El fr\u00edo y la situaci\u00f3n de las escuelas"},"content":{"rendered":"<p>Los pr\u00f3ximos jueves 15 y viernes 16 de junio, SUTEBA Multicolor convoca a un paro de 48 hs con concentraci\u00f3n en el Ministerio de Educaci\u00f3n y acciones distritales. Las principales exigencias responden a la reapertura de paritarias pero adem\u00e1s a las condiciones de trabajo y el estado de las escuelas.<\/p>\n<p>Paula Jove, Docente pace\u00f1a y Delegada de SUTEBA Multicolor, se refiri\u00f3 a la situaci\u00f3n y condici\u00f3n de las escuelas pace\u00f1as\u00a0 <em>\u201cLo que sabemos es que en la mayor\u00eda no est\u00e1n las condiciones adecuadas, entonces tambi\u00e9n hay muchas escuelas donde aunque no se suspendan las clases las familias no est\u00e1n mandando a los chicos porque la verdad que mandar a un nene a la escuela a que pase frio, la mama no lo mando l\u00f3gicamente\u201d.<\/em><\/p>\n<p>Jove, adem\u00e1s remarc\u00f3 <em>\u201cSabemos que el 60%, del \u00faltimo relevamiento, ten\u00eda problemas para garantizar calefacci\u00f3n o cocina, que tambi\u00e9n muchas veces hace falta en estos d\u00edas tan fr\u00edos poder darles a los chicos un desayuno que vienen por ah\u00ed mal comidos de la casa o sin desayunar, inclusive, de la casa\u201d.<\/em><\/p>\n<p>Finalmente, Paula Jove, explic\u00f3 las principales demandas de las pr\u00f3ximas jornadas de paro <em>\u201cEstamos solicitando la reapertura de paritarias; conseguimos con los \u00faltimos paro multicolor el adelantamiento de la \u00faltima cuota, nosotros la \u00faltima cuota del aumento la \u00edbamos a cobrar reci\u00e9n en agosto y la logramos cobrar en junio pero, de cualquier modo, se entiende que con la velocidad de la inflaci\u00f3n el salario no alcanza, de echo el nivel salarial docente es un problema ya en todo el pa\u00eds. (\u2026) Pero tambi\u00e9n uno de los principales reclamos es la situaci\u00f3n de resguardo que pedimos ante las situaciones de violencia, estamos viviendo una situaci\u00f3n de much\u00edsima violencia escolar donde por cualquier peque\u00f1o malestar o una peque\u00f1a falta de comunicaci\u00f3n o un malentendido menor a veces hay discusiones muy violentas en las puertas de las escuelas\u201d.<\/em><\/p>\n<p>Entrevista completa realizada en el noticiero Encuentro con las Noticias<\/p>\n<p><a href=\"https:\/\/archive.org\/details\/audio-paula-jove-14-06-2023\">Descargar<\/a><\/p>\n<audio class=\"wp-audio-shortcode\" id=\"audio-5551-2\" preload=\"none\" style=\"width: 100%;\" controls=\"controls\"><source type=\"audio\/mpeg\" src=\"https:\/\/archive.org\/download\/audio-paula-jove-14-06-2023\/AUDIO%20-%20PAULA%20JOVE%2014%2006%202023.mp3?_=2\" \/><a href=\"https:\/\/archive.org\/download\/audio-paula-jove-14-06-2023\/AUDIO%20-%20PAULA%20JOVE%2014%2006%202023.mp3\">https:\/\/archive.org\/download\/audio-paula-jove-14-06-2023\/AUDIO%20-%20PAULA%20JOVE%2014%2006%202023.mp3<\/a><\/audio>\n<div class=\"powerpress_player\" id=\"powerpress_player_4047\"><audio class=\"wp-audio-shortcode\" id=\"audio-5551-1\" preload=\"none\" style=\"width: 100%;\" controls=\"controls\"><source type=\"audio\/mpeg\" src=\"https:\/\/archive.org\/download\/audio-paula-jove-14-06-2023\/AUDIO%20-%20PAULA%20JOVE%2014%2006%202023.mp3?_=1\" \/><a href=\"https:\/\/archive.org\/download\/audio-paula-jove-14-06-2023\/AUDIO%20-%20PAULA%20JOVE%2014%2006%202023.mp3\">https:\/\/archive.org\/download\/audio-paula-jove-14-06-2023\/AUDIO%20-%20PAULA%20JOVE%2014%2006%202023.mp3<\/a><\/audio><\/div><p class=\"powerpress_links powerpress_links_mp3\" style=\"margin-bottom: 1px !important;\">Podcast: <a href=\"https:\/\/archive.org\/download\/audio-paula-jove-14-06-2023\/AUDIO%20-%20PAULA%20JOVE%2014%2006%202023.mp3\" class=\"powerpress_link_pinw\" target=\"_blank\" title=\"Reproducir en una nueva ventana\" onclick=\"return powerpress_pinw('https:\/\/fmtinkunaco.ar\/?powerpress_pinw=5551-podcast');\" rel=\"nofollow\">Reproducir en una nueva ventana<\/a> | <a href=\"https:\/\/archive.org\/download\/audio-paula-jove-14-06-2023\/AUDIO%20-%20PAULA%20JOVE%2014%2006%202023.mp3\" class=\"powerpress_link_d\" title=\"Descargar\" rel=\"nofollow\" download=\"AUDIO%20-%20PAULA%20JOVE%2014%2006%202023.mp3\">Descargar<\/a><\/p>","protected":false},"excerpt":{"rendered":"<p>Los pr\u00f3ximos jueves 15 y viernes 16 de junio, SUTEBA Multicolor convoca a un paro de 48 hs con concentraci\u00f3n en el Ministerio de Educaci\u00f3n y acciones distritales. Las principales exigencias responden a la reapertura de paritarias pero adem\u00e1s a las condiciones de trabajo y el estado de las escuelas. Paula Jove, Docente pace\u00f1a y [&hellip;]<\/p>\n","protected":false},"author":1,"featured_media":5552,"comment_status":"open","ping_status":"open","sticky":false,"template":"","format":"standard","meta":{"footnotes":""},"categories":[5],"tags":[],"class_list":["post-5551","post","type-post","status-publish","format-standard","has-post-thumbnail","hentry","category-educacion"],"_links":{"self":[{"href":"https:\/\/fmtinkunaco.ar\/index.php?rest_route=\/wp\/v2\/posts\/5551","targetHints":{"allow":["GET"]}}],"collection":[{"href":"https:\/\/fmtinkunaco.ar\/index.php?rest_route=\/wp\/v2\/posts"}],"about":[{"href":"https:\/\/fmtinkunaco.ar\/index.php?rest_route=\/wp\/v2\/types\/post"}],"author":[{"embeddable":true,"href":"https:\/\/fmtinkunaco.ar\/index.php?rest_route=\/wp\/v2\/users\/1"}],"replies":[{"embeddable":true,"href":"https:\/\/fmtinkunaco.ar\/index.php?rest_route=%2Fwp%2Fv2%2Fcomments&post=5551"}],"version-history":[{"count":0,"href":"https:\/\/fmtinkunaco.ar\/index.php?rest_route=\/wp\/v2\/posts\/5551\/revisions"}],"wp:featuredmedia":[{"embeddable":true,"href":"https:\/\/fmtinkunaco.ar\/index.php?rest_route=\/"}],"wp:attachment":[{"href":"https:\/\/fmtinkunaco.ar\/index.php?rest_route=%2Fwp%2Fv2%2Fmedia&parent=5551"}],"wp:term":[{"taxonomy":"category","embeddable":true,"href":"https:\/\/fmtinkunaco.ar\/index.php?rest_route=%2Fwp%2Fv2%2Fcategories&post=5551"},{"taxonomy":"post_tag","embeddable":true,"href":"https:\/\/fmtinkunaco.ar\/index.php?rest_route=%2Fwp%2Fv2%2Ftags&post=5551"}],"curies":[{"name":"wp","href":"https:\/\/api.w.org\/{rel}","templated":true}]}}