{"id":5555,"date":"2023-06-15T10:52:12","date_gmt":"2023-06-15T13:52:12","guid":{"rendered":"https:\/\/fmtinkunaco.com.ar\/?p=5555"},"modified":"2023-06-15T10:52:12","modified_gmt":"2023-06-15T13:52:12","slug":"jornada-nacional-de-lucha-de-libres-del-sur-congelenlosprecios","status":"publish","type":"post","link":"https:\/\/fmtinkunaco.ar\/?p=5555","title":{"rendered":"Jornada Nacional de Lucha de Libres del Sur #CongelenLosPrecios"},"content":{"rendered":"<p>Libres del Sur convoca a una jornada de lucha nacional para el d\u00eda de hoy en supermercados e hipermercados; particularmente en la regi\u00f3n, Libres del Sur Pilar se manifestar\u00e1 hoy jueves 15 de junio a partir de las 10hs, en la plaza 12 de Octubre frente a la Municipalidad de Pilar para reclamar asistencia frente a las necesidades y concluye en el supermercado D\u00eda% de la Ruta 25, Pilar centro.<\/p>\n<p>Ana Barreto, es referente de Libres del Sur Pilar, se refiri\u00f3 a la convocatoria <em>\u201cEstamos en todo el pa\u00eds haciendo reclamos a los a los supermercados y a los hipermercados de las grandes cadenas y bueno, el reclamo especifico tiene que ver con el aumento de los precios, principalmente el n\u00famero de la inflaci\u00f3n que se conoci\u00f3 ayer del mes de mayo pero lo que viene siendo todo este 2023 y tambi\u00e9n toda la inflaci\u00f3n del 2022 y que el aumento principal es en los alimentos que eso afecta directamente a las familias que menos tienen\u201d.<\/em><\/p>\n<p>Barreto, adem\u00e1s, puntualiz\u00f3 en el <a href=\"https:\/\/fmtinkunaco.com.ar\/libres-del-sur-presenta-hoy-las-2-millones-de-firmas-de-la-iniciativa-popular\/\">proyecto de ley<\/a> que presentaron por el congelamiento de precios <em>\u201cNosotros el a\u00f1o pasado y este a\u00f1o estuvimos juntando firmas en todo el pa\u00eds para poder presentar un proyecto de ley que tiene que ver con el congelamiento de precios de los alimentos de la canasta b\u00e1sico y de las tarifas de la luz y el gas por un a\u00f1o; ese proyecto de ley esta cajoneado y abandonado en el Congreso, no nos est\u00e1n dando respuestas sobre eso ni Cecilia Moreau, que es la Presidenta de la C\u00e1mara de Diputados, ni ning\u00fan diputado ni diputada\u201d.<\/em><\/p>\n<p>Adem\u00e1s, Ana Barreto, explic\u00f3 el porqu\u00e9 de la movilizaci\u00f3n frente al municipio pilarense <em>\u201cVamos a concentrar en la puerta del municipio porque no nos reciben en el municipio desde agosto del a\u00f1o pasado, y el reclamo tiene que ver con la asistencia alimentaria porque tenemos diferentes espacios comunitarios donde nosotros asistimos a muchas familias y la asistencia se nos complica un mont\u00f3n porque no damos abasto con la cantidad de mercader\u00eda. Nosotros como organizaci\u00f3n recibimos mercader\u00eda de los ministerios de desarrollo social sin embargo la Ministra Victoria Tolosa Paz decidi\u00f3 suspender la entrega de alimentos del mes de abril y mayo, creemos que eso tiene que ver con los ajustes que el gobierno est\u00e1 haciendo y con eso tiene que ver tambi\u00e9n el reclamo\u201d.<\/em><\/p>\n<p>A partir de las 10hs es la concentraci\u00f3n en el municipio y a partir de las 11hs se realiza la movilizaci\u00f3n al supermercado D\u00eda% de la Ruta 25.<\/p>\n<p>Entrevista completa realizada en el noticiero Encuentro con las Noticias<\/p>\n<p><a href=\"https:\/\/archive.org\/details\/audio-ana-barreto-libres-del-sur-15-06\">Descargar<\/a><\/p>\n<audio class=\"wp-audio-shortcode\" id=\"audio-5555-2\" preload=\"none\" style=\"width: 100%;\" controls=\"controls\"><source type=\"audio\/mpeg\" src=\"https:\/\/archive.org\/download\/audio-ana-barreto-libres-del-sur-15-06\/AUDIO%20-%20ANA%20BARRETO%20%28LIBRES%20DEL%20SUR%29%2015%2006%20.mp3?_=2\" \/><a href=\"https:\/\/archive.org\/download\/audio-ana-barreto-libres-del-sur-15-06\/AUDIO%20-%20ANA%20BARRETO%20%28LIBRES%20DEL%20SUR%29%2015%2006%20.mp3\">https:\/\/archive.org\/download\/audio-ana-barreto-libres-del-sur-15-06\/AUDIO%20-%20ANA%20BARRETO%20%28LIBRES%20DEL%20SUR%29%2015%2006%20.mp3<\/a><\/audio>\n<div class=\"powerpress_player\" id=\"powerpress_player_4070\"><audio class=\"wp-audio-shortcode\" id=\"audio-5555-1\" preload=\"none\" style=\"width: 100%;\" controls=\"controls\"><source type=\"audio\/mpeg\" src=\"https:\/\/archive.org\/download\/audio-ana-barreto-libres-del-sur-15-06\/AUDIO%20-%20ANA%20BARRETO%20%28LIBRES%20DEL%20SUR%29%2015%2006%20.mp3?_=1\" \/><a href=\"https:\/\/archive.org\/download\/audio-ana-barreto-libres-del-sur-15-06\/AUDIO%20-%20ANA%20BARRETO%20%28LIBRES%20DEL%20SUR%29%2015%2006%20.mp3\">https:\/\/archive.org\/download\/audio-ana-barreto-libres-del-sur-15-06\/AUDIO%20-%20ANA%20BARRETO%20%28LIBRES%20DEL%20SUR%29%2015%2006%20.mp3<\/a><\/audio><\/div><p class=\"powerpress_links powerpress_links_mp3\" style=\"margin-bottom: 1px !important;\">Podcast: <a href=\"https:\/\/archive.org\/download\/audio-ana-barreto-libres-del-sur-15-06\/AUDIO%20-%20ANA%20BARRETO%20%28LIBRES%20DEL%20SUR%29%2015%2006%20.mp3\" class=\"powerpress_link_pinw\" target=\"_blank\" title=\"Reproducir en una nueva ventana\" onclick=\"return powerpress_pinw('https:\/\/fmtinkunaco.ar\/?powerpress_pinw=5555-podcast');\" rel=\"nofollow\">Reproducir en una nueva ventana<\/a> | <a href=\"https:\/\/archive.org\/download\/audio-ana-barreto-libres-del-sur-15-06\/AUDIO%20-%20ANA%20BARRETO%20%28LIBRES%20DEL%20SUR%29%2015%2006%20.mp3\" class=\"powerpress_link_d\" title=\"Descargar\" rel=\"nofollow\" download=\"AUDIO%20-%20ANA%20BARRETO%20%28LIBRES%20DEL%20SUR%29%2015%2006%20.mp3\">Descargar<\/a><\/p>","protected":false},"excerpt":{"rendered":"<p>Libres del Sur convoca a una jornada de lucha nacional para el d\u00eda de hoy en supermercados e hipermercados; particularmente en la regi\u00f3n, Libres del Sur Pilar se manifestar\u00e1 hoy jueves 15 de junio a partir de las 10hs, en la plaza 12 de Octubre frente a la Municipalidad de Pilar para reclamar asistencia frente [&hellip;]<\/p>\n","protected":false},"author":1,"featured_media":5556,"comment_status":"open","ping_status":"open","sticky":false,"template":"","format":"standard","meta":{"footnotes":""},"categories":[9],"tags":[],"class_list":["post-5555","post","type-post","status-publish","format-standard","has-post-thumbnail","hentry","category-sociedad"],"_links":{"self":[{"href":"https:\/\/fmtinkunaco.ar\/index.php?rest_route=\/wp\/v2\/posts\/5555","targetHints":{"allow":["GET"]}}],"collection":[{"href":"https:\/\/fmtinkunaco.ar\/index.php?rest_route=\/wp\/v2\/posts"}],"about":[{"href":"https:\/\/fmtinkunaco.ar\/index.php?rest_route=\/wp\/v2\/types\/post"}],"author":[{"embeddable":true,"href":"https:\/\/fmtinkunaco.ar\/index.php?rest_route=\/wp\/v2\/users\/1"}],"replies":[{"embeddable":true,"href":"https:\/\/fmtinkunaco.ar\/index.php?rest_route=%2Fwp%2Fv2%2Fcomments&post=5555"}],"version-history":[{"count":0,"href":"https:\/\/fmtinkunaco.ar\/index.php?rest_route=\/wp\/v2\/posts\/5555\/revisions"}],"wp:featuredmedia":[{"embeddable":true,"href":"https:\/\/fmtinkunaco.ar\/index.php?rest_route=\/"}],"wp:attachment":[{"href":"https:\/\/fmtinkunaco.ar\/index.php?rest_route=%2Fwp%2Fv2%2Fmedia&parent=5555"}],"wp:term":[{"taxonomy":"category","embeddable":true,"href":"https:\/\/fmtinkunaco.ar\/index.php?rest_route=%2Fwp%2Fv2%2Fcategories&post=5555"},{"taxonomy":"post_tag","embeddable":true,"href":"https:\/\/fmtinkunaco.ar\/index.php?rest_route=%2Fwp%2Fv2%2Ftags&post=5555"}],"curies":[{"name":"wp","href":"https:\/\/api.w.org\/{rel}","templated":true}]}}