{"id":5558,"date":"2023-06-15T14:42:03","date_gmt":"2023-06-15T17:42:03","guid":{"rendered":"https:\/\/fmtinkunaco.com.ar\/?p=5558"},"modified":"2023-06-15T14:42:03","modified_gmt":"2023-06-15T17:42:03","slug":"moreno-trabajadores-y-trabajadoras-del-hospital-mariano-y-luciano-de-la-vega-realizan-manana-paro-y-asamblea","status":"publish","type":"post","link":"https:\/\/fmtinkunaco.ar\/?p=5558","title":{"rendered":"Moreno: Trabajadores y Trabajadoras del Hospital Mariano y Luciano de la Vega realizan ma\u00f1ana paro y asamblea"},"content":{"rendered":"<p>Ma\u00f1ana 16 de junio, trabajadores y trabajadoras de la salud del Hospital Mariano y Luciano de la Vega de Moreno se suman a la jornada de lucha con un paro por 24 hs y asamblea en el lugar de trabajo.<\/p>\n<p>Claudia Sanguinett, Delegada de la Junta Interna de ATE del Hospital Mariano y Luciano de la Vega, describi\u00f3 la situaci\u00f3n actual de las y los trabajadores, <em>\u201cTenemos nuestra paritaria muy muy por debajo del costo de vida, as\u00ed que imag\u00ednate ya venimos hace a\u00f1os; en pandemia no logramos equiparar que bueno \u00e9ramos tan imprescindibles y esenciales que los sueldos quedaron como estaban pero eso es m\u00e1s de lo mismo dentro del maltrato que estamos recibiendo los laburantes y nosotros no somos la excepci\u00f3n\u201d.<\/em><\/p>\n<p>Sanguinett, adem\u00e1s, se refiri\u00f3 a la jornada convocada <em>\u201cMa\u00f1ana tenemos un paro de nuestro gremio, un paro nacional por 24 hs, con distintas acciones; a lo que m\u00e1s apunta es a juntarnos a hablar respecto de nuestras problem\u00e1ticas porque a veces en esta cuesti\u00f3n de la vida, la cotidiana, uno va y viene, se va a otro trabajo y deja de conversar con el compa\u00f1ero, no sabe bien que est\u00e1 pasando y las asambleas sirven un mont\u00f3n para eso. (\u2026) Armamos con los sindicatos que tambi\u00e9n acompa\u00f1an a otros sectores del office que son AMRA, CICOP y Salud P\u00fablica, tratamos de ir todos en consonancia y en el mismo sentido y juntarnos para hacer un petitorio con la n\u00f3mina de los compa\u00f1eros que a\u00fan siguen becados\u201d.<\/em><\/p>\n<p>Las principales exigencias son mejora salarial, pase a planta y situaci\u00f3n de becarios y becarias, y basta de precarizaci\u00f3n laboral.<\/p>\n<p>Entrevista completa realizada en el noticiero Encuentro con las Noticias<\/p>\n<p><a href=\"https:\/\/archive.org\/details\/audio-claudia-sanguinett-mariano-y-luciano-de-la-vega-15-06-2023\">Descargar<\/a><\/p>\n<audio class=\"wp-audio-shortcode\" id=\"audio-5558-2\" preload=\"none\" style=\"width: 100%;\" controls=\"controls\"><source type=\"audio\/mpeg\" src=\"https:\/\/archive.org\/download\/audio-claudia-sanguinett-mariano-y-luciano-de-la-vega-15-06-2023\/AUDIO%20-%20CLAUDIA%20SANGUINETT%20%28MARIANO%20Y%20LUCIANO%20DE%20LA%20VEGA%29%2015%2006%202023.mp3?_=2\" \/><a href=\"https:\/\/archive.org\/download\/audio-claudia-sanguinett-mariano-y-luciano-de-la-vega-15-06-2023\/AUDIO%20-%20CLAUDIA%20SANGUINETT%20%28MARIANO%20Y%20LUCIANO%20DE%20LA%20VEGA%29%2015%2006%202023.mp3\">https:\/\/archive.org\/download\/audio-claudia-sanguinett-mariano-y-luciano-de-la-vega-15-06-2023\/AUDIO%20-%20CLAUDIA%20SANGUINETT%20%28MARIANO%20Y%20LUCIANO%20DE%20LA%20VEGA%29%2015%2006%202023.mp3<\/a><\/audio>\n<div class=\"powerpress_player\" id=\"powerpress_player_8287\"><audio class=\"wp-audio-shortcode\" id=\"audio-5558-1\" preload=\"none\" style=\"width: 100%;\" controls=\"controls\"><source type=\"audio\/mpeg\" src=\"https:\/\/archive.org\/download\/audio-claudia-sanguinett-mariano-y-luciano-de-la-vega-15-06-2023\/AUDIO%20-%20CLAUDIA%20SANGUINETT%20%28MARIANO%20Y%20LUCIANO%20DE%20LA%20VEGA%29%2015%2006%202023.mp3?_=1\" \/><a href=\"https:\/\/archive.org\/download\/audio-claudia-sanguinett-mariano-y-luciano-de-la-vega-15-06-2023\/AUDIO%20-%20CLAUDIA%20SANGUINETT%20%28MARIANO%20Y%20LUCIANO%20DE%20LA%20VEGA%29%2015%2006%202023.mp3\">https:\/\/archive.org\/download\/audio-claudia-sanguinett-mariano-y-luciano-de-la-vega-15-06-2023\/AUDIO%20-%20CLAUDIA%20SANGUINETT%20%28MARIANO%20Y%20LUCIANO%20DE%20LA%20VEGA%29%2015%2006%202023.mp3<\/a><\/audio><\/div><p class=\"powerpress_links powerpress_links_mp3\" style=\"margin-bottom: 1px !important;\">Podcast: <a href=\"https:\/\/archive.org\/download\/audio-claudia-sanguinett-mariano-y-luciano-de-la-vega-15-06-2023\/AUDIO%20-%20CLAUDIA%20SANGUINETT%20%28MARIANO%20Y%20LUCIANO%20DE%20LA%20VEGA%29%2015%2006%202023.mp3\" class=\"powerpress_link_pinw\" target=\"_blank\" title=\"Reproducir en una nueva ventana\" onclick=\"return powerpress_pinw('https:\/\/fmtinkunaco.ar\/?powerpress_pinw=5558-podcast');\" rel=\"nofollow\">Reproducir en una nueva ventana<\/a> | <a href=\"https:\/\/archive.org\/download\/audio-claudia-sanguinett-mariano-y-luciano-de-la-vega-15-06-2023\/AUDIO%20-%20CLAUDIA%20SANGUINETT%20%28MARIANO%20Y%20LUCIANO%20DE%20LA%20VEGA%29%2015%2006%202023.mp3\" class=\"powerpress_link_d\" title=\"Descargar\" rel=\"nofollow\" download=\"AUDIO%20-%20CLAUDIA%20SANGUINETT%20%28MARIANO%20Y%20LUCIANO%20DE%20LA%20VEGA%29%2015%2006%202023.mp3\">Descargar<\/a><\/p>","protected":false},"excerpt":{"rendered":"<p>Ma\u00f1ana 16 de junio, trabajadores y trabajadoras de la salud del Hospital Mariano y Luciano de la Vega de Moreno se suman a la jornada de lucha con un paro por 24 hs y asamblea en el lugar de trabajo. Claudia Sanguinett, Delegada de la Junta Interna de ATE del Hospital Mariano y Luciano de [&hellip;]<\/p>\n","protected":false},"author":1,"featured_media":5559,"comment_status":"open","ping_status":"open","sticky":false,"template":"","format":"standard","meta":{"footnotes":""},"categories":[7],"tags":[],"class_list":["post-5558","post","type-post","status-publish","format-standard","has-post-thumbnail","hentry","category-salud"],"_links":{"self":[{"href":"https:\/\/fmtinkunaco.ar\/index.php?rest_route=\/wp\/v2\/posts\/5558","targetHints":{"allow":["GET"]}}],"collection":[{"href":"https:\/\/fmtinkunaco.ar\/index.php?rest_route=\/wp\/v2\/posts"}],"about":[{"href":"https:\/\/fmtinkunaco.ar\/index.php?rest_route=\/wp\/v2\/types\/post"}],"author":[{"embeddable":true,"href":"https:\/\/fmtinkunaco.ar\/index.php?rest_route=\/wp\/v2\/users\/1"}],"replies":[{"embeddable":true,"href":"https:\/\/fmtinkunaco.ar\/index.php?rest_route=%2Fwp%2Fv2%2Fcomments&post=5558"}],"version-history":[{"count":0,"href":"https:\/\/fmtinkunaco.ar\/index.php?rest_route=\/wp\/v2\/posts\/5558\/revisions"}],"wp:featuredmedia":[{"embeddable":true,"href":"https:\/\/fmtinkunaco.ar\/index.php?rest_route=\/"}],"wp:attachment":[{"href":"https:\/\/fmtinkunaco.ar\/index.php?rest_route=%2Fwp%2Fv2%2Fmedia&parent=5558"}],"wp:term":[{"taxonomy":"category","embeddable":true,"href":"https:\/\/fmtinkunaco.ar\/index.php?rest_route=%2Fwp%2Fv2%2Fcategories&post=5558"},{"taxonomy":"post_tag","embeddable":true,"href":"https:\/\/fmtinkunaco.ar\/index.php?rest_route=%2Fwp%2Fv2%2Ftags&post=5558"}],"curies":[{"name":"wp","href":"https:\/\/api.w.org\/{rel}","templated":true}]}}