{"id":5562,"date":"2023-06-16T10:50:45","date_gmt":"2023-06-16T13:50:45","guid":{"rendered":"https:\/\/fmtinkunaco.com.ar\/?p=5562"},"modified":"2023-06-16T10:50:45","modified_gmt":"2023-06-16T13:50:45","slug":"tgd-padres-tea-red-federal-de-escobar-y-la-necesidad-de-un-espacio-terapeutico-para-personas-con-autismo-severo","status":"publish","type":"post","link":"https:\/\/fmtinkunaco.ar\/?p=5562","title":{"rendered":"TGD Padres TEA Red Federal de Escobar y la necesidad de un espacio terap\u00e9utico para personas con autismo severo"},"content":{"rendered":"<p>El nodo TGD Padres TEA Red Federal del partido de Escobar visibiliza la necesidad de centros terap\u00e9uticos con opci\u00f3n de hogar para j\u00f3venes y adultos con autismo severo donde puedan recibir terapia, compartir con pares y estar contenidos.<\/p>\n<p>Patricia Berges, es integrante del nodo de Escobar y mam\u00e1 de Marcos, y describi\u00f3 la realidad de su hijo <em>\u201cMarcos tiene 18 a\u00f1os, tiene autismo severo, no verbal, yo soy la voz de Marcos que no puede hablar pero quiero contarles que hay muchos Marcos que est\u00e1n invisibilizados y que muchas veces las madres no pueden tener participaci\u00f3n activa ni siquiera en un nodo, ni siquiera desde la virtualidad. (\u2026) La verdad es que hay muchos espacios para los chicos que son leves, intermedios pero para los severos no hay nada. En mi caso tengo dos obras sociales, la m\u00eda como docente que es IOMA y el padre tiene otra obra social porque es comerciante y paga Ase, que es mejor obra social pero as\u00ed y todo no se consiguen espacios terap\u00e9uticos que acepten j\u00f3venes con autismo severo\u201d.<\/em><\/p>\n<p>Berges, adem\u00e1s, explic\u00f3 <em>\u201cCuando en una familia hay alguien con esta caracter\u00edstica, en mi caso tengo 54 a\u00f1os y Marcos me va a sobrevivir, es un hecho biol\u00f3gico; yo tengo 54 el padre va a cumplir 60 y \u00e9l tiene 18, que va a pasar con nuestro hijo cuando nosotros no estemos o cuando por motivos de salud, de ancianidad, no podamos cuidarlo, es lo \u00faltimo que uno piensa antes de acostarse y lo primero que uno piensa cuando se despierta, no hay un d\u00eda en que uno pueda no pensar en esto\u201d.<\/em><\/p>\n<p>Frente a estas realidades, TGD Padres TEA Red Federal se encuentra ante la demanda al Ejecutivo Municipal de espacios terap\u00e9uticos y\/o Hogares de respiro que permita a las personas j\u00f3venes y adultas autistas tener un espacio de contenci\u00f3n, atenci\u00f3n, y acompa\u00f1amiento.<\/p>\n<p>Patricia Berges, explic\u00f3 el pedido y en qu\u00e9 consta <em>\u201cEstamos juntando firmas para la creaci\u00f3n de un centro de d\u00eda, que arrancar\u00eda con terapias pero con opci\u00f3n hogar. (\u2026) las casas de respiro funcionan, por ejemplo si uno est\u00e1 enfermo los chicos pueden quedarse unos d\u00edas y ya cuando los padres son ancianos, funcionan como un hogar de ancianos pero al rev\u00e9s, sosteniendo a la persona con discapacidad y que la familia pueda por supuesto ir a buscarla. (\u2026) Son casas de viviendas asistidas donde ellos pueden estar como si estuvieran cuidados por nosotros pero en una casa donde se comparte con m\u00e1s gente, con m\u00e1s personas\u201d.<\/em><\/p>\n<p>Las familias exigen al estado pol\u00edticas concretas destinadas y en apoyo a la discapacidad severa. Patricia Berges explic\u00f3 que hay un contacto con la Secretaria de Discapacidad de Escobar pero no se ha tenido una charla puntual ni respuesta concreta sobre esta exigencia.<\/p>\n<p>Para sumarte a la campa\u00f1a de firmas, podes hacer click <a href=\"https:\/\/secure.avaaz.org\/community_petitions\/es\/a_toda_la_comunidad_les_pido_ayuda_para_los_jovene_ayudemos_a_los_jovenes_y_adultos_con_autismo_de_escobar_a_tener_un_futuro_digno\/?zrNsvtb&amp;fbclid=IwAR37Ag001cRn1aXxvYzeVZyGq-eCqmivVsYdTrwsb4CvutBJ6HL0hIDF-rw\">aqu\u00ed<\/a>.<\/p>\n<p>Entrevista completa realizada en el noticiero Encuentro con las Noticias<\/p>\n<p><a href=\"https:\/\/archive.org\/details\/audio-patricia-berges-tgd-escobar-16-06-2023\">Descargar<\/a><\/p>\n<audio class=\"wp-audio-shortcode\" id=\"audio-5562-2\" preload=\"none\" style=\"width: 100%;\" controls=\"controls\"><source type=\"audio\/mpeg\" src=\"https:\/\/archive.org\/download\/audio-patricia-berges-tgd-escobar-16-06-2023\/AUDIO%20-%20PATRICIA%20BERGES%20%28TGD%20ESCOBAR%29%2016%2006%202023.mp3?_=2\" \/><a href=\"https:\/\/archive.org\/download\/audio-patricia-berges-tgd-escobar-16-06-2023\/AUDIO%20-%20PATRICIA%20BERGES%20%28TGD%20ESCOBAR%29%2016%2006%202023.mp3\">https:\/\/archive.org\/download\/audio-patricia-berges-tgd-escobar-16-06-2023\/AUDIO%20-%20PATRICIA%20BERGES%20%28TGD%20ESCOBAR%29%2016%2006%202023.mp3<\/a><\/audio>\n<div class=\"powerpress_player\" id=\"powerpress_player_8858\"><audio class=\"wp-audio-shortcode\" id=\"audio-5562-1\" preload=\"none\" style=\"width: 100%;\" controls=\"controls\"><source type=\"audio\/mpeg\" src=\"https:\/\/archive.org\/download\/audio-patricia-berges-tgd-escobar-16-06-2023\/AUDIO%20-%20PATRICIA%20BERGES%20%28TGD%20ESCOBAR%29%2016%2006%202023.mp3?_=1\" \/><a href=\"https:\/\/archive.org\/download\/audio-patricia-berges-tgd-escobar-16-06-2023\/AUDIO%20-%20PATRICIA%20BERGES%20%28TGD%20ESCOBAR%29%2016%2006%202023.mp3\">https:\/\/archive.org\/download\/audio-patricia-berges-tgd-escobar-16-06-2023\/AUDIO%20-%20PATRICIA%20BERGES%20%28TGD%20ESCOBAR%29%2016%2006%202023.mp3<\/a><\/audio><\/div><p class=\"powerpress_links powerpress_links_mp3\" style=\"margin-bottom: 1px !important;\">Podcast: <a href=\"https:\/\/archive.org\/download\/audio-patricia-berges-tgd-escobar-16-06-2023\/AUDIO%20-%20PATRICIA%20BERGES%20%28TGD%20ESCOBAR%29%2016%2006%202023.mp3\" class=\"powerpress_link_pinw\" target=\"_blank\" title=\"Reproducir en una nueva ventana\" onclick=\"return powerpress_pinw('https:\/\/fmtinkunaco.ar\/?powerpress_pinw=5562-podcast');\" rel=\"nofollow\">Reproducir en una nueva ventana<\/a> | <a href=\"https:\/\/archive.org\/download\/audio-patricia-berges-tgd-escobar-16-06-2023\/AUDIO%20-%20PATRICIA%20BERGES%20%28TGD%20ESCOBAR%29%2016%2006%202023.mp3\" class=\"powerpress_link_d\" title=\"Descargar\" rel=\"nofollow\" download=\"AUDIO%20-%20PATRICIA%20BERGES%20%28TGD%20ESCOBAR%29%2016%2006%202023.mp3\">Descargar<\/a><\/p>","protected":false},"excerpt":{"rendered":"<p>El nodo TGD Padres TEA Red Federal del partido de Escobar visibiliza la necesidad de centros terap\u00e9uticos con opci\u00f3n de hogar para j\u00f3venes y adultos con autismo severo donde puedan recibir terapia, compartir con pares y estar contenidos. Patricia Berges, es integrante del nodo de Escobar y mam\u00e1 de Marcos, y describi\u00f3 la realidad de [&hellip;]<\/p>\n","protected":false},"author":1,"featured_media":5529,"comment_status":"open","ping_status":"open","sticky":false,"template":"","format":"standard","meta":{"footnotes":""},"categories":[7],"tags":[],"class_list":["post-5562","post","type-post","status-publish","format-standard","has-post-thumbnail","hentry","category-salud"],"_links":{"self":[{"href":"https:\/\/fmtinkunaco.ar\/index.php?rest_route=\/wp\/v2\/posts\/5562","targetHints":{"allow":["GET"]}}],"collection":[{"href":"https:\/\/fmtinkunaco.ar\/index.php?rest_route=\/wp\/v2\/posts"}],"about":[{"href":"https:\/\/fmtinkunaco.ar\/index.php?rest_route=\/wp\/v2\/types\/post"}],"author":[{"embeddable":true,"href":"https:\/\/fmtinkunaco.ar\/index.php?rest_route=\/wp\/v2\/users\/1"}],"replies":[{"embeddable":true,"href":"https:\/\/fmtinkunaco.ar\/index.php?rest_route=%2Fwp%2Fv2%2Fcomments&post=5562"}],"version-history":[{"count":0,"href":"https:\/\/fmtinkunaco.ar\/index.php?rest_route=\/wp\/v2\/posts\/5562\/revisions"}],"wp:featuredmedia":[{"embeddable":true,"href":"https:\/\/fmtinkunaco.ar\/index.php?rest_route=\/"}],"wp:attachment":[{"href":"https:\/\/fmtinkunaco.ar\/index.php?rest_route=%2Fwp%2Fv2%2Fmedia&parent=5562"}],"wp:term":[{"taxonomy":"category","embeddable":true,"href":"https:\/\/fmtinkunaco.ar\/index.php?rest_route=%2Fwp%2Fv2%2Fcategories&post=5562"},{"taxonomy":"post_tag","embeddable":true,"href":"https:\/\/fmtinkunaco.ar\/index.php?rest_route=%2Fwp%2Fv2%2Ftags&post=5562"}],"curies":[{"name":"wp","href":"https:\/\/api.w.org\/{rel}","templated":true}]}}