{"id":5569,"date":"2023-06-21T10:59:02","date_gmt":"2023-06-21T13:59:02","guid":{"rendered":"https:\/\/fmtinkunaco.com.ar\/?p=5569"},"modified":"2023-06-21T10:59:02","modified_gmt":"2023-06-21T13:59:02","slug":"pilar-se-efectivizo-la-reincorporacion-del-trabajador-despedido-de-jumbo","status":"publish","type":"post","link":"https:\/\/fmtinkunaco.ar\/?p=5569","title":{"rendered":"Pilar: Se efectiviz\u00f3 la reincorporaci\u00f3n del trabajador despedido de Jumbo"},"content":{"rendered":"<p>Federico Borda, es ex delegado y empleado por 17 a\u00f1os de la sucursal de Jumbo ubicada en Palmas de Pilar, y denuncio hace m\u00e1s de tres meses haber sido despedido por su actividad gremial, dos d\u00edas despu\u00e9s de que terminar\u00e1 su fuero laboral por su rol de delegado.<\/p>\n<p>Luego de solicitar a las autoridades gremiales que realicen la denuncia en el Ministerio de Trabajo por persecuci\u00f3n gremial y despu\u00e9s de varias audiencias, la justicia en primera instancia orden\u00f3 que la empresa Cencosud reincorpore a Borda a su lugar de trabajo.<\/p>\n<p>Finalmente, el fin de semana pasado se efectiviz\u00f3 la reincorporaci\u00f3n de Federico Borda en su espacio de trabajo.<\/p>\n<p>As\u00ed lo explic\u00f3 Borda <em>\u201cLa justicia me dio la raz\u00f3n, en primera instancia, y el s\u00e1bado a las 6 de la ma\u00f1ana ingrese a mi puesto de trabajo, la empresa me dejo ingresar, as\u00ed que estamos muy contentos tanto los trabajadores como yo logramos algo que es muy importante para el trabajador; as\u00ed que me recibieron con los brazos abiertos los compa\u00f1eros, muchos quedaron asombrados, muchas preguntas. Es la primera vez que pasa en Jumbo Pilar y la verdad que estoy muy contento\u201d.<\/em><\/p>\n<p>Borda, adem\u00e1s, remarc\u00f3 <em>\u201cEstamos cumpliendo con lo que dict\u00f3 el juez que era volver a mi puesto de trabajo, as\u00ed que trabajando y meti\u00e9ndole ganas\u201d.<\/em><\/p>\n<p>Entrevista completa realizada en el noticiero Encuentro con las Noticias<\/p>\n<p><a href=\"https:\/\/archive.org\/details\/audio-federico-borda-21-06-2023\">Descargar<\/a><\/p>\n<audio class=\"wp-audio-shortcode\" id=\"audio-5569-2\" preload=\"none\" style=\"width: 100%;\" controls=\"controls\"><source type=\"audio\/mpeg\" src=\"https:\/\/archive.org\/download\/audio-federico-borda-21-06-2023\/AUDIO%20-%20FEDERICO%20BORDA%2021%2006%202023.mp3?_=2\" \/><a href=\"https:\/\/archive.org\/download\/audio-federico-borda-21-06-2023\/AUDIO%20-%20FEDERICO%20BORDA%2021%2006%202023.mp3\">https:\/\/archive.org\/download\/audio-federico-borda-21-06-2023\/AUDIO%20-%20FEDERICO%20BORDA%2021%2006%202023.mp3<\/a><\/audio>\n<div class=\"powerpress_player\" id=\"powerpress_player_8209\"><audio class=\"wp-audio-shortcode\" id=\"audio-5569-1\" preload=\"none\" style=\"width: 100%;\" controls=\"controls\"><source type=\"audio\/mpeg\" src=\"https:\/\/archive.org\/download\/audio-federico-borda-21-06-2023\/AUDIO%20-%20FEDERICO%20BORDA%2021%2006%202023.mp3?_=1\" \/><a href=\"https:\/\/archive.org\/download\/audio-federico-borda-21-06-2023\/AUDIO%20-%20FEDERICO%20BORDA%2021%2006%202023.mp3\">https:\/\/archive.org\/download\/audio-federico-borda-21-06-2023\/AUDIO%20-%20FEDERICO%20BORDA%2021%2006%202023.mp3<\/a><\/audio><\/div><p class=\"powerpress_links powerpress_links_mp3\" style=\"margin-bottom: 1px !important;\">Podcast: <a href=\"https:\/\/archive.org\/download\/audio-federico-borda-21-06-2023\/AUDIO%20-%20FEDERICO%20BORDA%2021%2006%202023.mp3\" class=\"powerpress_link_pinw\" target=\"_blank\" title=\"Reproducir en una nueva ventana\" onclick=\"return powerpress_pinw('https:\/\/fmtinkunaco.ar\/?powerpress_pinw=5569-podcast');\" rel=\"nofollow\">Reproducir en una nueva ventana<\/a> | <a href=\"https:\/\/archive.org\/download\/audio-federico-borda-21-06-2023\/AUDIO%20-%20FEDERICO%20BORDA%2021%2006%202023.mp3\" class=\"powerpress_link_d\" title=\"Descargar\" rel=\"nofollow\" download=\"AUDIO%20-%20FEDERICO%20BORDA%2021%2006%202023.mp3\">Descargar<\/a><\/p>","protected":false},"excerpt":{"rendered":"<p>Federico Borda, es ex delegado y empleado por 17 a\u00f1os de la sucursal de Jumbo ubicada en Palmas de Pilar, y denuncio hace m\u00e1s de tres meses haber sido despedido por su actividad gremial, dos d\u00edas despu\u00e9s de que terminar\u00e1 su fuero laboral por su rol de delegado. Luego de solicitar a las autoridades gremiales [&hellip;]<\/p>\n","protected":false},"author":1,"featured_media":5516,"comment_status":"open","ping_status":"open","sticky":false,"template":"","format":"standard","meta":{"footnotes":""},"categories":[9],"tags":[],"class_list":["post-5569","post","type-post","status-publish","format-standard","has-post-thumbnail","hentry","category-sociedad"],"_links":{"self":[{"href":"https:\/\/fmtinkunaco.ar\/index.php?rest_route=\/wp\/v2\/posts\/5569","targetHints":{"allow":["GET"]}}],"collection":[{"href":"https:\/\/fmtinkunaco.ar\/index.php?rest_route=\/wp\/v2\/posts"}],"about":[{"href":"https:\/\/fmtinkunaco.ar\/index.php?rest_route=\/wp\/v2\/types\/post"}],"author":[{"embeddable":true,"href":"https:\/\/fmtinkunaco.ar\/index.php?rest_route=\/wp\/v2\/users\/1"}],"replies":[{"embeddable":true,"href":"https:\/\/fmtinkunaco.ar\/index.php?rest_route=%2Fwp%2Fv2%2Fcomments&post=5569"}],"version-history":[{"count":0,"href":"https:\/\/fmtinkunaco.ar\/index.php?rest_route=\/wp\/v2\/posts\/5569\/revisions"}],"wp:featuredmedia":[{"embeddable":true,"href":"https:\/\/fmtinkunaco.ar\/index.php?rest_route=\/"}],"wp:attachment":[{"href":"https:\/\/fmtinkunaco.ar\/index.php?rest_route=%2Fwp%2Fv2%2Fmedia&parent=5569"}],"wp:term":[{"taxonomy":"category","embeddable":true,"href":"https:\/\/fmtinkunaco.ar\/index.php?rest_route=%2Fwp%2Fv2%2Fcategories&post=5569"},{"taxonomy":"post_tag","embeddable":true,"href":"https:\/\/fmtinkunaco.ar\/index.php?rest_route=%2Fwp%2Fv2%2Ftags&post=5569"}],"curies":[{"name":"wp","href":"https:\/\/api.w.org\/{rel}","templated":true}]}}