{"id":5571,"date":"2023-06-23T10:52:57","date_gmt":"2023-06-23T13:52:57","guid":{"rendered":"https:\/\/fmtinkunaco.com.ar\/?p=5571"},"modified":"2023-06-23T10:52:57","modified_gmt":"2023-06-23T13:52:57","slug":"el-tren-san-martin-anuncio-que-volvera-al-cronograma-de-horarios-de-inicio-de-este-ano","status":"publish","type":"post","link":"https:\/\/fmtinkunaco.ar\/?p=5571","title":{"rendered":"El tren San Mart\u00edn anunci\u00f3 que volver\u00e1 al cronograma de horarios de inicio de este a\u00f1o"},"content":{"rendered":"<p>Desde febrero de este a\u00f1o el ferrocarril San Mart\u00edn funciona con un cronograma de emergencia con frecuencia entre formaciones de d\u00edas domingos y feriados pero para todos los d\u00edas.<br \/>\nSeg\u00fan un comunicado interno, dirigido a sus trabajadores, <strong>desde el pr\u00f3ximo lunes 26 de junio regresar\u00eda el cronograma de horarios n\u00famero 8<\/strong>. Este cronograma, que dej\u00f3 de estar vigente el 9 de febrero, plantea m\u00e1s servicios de lunes a viernes y el cronograma actual solo para los fines de semana.<\/p>\n<p>M\u00e1s all\u00e1 de los deseos de los propios trabajadores de la l\u00ednea San Mart\u00edn, son ellos quienes advierten que las condiciones no est\u00e1n dadas para que se pueda cumplir el cronograma anunciado en las \u00faltimas horas.<\/p>\n<p>Alejandro Alvite, trabajador del ferrocarril San Mart\u00edn e integrante del Movimiento Nacional Ferroviario, sostuvo que <em>\u201cen realidad para la implementaci\u00f3n de este itinerario n\u00famero 8 se requieren 14 locomotoras con 14 formaciones m\u00ednimo para ser efectivo, los d\u00edas de semana, lo van a implementar con 12 locomotoras en el mejor de los casos con 11 formaciones, eso quiere decir que de por si va haber cancelaciones y suspensiones de servicios porque no va a haber con qu\u00e9 hacerlos circular. Actualmente los trenes est\u00e1n circulando con un cronograma de domingos y feriados, quiere decir que ese servicio de domingos y feriados se aplica todos los d\u00edas hoy indistintamente. A partir de la pr\u00f3xima semana solamente lo aplicar\u00edan s\u00e1bados y domingos. Con esto lo que pretenden es que haya m\u00e1s trenes los d\u00edas de semana. Pero es una pretensi\u00f3n absurda porque si tenes hoy en d\u00eda un servicio de domingos y feriados, que quiere decir que hay menos trenes, y no lo podes cumplir menos vas a poder cumplir lo otro\u201d<\/em><\/p>\n<p>Mientras tanto los pasajeros y pasajeras celebran que al menos circulen algunas formaciones m\u00e1s, sobre todo en hora pico.<\/p>\n<p>Entrevista completa realizada en el noticiero Encuentro con las Noticias<\/p>\n<p><a href=\"https:\/\/archive.org\/details\/audio-alejandro-alvite-monafe-23-06\">Descargar<\/a><\/p>\n<audio class=\"wp-audio-shortcode\" id=\"audio-5571-2\" preload=\"none\" style=\"width: 100%;\" controls=\"controls\"><source type=\"audio\/mpeg\" src=\"https:\/\/archive.org\/download\/audio-alejandro-alvite-monafe-23-06\/AUDIO%20-%20ALEJANDRO%20ALVITE%20%28MONAFE%29%2023%2006%20.mp3?_=2\" \/><a href=\"https:\/\/archive.org\/download\/audio-alejandro-alvite-monafe-23-06\/AUDIO%20-%20ALEJANDRO%20ALVITE%20%28MONAFE%29%2023%2006%20.mp3\">https:\/\/archive.org\/download\/audio-alejandro-alvite-monafe-23-06\/AUDIO%20-%20ALEJANDRO%20ALVITE%20%28MONAFE%29%2023%2006%20.mp3<\/a><\/audio>\n<div class=\"powerpress_player\" id=\"powerpress_player_5655\"><audio class=\"wp-audio-shortcode\" id=\"audio-5571-1\" preload=\"none\" style=\"width: 100%;\" controls=\"controls\"><source type=\"audio\/mpeg\" src=\"https:\/\/archive.org\/download\/audio-alejandro-alvite-monafe-23-06\/AUDIO%20-%20ALEJANDRO%20ALVITE%20%28MONAFE%29%2023%2006%20.mp3?_=1\" \/><a href=\"https:\/\/archive.org\/download\/audio-alejandro-alvite-monafe-23-06\/AUDIO%20-%20ALEJANDRO%20ALVITE%20%28MONAFE%29%2023%2006%20.mp3\">https:\/\/archive.org\/download\/audio-alejandro-alvite-monafe-23-06\/AUDIO%20-%20ALEJANDRO%20ALVITE%20%28MONAFE%29%2023%2006%20.mp3<\/a><\/audio><\/div><p class=\"powerpress_links powerpress_links_mp3\" style=\"margin-bottom: 1px !important;\">Podcast: <a href=\"https:\/\/archive.org\/download\/audio-alejandro-alvite-monafe-23-06\/AUDIO%20-%20ALEJANDRO%20ALVITE%20%28MONAFE%29%2023%2006%20.mp3\" class=\"powerpress_link_pinw\" target=\"_blank\" title=\"Reproducir en una nueva ventana\" onclick=\"return powerpress_pinw('https:\/\/fmtinkunaco.ar\/?powerpress_pinw=5571-podcast');\" rel=\"nofollow\">Reproducir en una nueva ventana<\/a> | <a href=\"https:\/\/archive.org\/download\/audio-alejandro-alvite-monafe-23-06\/AUDIO%20-%20ALEJANDRO%20ALVITE%20%28MONAFE%29%2023%2006%20.mp3\" class=\"powerpress_link_d\" title=\"Descargar\" rel=\"nofollow\" download=\"AUDIO%20-%20ALEJANDRO%20ALVITE%20%28MONAFE%29%2023%2006%20.mp3\">Descargar<\/a><\/p>","protected":false},"excerpt":{"rendered":"<p>Desde febrero de este a\u00f1o el ferrocarril San Mart\u00edn funciona con un cronograma de emergencia con frecuencia entre formaciones de d\u00edas domingos y feriados pero para todos los d\u00edas. Seg\u00fan un comunicado interno, dirigido a sus trabajadores, desde el pr\u00f3ximo lunes 26 de junio regresar\u00eda el cronograma de horarios n\u00famero 8. Este cronograma, que dej\u00f3 [&hellip;]<\/p>\n","protected":false},"author":1,"featured_media":4047,"comment_status":"open","ping_status":"open","sticky":false,"template":"","format":"standard","meta":{"footnotes":""},"categories":[9],"tags":[],"class_list":["post-5571","post","type-post","status-publish","format-standard","has-post-thumbnail","hentry","category-sociedad"],"_links":{"self":[{"href":"https:\/\/fmtinkunaco.ar\/index.php?rest_route=\/wp\/v2\/posts\/5571","targetHints":{"allow":["GET"]}}],"collection":[{"href":"https:\/\/fmtinkunaco.ar\/index.php?rest_route=\/wp\/v2\/posts"}],"about":[{"href":"https:\/\/fmtinkunaco.ar\/index.php?rest_route=\/wp\/v2\/types\/post"}],"author":[{"embeddable":true,"href":"https:\/\/fmtinkunaco.ar\/index.php?rest_route=\/wp\/v2\/users\/1"}],"replies":[{"embeddable":true,"href":"https:\/\/fmtinkunaco.ar\/index.php?rest_route=%2Fwp%2Fv2%2Fcomments&post=5571"}],"version-history":[{"count":0,"href":"https:\/\/fmtinkunaco.ar\/index.php?rest_route=\/wp\/v2\/posts\/5571\/revisions"}],"wp:featuredmedia":[{"embeddable":true,"href":"https:\/\/fmtinkunaco.ar\/index.php?rest_route=\/"}],"wp:attachment":[{"href":"https:\/\/fmtinkunaco.ar\/index.php?rest_route=%2Fwp%2Fv2%2Fmedia&parent=5571"}],"wp:term":[{"taxonomy":"category","embeddable":true,"href":"https:\/\/fmtinkunaco.ar\/index.php?rest_route=%2Fwp%2Fv2%2Fcategories&post=5571"},{"taxonomy":"post_tag","embeddable":true,"href":"https:\/\/fmtinkunaco.ar\/index.php?rest_route=%2Fwp%2Fv2%2Ftags&post=5571"}],"curies":[{"name":"wp","href":"https:\/\/api.w.org\/{rel}","templated":true}]}}