{"id":5592,"date":"2023-06-28T13:51:33","date_gmt":"2023-06-28T16:51:33","guid":{"rendered":"https:\/\/fmtinkunaco.com.ar\/?p=5592"},"modified":"2023-06-28T13:51:33","modified_gmt":"2023-06-28T16:51:33","slug":"la-asociacion-civil-de-agentes-multiplicadores-de-salud-reempradrona-a-sus-socios-y-socias","status":"publish","type":"post","link":"https:\/\/fmtinkunaco.ar\/?p=5592","title":{"rendered":"La Asociaci\u00f3n Civil de Agentes Multiplicadores de Salud reempradrona a sus socios y socias"},"content":{"rendered":"<p>La Asociaci\u00f3n Civil de Agentes Multiplicadores de Salud (AMS) convoca a todas las personas socias de la instituci\u00f3n a reempadronarse, en el marco del expediente de normalizaci\u00f3n Nro. 21.209-147699, fiscalizado por la Direcci\u00f3n Provincial de Personas Jur\u00eddicas.<\/p>\n<p>Podes acercarte del lunes 26 de junio a viernes 30 de junio de 2023 en el horario de 11 a 15hs y los d\u00edas s\u00e1bado 01 y domingo 02 de julio en el horario de 10 a 12hs en la sede social de la entidad ubicada en la calle Ayacucho 558, esquina P\u00e1ez (Barrio Primavera, Jos\u00e9 C. Paz) y\/o mediante env\u00edo de e-mail a la casilla de correo <a href=\"mailto:acamsdejcp@gmail.com\">acamsdejcp@gmail.com<\/a>.<\/p>\n<p>Norma Rodr\u00edguez, integrante de la Asociaci\u00f3n Civil de Agentes Multiplicadores de Salud, se refiri\u00f3 a esta iniciativa <em>\u201cLos AMS son personas de las comunidades que trabajan dentro de cada comunidad, algunos est\u00e1n trabajando dentro del sistema sanitario pero otros trabajan en otras organizaciones y prestan un servicio comunitario en cada barrio. (\u2026) Y ahora lo que queremos es reempadronarnos porque \u00faltimamente quedo ac\u00e9fala la asociaci\u00f3n por problemas administrativos, uno de los problemas que tenemos es no tener un lugar f\u00edsico donde pueda estar todo el grupo trabajando, entonces nos trasladamos de un lado a otro y en ese trasladar hubo algunos problemas, por eso hoy estamos reempadronando a todos los asociados\u201d.<\/em><\/p>\n<p>Rodr\u00edguez, adem\u00e1s, hizo referencia a la cantidad de AMS que estiman que desarrollan sus actividades en el territorio <em>\u201cSocios somos aproximadamente 100 pero de AMS hay unas 300 personas trabajando en distintos lugares, no solamente ac\u00e1 en el partido de Jos\u00e9. C. Paz sino en Malvinas, en San Miguel, en otras provincias, que son AMS que egresaron de la escuela de agentes multiplicadores y de nuestra organizaci\u00f3n, somos much\u00edsima gente capacitada, preparada para trabajar en esto\u201d.<\/em><\/p>\n<p>Para el reempadronamiento se tendr\u00e1 que acreditar la identidad con foto o fotocopia de tu DNI y se podr\u00e1 actualizar los datos de contacto y la forma de pago de las cuotas sociales.<br \/>\nPosteriormente, se convocar\u00e1 a una asamblea de socias y socias para aprobar memorias, balances y elegir nuevas autoridades.<\/p>\n<p>Entrevista completa realizada en el noticiero Encuentro con las Noticias<\/p>\n<p><a href=\"https:\/\/archive.org\/details\/audio-norma-rodriguez-28-06-2023\">Descargar<\/a><\/p>\n<audio class=\"wp-audio-shortcode\" id=\"audio-5592-2\" preload=\"none\" style=\"width: 100%;\" controls=\"controls\"><source type=\"audio\/mpeg\" src=\"https:\/\/archive.org\/download\/audio-norma-rodriguez-28-06-2023\/AUDIO%20-%20NORMA%20RODRIGUEZ%2028%2006%202023.mp3?_=2\" \/><a href=\"https:\/\/archive.org\/download\/audio-norma-rodriguez-28-06-2023\/AUDIO%20-%20NORMA%20RODRIGUEZ%2028%2006%202023.mp3\">https:\/\/archive.org\/download\/audio-norma-rodriguez-28-06-2023\/AUDIO%20-%20NORMA%20RODRIGUEZ%2028%2006%202023.mp3<\/a><\/audio>\n<div class=\"powerpress_player\" id=\"powerpress_player_6260\"><audio class=\"wp-audio-shortcode\" id=\"audio-5592-1\" preload=\"none\" style=\"width: 100%;\" controls=\"controls\"><source type=\"audio\/mpeg\" src=\"https:\/\/archive.org\/download\/audio-norma-rodriguez-28-06-2023\/AUDIO%20-%20NORMA%20RODRIGUEZ%2028%2006%202023.mp3?_=1\" \/><a href=\"https:\/\/archive.org\/download\/audio-norma-rodriguez-28-06-2023\/AUDIO%20-%20NORMA%20RODRIGUEZ%2028%2006%202023.mp3\">https:\/\/archive.org\/download\/audio-norma-rodriguez-28-06-2023\/AUDIO%20-%20NORMA%20RODRIGUEZ%2028%2006%202023.mp3<\/a><\/audio><\/div><p class=\"powerpress_links powerpress_links_mp3\" style=\"margin-bottom: 1px !important;\">Podcast: <a href=\"https:\/\/archive.org\/download\/audio-norma-rodriguez-28-06-2023\/AUDIO%20-%20NORMA%20RODRIGUEZ%2028%2006%202023.mp3\" class=\"powerpress_link_pinw\" target=\"_blank\" title=\"Reproducir en una nueva ventana\" onclick=\"return powerpress_pinw('https:\/\/fmtinkunaco.ar\/?powerpress_pinw=5592-podcast');\" rel=\"nofollow\">Reproducir en una nueva ventana<\/a> | <a href=\"https:\/\/archive.org\/download\/audio-norma-rodriguez-28-06-2023\/AUDIO%20-%20NORMA%20RODRIGUEZ%2028%2006%202023.mp3\" class=\"powerpress_link_d\" title=\"Descargar\" rel=\"nofollow\" download=\"AUDIO%20-%20NORMA%20RODRIGUEZ%2028%2006%202023.mp3\">Descargar<\/a><\/p>","protected":false},"excerpt":{"rendered":"<p>La Asociaci\u00f3n Civil de Agentes Multiplicadores de Salud (AMS) convoca a todas las personas socias de la instituci\u00f3n a reempadronarse, en el marco del expediente de normalizaci\u00f3n Nro. 21.209-147699, fiscalizado por la Direcci\u00f3n Provincial de Personas Jur\u00eddicas. Podes acercarte del lunes 26 de junio a viernes 30 de junio de 2023 en el horario de [&hellip;]<\/p>\n","protected":false},"author":1,"featured_media":5593,"comment_status":"open","ping_status":"open","sticky":false,"template":"","format":"standard","meta":{"footnotes":""},"categories":[7],"tags":[],"class_list":["post-5592","post","type-post","status-publish","format-standard","has-post-thumbnail","hentry","category-salud"],"_links":{"self":[{"href":"https:\/\/fmtinkunaco.ar\/index.php?rest_route=\/wp\/v2\/posts\/5592","targetHints":{"allow":["GET"]}}],"collection":[{"href":"https:\/\/fmtinkunaco.ar\/index.php?rest_route=\/wp\/v2\/posts"}],"about":[{"href":"https:\/\/fmtinkunaco.ar\/index.php?rest_route=\/wp\/v2\/types\/post"}],"author":[{"embeddable":true,"href":"https:\/\/fmtinkunaco.ar\/index.php?rest_route=\/wp\/v2\/users\/1"}],"replies":[{"embeddable":true,"href":"https:\/\/fmtinkunaco.ar\/index.php?rest_route=%2Fwp%2Fv2%2Fcomments&post=5592"}],"version-history":[{"count":0,"href":"https:\/\/fmtinkunaco.ar\/index.php?rest_route=\/wp\/v2\/posts\/5592\/revisions"}],"wp:featuredmedia":[{"embeddable":true,"href":"https:\/\/fmtinkunaco.ar\/index.php?rest_route=\/"}],"wp:attachment":[{"href":"https:\/\/fmtinkunaco.ar\/index.php?rest_route=%2Fwp%2Fv2%2Fmedia&parent=5592"}],"wp:term":[{"taxonomy":"category","embeddable":true,"href":"https:\/\/fmtinkunaco.ar\/index.php?rest_route=%2Fwp%2Fv2%2Fcategories&post=5592"},{"taxonomy":"post_tag","embeddable":true,"href":"https:\/\/fmtinkunaco.ar\/index.php?rest_route=%2Fwp%2Fv2%2Ftags&post=5592"}],"curies":[{"name":"wp","href":"https:\/\/api.w.org\/{rel}","templated":true}]}}